{"id":371517,"date":"2025-09-06T21:20:17","date_gmt":"2025-09-06T21:20:17","guid":{"rendered":"https:\/\/www.europesays.com\/fr\/371517\/"},"modified":"2025-09-06T21:20:17","modified_gmt":"2025-09-06T21:20:17","slug":"le-rct-lance-idealement-sa-saison-avec-une-victoire-a-montpellier-17-27","status":"publish","type":"post","link":"https:\/\/www.europesays.com\/fr\/371517\/","title":{"rendered":"Le RCT lance id\u00e9alement sa saison avec une victoire \u00e0 Montpellier (17-27)"},"content":{"rendered":"<p>Pierre Mignoni et son staff avaient pr\u00e9par\u00e9 leur plan avec soin, et Toulon l\u2019a ex\u00e9cut\u00e9 presque naturellement en s\u2019imposant sur la pelouse de Montpellier.<\/p>\n<p>Une premi\u00e8re mi-temps parfaite<\/p>\n<p>D\u00e8s la premi\u00e8re p\u00e9riode, les Varois ont frapp\u00e9 fort: trois essais sign\u00e9s Dr\u00e9an, Mercer et Domon, une domination nette (24-3 \u00e0 la pause) qui a rapidement \u00e9touff\u00e9 tout espoir de r\u00e9volte montpelli\u00e9raine.<\/p>\n<p>Au retour des vestiaires, vex\u00e9s, les H\u00e9raultais se sont enfin r\u00e9veill\u00e9s et ont inscrit un premier essai (10-24). Mais leur enthousiasme s\u2019est heurt\u00e9 \u00e0 une d\u00e9fense toulonnaise intraitable, les emp\u00eachant d\u2019encha\u00eener les temps de jeu. Toulon, serein malgr\u00e9 une possession r\u00e9duite, a continu\u00e9 \u00e0 g\u00e9rer. Domon, une nouvelle fois, a creus\u00e9 l\u2019\u00e9cart au pied (10-27).<\/p>\n<p>Rendez-vous samedi \u00e0 Mayol contre Castres<\/p>\n<p>Dans le dernier quart d\u2019heure, Montpellier a pouss\u00e9. Profitant de l\u2019exclusion temporaire de Gigashvili, les locaux ont r\u00e9duit l\u2019\u00e9cart gr\u00e2ce \u00e0 leur nouvel arri\u00e8re Banks (17-27). Mais malgr\u00e9 leurs efforts, ils n\u2019ont pas r\u00e9ussi \u00e0 arracher un troisi\u00e8me essai, synonyme de bonus d\u00e9fensif.<\/p>\n<p>Au final, Toulon signe une victoire solide, construite sur une premi\u00e8re mi-temps de r\u00e9f\u00e9rence. Reste d\u00e9sormais \u00e0 confirmer samedi prochain, au stade Mayol (21 h), face \u00e0 Castres, battu de justesse \u00e0 domicile par Pau (15-17).<\/p>\n","protected":false},"excerpt":{"rendered":"Pierre Mignoni et son staff avaient pr\u00e9par\u00e9 leur plan avec soin, et Toulon l\u2019a ex\u00e9cut\u00e9 presque naturellement en&hellip;\n","protected":false},"author":2,"featured_media":371518,"comment_status":"","ping_status":"","sticky":false,"template":"","format":"standard","meta":{"footnotes":""},"categories":[9599],"tags":[1111,11,1777,674,1011,27,2208,12,2680,25,479,60],"class_list":{"0":"post-371517","1":"post","2":"type-post","3":"status-publish","4":"format-standard","5":"has-post-thumbnail","7":"category-montpellier","8":"tag-actu","9":"tag-actualites","10":"tag-eu","11":"tag-europe","12":"tag-fr","13":"tag-france","14":"tag-montpellier","15":"tag-news","16":"tag-occitanie","17":"tag-republique-francaise","18":"tag-rugby","19":"tag-sports"},"share_on_mastodon":{"url":"https:\/\/pubeurope.com\/@fr\/115159447835664713","error":""},"_links":{"self":[{"href":"https:\/\/www.europesays.com\/fr\/wp-json\/wp\/v2\/posts\/371517","targetHints":{"allow":["GET"]}}],"collection":[{"href":"https:\/\/www.europesays.com\/fr\/wp-json\/wp\/v2\/posts"}],"about":[{"href":"https:\/\/www.europesays.com\/fr\/wp-json\/wp\/v2\/types\/post"}],"author":[{"embeddable":true,"href":"https:\/\/www.europesays.com\/fr\/wp-json\/wp\/v2\/users\/2"}],"replies":[{"embeddable":true,"href":"https:\/\/www.europesays.com\/fr\/wp-json\/wp\/v2\/comments?post=371517"}],"version-history":[{"count":0,"href":"https:\/\/www.europesays.com\/fr\/wp-json\/wp\/v2\/posts\/371517\/revisions"}],"wp:featuredmedia":[{"embeddable":true,"href":"https:\/\/www.europesays.com\/fr\/wp-json\/wp\/v2\/media\/371518"}],"wp:attachment":[{"href":"https:\/\/www.europesays.com\/fr\/wp-json\/wp\/v2\/media?parent=371517"}],"wp:term":[{"taxonomy":"category","embeddable":true,"href":"https:\/\/www.europesays.com\/fr\/wp-json\/wp\/v2\/categories?post=371517"},{"taxonomy":"post_tag","embeddable":true,"href":"https:\/\/www.europesays.com\/fr\/wp-json\/wp\/v2\/tags?post=371517"}],"curies":[{"name":"wp","href":"https:\/\/api.w.org\/{rel}","templated":true}]}}