{"id":371520,"date":"2025-09-06T21:24:11","date_gmt":"2025-09-06T21:24:11","guid":{"rendered":"https:\/\/www.europesays.com\/fr\/371520\/"},"modified":"2025-09-06T21:24:11","modified_gmt":"2025-09-06T21:24:11","slug":"5-questions-a-oceane-averty-echosciences","status":"publish","type":"post","link":"https:\/\/www.europesays.com\/fr\/371520\/","title":{"rendered":"5 questions \u00e0&#8230; Oc\u00e9ane Averty | ECHOSCIENCES"},"content":{"rendered":"<p data-end=\"430\" data-start=\"122\">\u00c0 travers cette s\u00e9rie, nous mettons en lumi\u00e8re les chercheurs et chercheuses qui participent \u00e0 la F\u00eate de la science 2025 en Is\u00e8re. L\u2019objectif : d\u00e9couvrir leur parcours, comprendre leur m\u00e9tier et mieux appr\u00e9hender les enjeux de leurs recherches.<\/p>\n<p data-start=\"432\" data-end=\"834\">Suite de la s\u00e9rie avec <b>Oc\u00e9ane Averty<\/b>, Doctorante au\u00a0Laboratoire de g\u00e9nie des proc\u00e9d\u00e9s pour la bioraffinerie, les mat\u00e9riaux bio-sourc\u00e9s et l\u2019impression fonctionnelle (<a href=\"https:\/\/lgp2.grenoble-inp.fr\/\" target=\"_blank\" rel=\"nofollow noopener\">LGP2<\/a>\ufeff).<\/p>\n<p data-end=\"834\" data-start=\"432\"><a href=\"https:\/\/www.echosciences-grenoble.fr\/communautes\/fete-de-la-science-en-isere\/dossiers\/fete-de-la-science-2025-en-isere-intelligence-s\" rel=\"nofollow noopener\" target=\"_blank\">Retrouvez toutes les informations sur la F\u00eate de la science 2025 en Is\u00e8re<\/a>\u00a0<\/p>\n<p>1. Qu\u2019est-ce qui vous a donn\u00e9 envie de faire de la recherche ?<\/p>\n<p>J&rsquo;ai d\u00e9velopp\u00e9 au cours de mon cursus scolaire une solide volont\u00e9 de changer le monde des emballages, car beaucoup trop de d\u00e9chets plastiques y sont g\u00e9n\u00e9r\u00e9s chaque ann\u00e9e, rendant n\u00e9faste leur impact sur la biodiversit\u00e9. C&rsquo;est ainsi que j&rsquo;ai choisi de faire un stage en laboratoire pour d\u00e9velopper un emballage nouvelle g\u00e9n\u00e9ration, qui soit biosourc\u00e9, biod\u00e9gradable et recyclable. C&rsquo;est surtout l&rsquo;id\u00e9e de pouvoir agir concr\u00e8tement, de pouvoir apporter ma pierre \u00e0 l&rsquo;\u00e9difice face \u00e0 cette probl\u00e9matique environnementale qui m&rsquo;a pouss\u00e9 dans le monde de la recherche.<\/p>\n<p>2. Sur quoi portent vos recherches en ce moment ?<\/p>\n<p>Aujourd&rsquo;hui je suis doctorante et je poursuis le projet de ce stage. Face aux nouvelles r\u00e9glementations europ\u00e9ennes sur les emballages plastiques, des plus en plus d&rsquo;entreprises cherchent des solutions. La plus \u00e9vidente est de passer du plastique au papier. Mais le papier n&rsquo;a pas les m\u00eames propri\u00e9t\u00e9s que le plastique ! Alors je cherche \u00e0 faire en sorte qu&rsquo;il ait des propri\u00e9t\u00e9s similaires, sans ajout de plastique, pour qu&rsquo;il garde ses pr\u00e9cieuses propri\u00e9t\u00e9s de recyclabilit\u00e9 et de d\u00e9gradabilit\u00e9.<\/p>\n<p>3. Y a-t-il une id\u00e9e re\u00e7ue que vous aimeriez voir dispara\u00eetre dans votre domaine ?<\/p>\n<p>Dans le domaine papetier, on est souvent per\u00e7u comme \u00ab\u00a0pas assez scientifiques\u00a0\u00bb, mais \u00eatre scientifique ou faire de la science, ce n&rsquo;est pas se cantonner \u00e0 de la physique fondamentale, de la chimie ou des math\u00e9matiques. C&rsquo;est un raisonnement, une approche, une r\u00e9flexion. C&rsquo;est avant tout de la curiosit\u00e9. Savoir se poser des questions, poser un probl\u00e8me, trouver les cl\u00e9s pour le r\u00e9soudre, et se reposer des questions sur notre approche parce que en fait c&rsquo;\u00e9tait peut-\u00eatre pas la meilleure et on recommence.<\/p>\n<p>4. Comment participez-vous \u00e0 la F\u00eate de la science cette ann\u00e9e ?<\/p>\n<p>Cette ann\u00e9e j&rsquo;ai d\u00e9cid\u00e9 de faire de la m\u00e9diation scientifique dans les \u00e9coles. Je souhaite montrer aux enfants que la science est partout, que les femmes autant que les hommes peuvent \u00eatre scientifiques et qu&rsquo;en \u00e9tant un tant soit peu attentif en classe, \u00eatre scientifique c&rsquo;est accessible \u00e0 tous et toutes.<\/p>\n<p>5. Menez-vous des actions de m\u00e9diation scientifique aupr\u00e8s du grand public en dehors de la F\u00eate de la science ? Si oui, sous quelle forme ?<\/p>\n<p>Je n&rsquo;en m\u00e8ne pas particuli\u00e8rement, mais j&rsquo;aime beaucoup le festival <a href=\"https:\/\/pintofscience.fr\/\" target=\"_blank\" rel=\"nofollow noopener\">Pint of Science<\/a>\ufeff, qui a lieu en mai chaque ann\u00e9e dans plusieurs villes de France et m\u00eame du monde ! C&rsquo;est une super opportunit\u00e9 de d\u00e9couvrir et de comprendre ce qui se fait dans le monde de la recherche aujourd&rsquo;hui.<\/p>\n<p>\ud83e\udde0 Question bonus :\u00a0Si vous deviez repr\u00e9senter l\u2019intelligence avec un objet ou une image, que choisiriez-vous ?<\/p>\n<p>L&rsquo;image de la pieuvre me pla\u00eet beaucoup car c&rsquo;est un animal qui s&rsquo;adapte \u00e0 son environnement. Elle change de couleur, de taille, de texture en fonction de l\u00e0 o\u00f9 elle est. Savoir s&rsquo;adapter fait partie de l&rsquo;intelligence.<\/p>\n<p>Pour en savoir plus :\u00a0<a href=\"https:\/\/www.echosciences-grenoble.fr\/communautes\/fete-de-la-science-en-isere\/dossiers\/5-questions-a-pour-la-fete-de-la-science-2025-en-isere\" target=\"_blank\" rel=\"nofollow noopener\">d\u00e9couvrez le reste de la s\u00e9rie dans ce dossier<\/a><\/p>\n","protected":false},"excerpt":{"rendered":"\u00c0 travers cette s\u00e9rie, nous mettons en lumi\u00e8re les chercheurs et chercheuses qui participent \u00e0 la F\u00eate de&hellip;\n","protected":false},"author":2,"featured_media":371521,"comment_status":"","ping_status":"","sticky":false,"template":"","format":"standard","meta":{"footnotes":""},"categories":[9566],"tags":[1111,11,2430,1777,674,1011,27,2731,12,25],"class_list":{"0":"post-371520","1":"post","2":"type-post","3":"status-publish","4":"format-standard","5":"has-post-thumbnail","7":"category-grenoble","8":"tag-actu","9":"tag-actualites","10":"tag-auvergne-rhone-alpes","11":"tag-eu","12":"tag-europe","13":"tag-fr","14":"tag-france","15":"tag-grenoble","16":"tag-news","17":"tag-republique-francaise"},"share_on_mastodon":{"url":"https:\/\/pubeurope.com\/@fr\/115159463600547707","error":""},"_links":{"self":[{"href":"https:\/\/www.europesays.com\/fr\/wp-json\/wp\/v2\/posts\/371520","targetHints":{"allow":["GET"]}}],"collection":[{"href":"https:\/\/www.europesays.com\/fr\/wp-json\/wp\/v2\/posts"}],"about":[{"href":"https:\/\/www.europesays.com\/fr\/wp-json\/wp\/v2\/types\/post"}],"author":[{"embeddable":true,"href":"https:\/\/www.europesays.com\/fr\/wp-json\/wp\/v2\/users\/2"}],"replies":[{"embeddable":true,"href":"https:\/\/www.europesays.com\/fr\/wp-json\/wp\/v2\/comments?post=371520"}],"version-history":[{"count":0,"href":"https:\/\/www.europesays.com\/fr\/wp-json\/wp\/v2\/posts\/371520\/revisions"}],"wp:featuredmedia":[{"embeddable":true,"href":"https:\/\/www.europesays.com\/fr\/wp-json\/wp\/v2\/media\/371521"}],"wp:attachment":[{"href":"https:\/\/www.europesays.com\/fr\/wp-json\/wp\/v2\/media?parent=371520"}],"wp:term":[{"taxonomy":"category","embeddable":true,"href":"https:\/\/www.europesays.com\/fr\/wp-json\/wp\/v2\/categories?post=371520"},{"taxonomy":"post_tag","embeddable":true,"href":"https:\/\/www.europesays.com\/fr\/wp-json\/wp\/v2\/tags?post=371520"}],"curies":[{"name":"wp","href":"https:\/\/api.w.org\/{rel}","templated":true}]}}