{"id":371522,"date":"2025-09-06T21:25:09","date_gmt":"2025-09-06T21:25:09","guid":{"rendered":"https:\/\/www.europesays.com\/fr\/371522\/"},"modified":"2025-09-06T21:25:09","modified_gmt":"2025-09-06T21:25:09","slug":"une-cinquantaine-de-tombes-degradees-par-un-jeune-homme","status":"publish","type":"post","link":"https:\/\/www.europesays.com\/fr\/371522\/","title":{"rendered":"une cinquantaine de tombes d\u00e9grad\u00e9es par un jeune homme"},"content":{"rendered":"<p itemprop=\"description\"><strong>Ce vendredi soir, c&rsquo;est un peu par hasard que de jeunes habitants de Froges ont pu mettre fin \u00e0 d&rsquo;importantes d\u00e9gradations dans le cimeti\u00e8re de la commune.<\/strong><\/p>\n<p>De retour du Stade des Alpes pour assister \u00e0 FCG-Aurillac, ils ont entendu du bruit dans le cimeti\u00e8re et ont surpris un individu en train de d\u00e9grader des tombes en cassant des crucifix, des croix ou encore de petites statuettes. Au total, une cinquantaine de tombes ont subi ses foudres.<\/p>\n<p>Les jeunes ont ma\u00eetris\u00e9 l&rsquo;homme \u00e2g\u00e9 de 22 ans avant de le remettre aux gendarmes. Plac\u00e9 en garde \u00e0 vue, il s&rsquo;agit d&rsquo;un ancien habitant de Froges.<\/p>\n<p>Le parquet de Grenoble a indiqu\u00e9 que durant son interrogatoire, il avait reconnu \u00eatre venu se venger apr\u00e8s avoir pass\u00e9 une \u00ab\u00a0enfance difficile\u00a0\u00bb dans la commune is\u00e9roise. Son objectif \u00e9tait d'\u00a0\u00bbext\u00e9rioriser sa col\u00e8re en s&rsquo;en prenant \u00e0 des \u00e9l\u00e9ments religieux \u00e9voquant Dieu\u00a0\u00bb.<\/p>\n<p>Une expertise psychiatrique a \u00e9t\u00e9 demand\u00e9e.<\/p>\n<p>Pendant ce temps, la mairie de Froges est en train d&rsquo;identifier les proches des d\u00e9funts dont les tombes ont \u00e9t\u00e9 d\u00e9grad\u00e9es.<\/p>\n","protected":false},"excerpt":{"rendered":"Ce vendredi soir, c&rsquo;est un peu par hasard que de jeunes habitants de Froges ont pu mettre fin&hellip;\n","protected":false},"author":2,"featured_media":371523,"comment_status":"","ping_status":"","sticky":false,"template":"","format":"standard","meta":{"footnotes":""},"categories":[9566],"tags":[1111,11,7733,8279,2430,7736,650,7734,2889,2263,1777,674,1011,27,2731,8280,6417,1114,108,4662,12,3725,1825,25,7737],"class_list":{"0":"post-371522","1":"post","2":"type-post","3":"status-publish","4":"format-standard","5":"has-post-thumbnail","7":"category-grenoble","8":"tag-actu","9":"tag-actualites","10":"tag-alpes","11":"tag-alpes1","12":"tag-auvergne-rhone-alpes","13":"tag-cds","14":"tag-cinema","15":"tag-ecoute","16":"tag-emission","17":"tag-equipe","18":"tag-eu","19":"tag-europe","20":"tag-fr","21":"tag-france","22":"tag-grenoble","23":"tag-haute","24":"tag-information","25":"tag-infos","26":"tag-isere","27":"tag-journal","28":"tag-news","29":"tag-podcast","30":"tag-radio","31":"tag-republique-francaise","32":"tag-winamp"},"share_on_mastodon":{"url":"https:\/\/pubeurope.com\/@fr\/115159467481288785","error":""},"_links":{"self":[{"href":"https:\/\/www.europesays.com\/fr\/wp-json\/wp\/v2\/posts\/371522","targetHints":{"allow":["GET"]}}],"collection":[{"href":"https:\/\/www.europesays.com\/fr\/wp-json\/wp\/v2\/posts"}],"about":[{"href":"https:\/\/www.europesays.com\/fr\/wp-json\/wp\/v2\/types\/post"}],"author":[{"embeddable":true,"href":"https:\/\/www.europesays.com\/fr\/wp-json\/wp\/v2\/users\/2"}],"replies":[{"embeddable":true,"href":"https:\/\/www.europesays.com\/fr\/wp-json\/wp\/v2\/comments?post=371522"}],"version-history":[{"count":0,"href":"https:\/\/www.europesays.com\/fr\/wp-json\/wp\/v2\/posts\/371522\/revisions"}],"wp:featuredmedia":[{"embeddable":true,"href":"https:\/\/www.europesays.com\/fr\/wp-json\/wp\/v2\/media\/371523"}],"wp:attachment":[{"href":"https:\/\/www.europesays.com\/fr\/wp-json\/wp\/v2\/media?parent=371522"}],"wp:term":[{"taxonomy":"category","embeddable":true,"href":"https:\/\/www.europesays.com\/fr\/wp-json\/wp\/v2\/categories?post=371522"},{"taxonomy":"post_tag","embeddable":true,"href":"https:\/\/www.europesays.com\/fr\/wp-json\/wp\/v2\/tags?post=371522"}],"curies":[{"name":"wp","href":"https:\/\/api.w.org\/{rel}","templated":true}]}}