{"id":371524,"date":"2025-09-06T21:28:12","date_gmt":"2025-09-06T21:28:12","guid":{"rendered":"https:\/\/www.europesays.com\/fr\/371524\/"},"modified":"2025-09-06T21:28:12","modified_gmt":"2025-09-06T21:28:12","slug":"lequipe-feminine-arrache-un-match-nul-merite-contre-rennes","status":"publish","type":"post","link":"https:\/\/www.europesays.com\/fr\/371524\/","title":{"rendered":"l&rsquo;\u00e9quipe f\u00e9minine arrache un match nul m\u00e9rit\u00e9 contre Rennes"},"content":{"rendered":"<p>Ce samedi \u00e0 20 heures au Parnasse, l\u2019USAM N\u00eemes Gard N\u00eemoises r\u00e9ussissait ses premiers pas en Division 2 f\u00e9minine en signant un pr\u00e9cieux match nul. Une accession au haut niveau professionnel obtenue en seulement trois saisons, apr\u00e8s une ascension continue et couronn\u00e9e par deux Coupes de France.<\/p>\n<p>Lors de cette premi\u00e8re journ\u00e9e de championnat, les joueuses de Gr\u00e9goire Detrez affrontaient Saint-Gr\u00e9goire Rennes M\u00e9tropole, un collectif exp\u00e9riment\u00e9 et bien implant\u00e9 en D2. L\u2019entra\u00eeneur usamiste savait combien cette soir\u00e9e inaugurale compterait dans le lancement de la saison, apr\u00e8s une pr\u00e9paration jalonn\u00e9e de matchs amicaux face \u00e0 des formations de D1 et de D2, lors de laquelle le staff a voulu confronter l\u2019\u00e9quipe au niveau qui l\u2019attend cette saison.<\/p>\n<p>Premier acte \u00e9gal<\/p>\n<p>D\u00e8s le d\u00e9but du match les N\u00eemoises prennent le match par le bon bout et tiennent t\u00eate \u00e0 cette \u00e9quipe de Rennes aux gabarits impressionnants. H\u00e9ro\u00efques en d\u00e9fense notamment avec la gardienne de but et capitaine Laurie Carretero, les Gardoises r\u00e9ussissent non seulement \u00e0 tenir le choc, mais en plus \u00e0 passer devant \u00e0 la mi-temps du premier acte (11-10, 16e).<\/p>\n<p>\n\t<img decoding=\"async\" src=\"https:\/\/www.europesays.com\/fr\/wp-content\/uploads\/2025\/09\/1757194092_233_image.jpg\" alt=\"handball usam feminines vs rennes (yp)\"\/><\/p>\n<p>\t\t\t\t\tMouna Chebbah a marqu\u00e9 11 buts ce soir (ici sur penalty)<br \/>\n\t\t\t\t\t\t\t\t \u2022 <strong>Photo Yannick Pons<\/strong><\/p>\n<p>Les Bretonnes \u00e9galisent en fin de premi\u00e8re p\u00e9riode (14-14, 28e). Mouna Chebbah assure le spectacle avec cinq buts et \u00e0 l\u2019aile No\u00e9mie Artaud et L\u00e9a Buiscuit engrangent les points en attaque. Les filles de l&rsquo;Usam font preuve d&rsquo;abn\u00e9gation en d\u00e9fense, soutenues par un\u00a0public tout acquis \u00e0 leur cause. C\u2019est la mi-temps (16-16).<\/p>\n<p>Retour des vestiaires<\/p>\n<p>Au retour des vestiaires, Chebbah marque sur penalty et place ensuite Roelandt en orbite, les N\u00eemoises survolt\u00e9es s\u2019\u00e9chappent (18-16, 32e) mais perdent rapidement leurs deux longueurs d\u2019avance. Les Rennaises passent devant et s\u2019envolent (18-21, 37e). Les joueuses de Gr\u00e9goire Detrez ne paniquent pas et restent \u00e0 port\u00e9e de leur adversaire (24-26, 45e).<\/p>\n<p>L\u2019arri\u00e8re droite Renault fait trembler les filets de belle mani\u00e8re et ram\u00e8ne son \u00e9quipe \u00e0 une longueur (26-27, 48e). Les exploits de Carretero dans les buts permettent \u00e0 la Green team de conserver leur adversaire \u00e0 port\u00e9e. Chebbah tire, la gardienne adverse arr\u00eate le ballon, mais le met dans son embut, \u00e9galisation ! (28-28, 53e). Cette derni\u00e8re est exclue pendant deux minutes, mais les Bretonnes ne profitent pas de leur sup\u00e9riorit\u00e9 num\u00e9rique et se heurtent \u00e0 la d\u00e9fense n\u00eemoise.<\/p>\n<p>\n\t<img decoding=\"async\" src=\"https:\/\/www.europesays.com\/fr\/wp-content\/uploads\/2025\/09\/1757194092_741_image.jpg\" alt=\"handball usam feminines vs rennes (yp)\"\/><\/p>\n<p>\t\t\t\t\tNoemie Artaud \u00e0 l&rsquo;aile (5 buts)<br \/>\n\t\t\t\t\t\t\t\t \u2022 <strong>Photo Yannick Pons<\/strong><\/p>\n<p>En toute fin de match, un arr\u00eat de Carretero sauve les N\u00eemoises qui arrachent un match nul m\u00e9rit\u00e9 (31-31). Les joueuses, impatientes depuis la reprise, ont g\u00e9r\u00e9 correctement leurs \u00e9motions et ont livr\u00e9 une rude bataille. En face, Rennes se pr\u00e9sentait avec de belles individualit\u00e9s et des recrues solides. Au-del\u00e0 du r\u00e9sultat tr\u00e8s encourageant, cette rencontre s\u2019inscrit dans un processus d\u2019apprentissage \u00e9tape par \u00e9tape, au rythme d\u2019un championnat dans lequel chaque match comptera pour les N\u00eemoises qui continuent leur ascension. Elles pourront savourer un repos bien m\u00e9rit\u00e9 avant la prochaine journ\u00e9e de championnat qui implique un d\u00e9placement \u00e0 B\u00e8gles pour le match contre le Club Athl\u00e9tique B\u00e8glais.<\/p>\n<p><strong>Feuille de match : score 31-31.<\/strong><\/p>\n<p data-end=\"284\" data-start=\"145\"><strong data-end=\"169\" data-start=\"145\">Handball D2 f\u00e9minine<\/strong><br data-end=\"172\" data-start=\"169\"\/><br \/>\n<strong data-end=\"228\" data-start=\"172\">USAM N\u00eemes Gard \u2013 Saint-Gr\u00e9goire Rennes M\u00e9tropole HB<\/strong><br data-end=\"231\" data-start=\"228\"\/><br \/>\nSamedi 6 septembre 2025 \u2013 Parnasse \u00e0 N\u00eemes<\/p>\n<p data-end=\"284\" data-start=\"145\">Arbitres : Morgan Dechambenoy et Hugo Couval.<br \/>Spectateurs : 1 200.<\/p>\n<p data-end=\"284\" data-start=\"145\"><strong>USAM N\u00eemes Gard<\/strong><br data-end=\"223\" data-start=\"220\"\/><br \/>\nChloe Roelandt (2), Marjorie Demunck (4), Anna Hantz (5), Lily Baldet (8), Noemie Artaud (10), Laurie Fontaine-Carretero (12), Louane Degermann (15), Samantha Priou (17), Lea Biscuit (18), Kincso Gerhath (19), Mouna Chebbah (20), Leslie Renault (26), Juliette Biscuit (30), Zeina Raymond (77).<\/p>\n<p data-end=\"284\" data-start=\"145\"><strong>Staff :<\/strong> Gr\u00e9goire Detrez, Elvine Granier, Thierry Pachaire, David Morel, Clara Batsik<\/p>\n<p data-end=\"646\" data-start=\"442\">\u00a0<\/p><\/p>\n","protected":false},"excerpt":{"rendered":"Ce samedi \u00e0 20 heures au Parnasse, l\u2019USAM N\u00eemes Gard N\u00eemoises r\u00e9ussissait ses premiers pas en Division 2&hellip;\n","protected":false},"author":2,"featured_media":371525,"comment_status":"","ping_status":"","sticky":false,"template":"","format":"standard","meta":{"footnotes":""},"categories":[2821],"tags":[1111,11,829,1777,674,1011,27,12,584,25],"class_list":{"0":"post-371524","1":"post","2":"type-post","3":"status-publish","4":"format-standard","5":"has-post-thumbnail","7":"category-rennes","8":"tag-actu","9":"tag-actualites","10":"tag-bretagne","11":"tag-eu","12":"tag-europe","13":"tag-fr","14":"tag-france","15":"tag-news","16":"tag-rennes","17":"tag-republique-francaise"},"share_on_mastodon":{"url":"https:\/\/pubeurope.com\/@fr\/115159479830848626","error":""},"_links":{"self":[{"href":"https:\/\/www.europesays.com\/fr\/wp-json\/wp\/v2\/posts\/371524","targetHints":{"allow":["GET"]}}],"collection":[{"href":"https:\/\/www.europesays.com\/fr\/wp-json\/wp\/v2\/posts"}],"about":[{"href":"https:\/\/www.europesays.com\/fr\/wp-json\/wp\/v2\/types\/post"}],"author":[{"embeddable":true,"href":"https:\/\/www.europesays.com\/fr\/wp-json\/wp\/v2\/users\/2"}],"replies":[{"embeddable":true,"href":"https:\/\/www.europesays.com\/fr\/wp-json\/wp\/v2\/comments?post=371524"}],"version-history":[{"count":0,"href":"https:\/\/www.europesays.com\/fr\/wp-json\/wp\/v2\/posts\/371524\/revisions"}],"wp:featuredmedia":[{"embeddable":true,"href":"https:\/\/www.europesays.com\/fr\/wp-json\/wp\/v2\/media\/371525"}],"wp:attachment":[{"href":"https:\/\/www.europesays.com\/fr\/wp-json\/wp\/v2\/media?parent=371524"}],"wp:term":[{"taxonomy":"category","embeddable":true,"href":"https:\/\/www.europesays.com\/fr\/wp-json\/wp\/v2\/categories?post=371524"},{"taxonomy":"post_tag","embeddable":true,"href":"https:\/\/www.europesays.com\/fr\/wp-json\/wp\/v2\/tags?post=371524"}],"curies":[{"name":"wp","href":"https:\/\/api.w.org\/{rel}","templated":true}]}}