{"id":371526,"date":"2025-09-06T21:29:24","date_gmt":"2025-09-06T21:29:24","guid":{"rendered":"https:\/\/www.europesays.com\/fr\/371526\/"},"modified":"2025-09-06T21:29:24","modified_gmt":"2025-09-06T21:29:24","slug":"schiltigheim-un-adolescent-atteint-par-un-coup-de-couteau-enquete-en-cours","status":"publish","type":"post","link":"https:\/\/www.europesays.com\/fr\/371526\/","title":{"rendered":"Schiltigheim. Un adolescent atteint par un coup de couteau\u00a0: enqu\u00eate en cours"},"content":{"rendered":"<p>Une altercation entre plusieurs jeunes a \u00e9clat\u00e9 \u00e0 proximit\u00e9 du coll\u00e8ge Rouget-de-Lisle, rue du B\u00e9arn, \u00e0 Schiltigheim, ce vendredi 5\u00a0septembre vers 13\u00a0h. Au cours de la bagarre, un des jeunes a \u00e9t\u00e9 atteint par un coup de couteau, tandis que le ou les agresseurs ont pris la fuite.<\/p>\n<p>Bless\u00e9, le jeune homme de 17 ans a \u00e9t\u00e9 pris en charge par les secours et transport\u00e9 \u00e0 l\u2019h\u00f4pital. Aucune indication quant \u00e0 son \u00e9tat de sant\u00e9 n\u2019a \u00e9t\u00e9 donn\u00e9e. D\u2019apr\u00e8s certains t\u00e9moins, les protagonistes de la rixe ne faisaient pas partie de l\u2019\u00e9tablissement scolaire.<\/p>\n<p>Une enqu\u00eate est en cours au sein de la division criminelle territoriale.<\/p>\n","protected":false},"excerpt":{"rendered":"Une altercation entre plusieurs jeunes a \u00e9clat\u00e9 \u00e0 proximit\u00e9 du coll\u00e8ge Rouget-de-Lisle, rue du B\u00e9arn, \u00e0 Schiltigheim, ce&hellip;\n","protected":false},"author":2,"featured_media":371527,"comment_status":"","ping_status":"","sticky":false,"template":"","format":"standard","meta":{"footnotes":""},"categories":[2820],"tags":[1111,11,2389,2649,2880,1777,674,274,107,1011,27,775,12,25,5512,640,3265],"class_list":{"0":"post-371526","1":"post","2":"type-post","3":"status-publish","4":"format-standard","5":"has-post-thumbnail","7":"category-strasbourg","8":"tag-actu","9":"tag-actualites","10":"tag-alsace","11":"tag-bas-rhin","12":"tag-edition-strasbourg","13":"tag-eu","14":"tag-europe","15":"tag-faits-divers-justice","16":"tag-fil-info","17":"tag-fr","18":"tag-france","19":"tag-grand-est","20":"tag-news","21":"tag-republique-francaise","22":"tag-schiltigheim","23":"tag-strasbourg","24":"tag-strasbourg-nord"},"share_on_mastodon":{"url":"https:\/\/pubeurope.com\/@fr\/115159483268390029","error":""},"_links":{"self":[{"href":"https:\/\/www.europesays.com\/fr\/wp-json\/wp\/v2\/posts\/371526","targetHints":{"allow":["GET"]}}],"collection":[{"href":"https:\/\/www.europesays.com\/fr\/wp-json\/wp\/v2\/posts"}],"about":[{"href":"https:\/\/www.europesays.com\/fr\/wp-json\/wp\/v2\/types\/post"}],"author":[{"embeddable":true,"href":"https:\/\/www.europesays.com\/fr\/wp-json\/wp\/v2\/users\/2"}],"replies":[{"embeddable":true,"href":"https:\/\/www.europesays.com\/fr\/wp-json\/wp\/v2\/comments?post=371526"}],"version-history":[{"count":0,"href":"https:\/\/www.europesays.com\/fr\/wp-json\/wp\/v2\/posts\/371526\/revisions"}],"wp:featuredmedia":[{"embeddable":true,"href":"https:\/\/www.europesays.com\/fr\/wp-json\/wp\/v2\/media\/371527"}],"wp:attachment":[{"href":"https:\/\/www.europesays.com\/fr\/wp-json\/wp\/v2\/media?parent=371526"}],"wp:term":[{"taxonomy":"category","embeddable":true,"href":"https:\/\/www.europesays.com\/fr\/wp-json\/wp\/v2\/categories?post=371526"},{"taxonomy":"post_tag","embeddable":true,"href":"https:\/\/www.europesays.com\/fr\/wp-json\/wp\/v2\/tags?post=371526"}],"curies":[{"name":"wp","href":"https:\/\/api.w.org\/{rel}","templated":true}]}}