{"id":371528,"date":"2025-09-06T21:30:13","date_gmt":"2025-09-06T21:30:13","guid":{"rendered":"https:\/\/www.europesays.com\/fr\/371528\/"},"modified":"2025-09-06T21:30:13","modified_gmt":"2025-09-06T21:30:13","slug":"p1000-gpadel-strasbourg-les-favoris-au-rendez-vous-des-demi-finales","status":"publish","type":"post","link":"https:\/\/www.europesays.com\/fr\/371528\/","title":{"rendered":"P1000 Gpadel Strasbourg \u2013 les favoris au rendez-vous des demi-finales"},"content":{"rendered":"<p>Les quarts de finale ont livr\u00e9 leur verdict ce samedi et on conna\u00eet d\u00e9sormais les <strong>quatre paires qualifi\u00e9es<\/strong> pour le dernier carr\u00e9 du <strong>P1000 Gpadel Strasbourg<\/strong>, \u00e0 suivre en direct d\u00e8s <strong>10h sur Padel Mag TV<\/strong>.<\/p>\n<p>Muesser \/ Wagner d\u00e9roulent<\/p>\n<p>Impressionnants depuis le d\u00e9but du tournoi, <strong>Yanis Muesser et Simon Wagner<\/strong> n\u2019ont laiss\u00e9 aucune chance \u00e0 <strong>Maxence Gaillard et Cl\u00e9ment Wolff<\/strong>. Solides dans tous les compartiments du jeu, les Alsaciens s\u2019imposent 6\/1 6\/2 et confirment leur statut de<strong> favoris<\/strong>.<\/p>\n<p>Motz \/ Ledrap au forceps<\/p>\n<p>Dans le deuxi\u00e8me quart, <strong>Julien Motz et Guillaume Ledrap<\/strong> dominent <strong>Gaylord Messin et Lo\u00efc Schneider<\/strong> 6\/1 6\/4. Malgr\u00e9 un match d\u00e9cousu et quelques frustrations c\u00f4t\u00e9 Motz, Ledrap a fait la diff\u00e9rence par sa r\u00e9gularit\u00e9.<\/p>\n<p>Les autres qualifi\u00e9s<\/p>\n<p>La paire <strong>Coirault \/ Brechemeier<\/strong> a pris le meilleur sur <strong>Groll \/ Garcia<\/strong>, tandis que <strong>Olivier \/ Baud<\/strong> ont domin\u00e9 <strong>Deknuydt \/ Morvan<\/strong> pour s\u2019offrir une place en demi-finale.<\/p>\n<p>Le programme des demies<\/p>\n<p>On retrouvera donc deux belles affiches dimanche matin :<\/p>\n<ul class=\"wp-block-list\">\n<li><strong>Muesser \/ Wagner<\/strong> vs <strong><strong>Coirault \/ Brechemeier<\/strong><\/strong><\/li>\n<li><strong>Olivier \/ Baud<\/strong> vs <strong>Motz \/ Ledrap<\/strong><\/li>\n<\/ul>\n<p><img loading=\"lazy\" decoding=\"async\" data-del=\"avatar\" alt=\"Benjamin Dupouy\" src=\"https:\/\/www.europesays.com\/fr\/wp-content\/uploads\/2025\/04\/IMG_5219-150x150.jpg\" class=\"avatar pp-user-avatar avatar-100 photo \" height=\"100\" width=\"100\"\/><\/p>\n<p>J\u2019ai d\u00e9couvert le padel directement lors d\u2019un tournoi, et franchement, je n\u2019ai pas trop accroch\u00e9 au d\u00e9but. Mais la deuxi\u00e8me fois, \u00e7a a \u00e9t\u00e9 le coup de foudre, et depuis, je ne rate plus un seul match. Je suis m\u00eame pr\u00eat \u00e0 rester \u00e9veill\u00e9 jusqu\u2019\u00e0 3h du matin pour regarder une finale de Premier Padel !<\/p>\n<p class=\"related-title\">Sur le m\u00eame sujet<\/p>\n","protected":false},"excerpt":{"rendered":"Les quarts de finale ont livr\u00e9 leur verdict ce samedi et on conna\u00eet d\u00e9sormais les quatre paires qualifi\u00e9es&hellip;\n","protected":false},"author":2,"featured_media":371529,"comment_status":"","ping_status":"","sticky":false,"template":"","format":"standard","meta":{"footnotes":""},"categories":[2820],"tags":[1111,11,1777,674,1011,27,775,12,50562,25,640],"class_list":{"0":"post-371528","1":"post","2":"type-post","3":"status-publish","4":"format-standard","5":"has-post-thumbnail","7":"category-strasbourg","8":"tag-actu","9":"tag-actualites","10":"tag-eu","11":"tag-europe","12":"tag-fr","13":"tag-france","14":"tag-grand-est","15":"tag-news","16":"tag-premier-padel-p1-de-madrid","17":"tag-republique-francaise","18":"tag-strasbourg"},"share_on_mastodon":{"url":"https:\/\/pubeurope.com\/@fr\/115159487280502301","error":""},"_links":{"self":[{"href":"https:\/\/www.europesays.com\/fr\/wp-json\/wp\/v2\/posts\/371528","targetHints":{"allow":["GET"]}}],"collection":[{"href":"https:\/\/www.europesays.com\/fr\/wp-json\/wp\/v2\/posts"}],"about":[{"href":"https:\/\/www.europesays.com\/fr\/wp-json\/wp\/v2\/types\/post"}],"author":[{"embeddable":true,"href":"https:\/\/www.europesays.com\/fr\/wp-json\/wp\/v2\/users\/2"}],"replies":[{"embeddable":true,"href":"https:\/\/www.europesays.com\/fr\/wp-json\/wp\/v2\/comments?post=371528"}],"version-history":[{"count":0,"href":"https:\/\/www.europesays.com\/fr\/wp-json\/wp\/v2\/posts\/371528\/revisions"}],"wp:featuredmedia":[{"embeddable":true,"href":"https:\/\/www.europesays.com\/fr\/wp-json\/wp\/v2\/media\/371529"}],"wp:attachment":[{"href":"https:\/\/www.europesays.com\/fr\/wp-json\/wp\/v2\/media?parent=371528"}],"wp:term":[{"taxonomy":"category","embeddable":true,"href":"https:\/\/www.europesays.com\/fr\/wp-json\/wp\/v2\/categories?post=371528"},{"taxonomy":"post_tag","embeddable":true,"href":"https:\/\/www.europesays.com\/fr\/wp-json\/wp\/v2\/tags?post=371528"}],"curies":[{"name":"wp","href":"https:\/\/api.w.org\/{rel}","templated":true}]}}