{"id":371531,"date":"2025-09-06T21:32:10","date_gmt":"2025-09-06T21:32:10","guid":{"rendered":"https:\/\/www.europesays.com\/fr\/371531\/"},"modified":"2025-09-06T21:32:10","modified_gmt":"2025-09-06T21:32:10","slug":"les-trois-militants-pro-palestiniens-relaches-sans-poursuite-a-ce-stade","status":"publish","type":"post","link":"https:\/\/www.europesays.com\/fr\/371531\/","title":{"rendered":"les trois militants pro-palestiniens rel\u00e2ch\u00e9s sans poursuite \u00ab\u00a0\u00e0 ce stade\u00a0\u00bb"},"content":{"rendered":"<p>D&rsquo;apr\u00e8s le procureur de la R\u00e9publique, l&rsquo;examen des images de vid\u00e9osurveillance n&rsquo;a pas permis de caract\u00e9riser une quelconque tentative d&rsquo;intrusion.<\/p>\n<p>Les trois militants pro-palestiniens qui avaient tent\u00e9 jeudi \u00e0 Nice, selon les premiers \u00e9l\u00e9ments de l&rsquo;enqu\u00eate, <a href=\"https:\/\/www.bfmtv.com\/police-justice\/trois-militants-pro-palestiniens-en-garde-a-vue-pour-avoir-tente-de-s-introduire-de-force-dans-une-synagogue-a-nice_AD-202509040955.html\" title=\"Trois militants pro-palestiniens en garde \u00e0 vue pour avoir tent\u00e9 de s&#039;introduire de force dans une synagogue \u00e0 Nice\" class=\"internal_link\" rel=\"nofollow noopener\" target=\"_blank\">de p\u00e9n\u00e9trer dans une synagogue<\/a> en prof\u00e9rant des injures \u00e0 caract\u00e8re antis\u00e9mite et en commettant des violences ont \u00e9t\u00e9 rel\u00e2ch\u00e9s, aucune poursuite n&rsquo;\u00e9tant retenue \u00e0 leur encontre \u00ab\u00a0\u00e0 ce stade\u00a0\u00bb, a indiqu\u00e9 samedi 6 septembre le parquet de Nice.<\/p>\n<p>\u00ab\u00a0Au regard de la n\u00e9cessit\u00e9 de proc\u00e9der \u00e0 d&rsquo;autres investigations, notamment des auditions, tant sur les faits de violences d\u00e9nonc\u00e9es que sur les injures et provocations \u00e0 caract\u00e8re antis\u00e9mite susceptibles d&rsquo;avoir \u00e9t\u00e9 commises, l&rsquo;enqu\u00eate va se poursuivre dans un cadre pr\u00e9liminaire\u00a0\u00bb, pr\u00e9cise Damien Martinelli, procureur de la R\u00e9publique, en soulignant que l&rsquo;examen des images de vid\u00e9osurveillance n&rsquo;a pas permis de caract\u00e9riser une quelconque tentative d&rsquo;intrusion.<\/p>\n<p>\u00ab\u00a0\u00c9changes virulents\u00a0\u00bb \u00ab\u00a0sans actes de violences caract\u00e9ris\u00e9es\u00a0\u00bb<\/p>\n<p>Ces m\u00eames images montrent, selon le magistrat, des \u00ab\u00a0\u00e9changes virulents\u00a0\u00bb avec les personnes pr\u00e9sentes pr\u00e8s de la synagogue, mais \u00ab\u00a0sans actes de violences caract\u00e9ris\u00e9es\u00a0\u00bb.<\/p>\n<p>Lors de l&rsquo;audition, les personnes mises en cause ont ni\u00e9 \u00ab\u00a0avoir commis des violences et avoir tenu des propos antis\u00e9mites\u00a0\u00bb, ajoute-t-il, deux d&rsquo;entre elles indiquant \u00ab\u00a0avoir \u00e9t\u00e9 insult\u00e9es et avoir re\u00e7u des crachats\u00a0\u00bb.<\/p>\n<blockquote class=\"embed embed_quote\"><p>L&rsquo;enqu\u00eate pr\u00e9liminaire va \u00ab\u00a0tenter d&rsquo;identifier les organisateurs de ce rassemblement susceptible de constituer une manifestation illicite qui para\u00eet assez clairement s&rsquo;inscrire au regard de certains \u00e9l\u00e9ments r\u00e9unis dans une strat\u00e9gie de tension\u00a0\u00bb, pr\u00e9cise Damien Martinelli.<\/p><\/blockquote>\n<p>Jeudi, quatre personnes s&rsquo;\u00e9taient pr\u00e9sent\u00e9es devant l&rsquo;entr\u00e9e de cette synagogue de la communaut\u00e9 Loubavitch o\u00f9 se tenait une r\u00e9union d&rsquo;informations sur l&rsquo;alyah, l&rsquo;immigration des juifs en Isra\u00ebl, les membres de ce groupe \u00e9tant \u00ab\u00a0porteurs de deux drapeaux et d&rsquo;une pancarte sur laquelle \u00e9tait mentionn\u00e9 &lsquo;pas l&rsquo;aliah (sic) sur les terres palestiniennes stop g\u00e9nocide'\u00a0\u00bb, note le magistrat.<\/p>\n<p>Sans lien avec ces faits, un homme de nationalit\u00e9 suisse, qui avait \u00e9t\u00e9 interpell\u00e9 vendredi apr\u00e8s avoir insult\u00e9 un rabbin \u00e0 proximit\u00e9 de la promenade des Anglais, a \u00e9t\u00e9 convoqu\u00e9 devant le tribunal correctionnel, le 5 mars 2026, pour r\u00e9pondre de faits d&rsquo;injures publiques \u00e0 raison de la religion, indique par ailleurs le parquet.<\/p>\n<p>Le mis en cause n&rsquo;a pas contest\u00e9 en garde \u00e0 vue les insultes mais a ni\u00e9 la dimension antis\u00e9mite de son comportement, indiquant qu&rsquo;il pensait avoir reconnu une personne avec qui il avait d\u00e9j\u00e0 eu une altercation.<\/p>\n","protected":false},"excerpt":{"rendered":"D&rsquo;apr\u00e8s le procureur de la R\u00e9publique, l&rsquo;examen des images de vid\u00e9osurveillance n&rsquo;a pas permis de caract\u00e9riser une quelconque&hellip;\n","protected":false},"author":2,"featured_media":371532,"comment_status":"","ping_status":"","sticky":false,"template":"","format":"standard","meta":{"footnotes":""},"categories":[2819],"tags":[1111,11,1777,674,1011,27,12,2401,882,25],"class_list":{"0":"post-371531","1":"post","2":"type-post","3":"status-publish","4":"format-standard","5":"has-post-thumbnail","7":"category-nice","8":"tag-actu","9":"tag-actualites","10":"tag-eu","11":"tag-europe","12":"tag-fr","13":"tag-france","14":"tag-news","15":"tag-nice","16":"tag-provence-alpes-cote-dazur","17":"tag-republique-francaise"},"share_on_mastodon":{"url":"https:\/\/pubeurope.com\/@fr\/115159495053445605","error":""},"_links":{"self":[{"href":"https:\/\/www.europesays.com\/fr\/wp-json\/wp\/v2\/posts\/371531","targetHints":{"allow":["GET"]}}],"collection":[{"href":"https:\/\/www.europesays.com\/fr\/wp-json\/wp\/v2\/posts"}],"about":[{"href":"https:\/\/www.europesays.com\/fr\/wp-json\/wp\/v2\/types\/post"}],"author":[{"embeddable":true,"href":"https:\/\/www.europesays.com\/fr\/wp-json\/wp\/v2\/users\/2"}],"replies":[{"embeddable":true,"href":"https:\/\/www.europesays.com\/fr\/wp-json\/wp\/v2\/comments?post=371531"}],"version-history":[{"count":0,"href":"https:\/\/www.europesays.com\/fr\/wp-json\/wp\/v2\/posts\/371531\/revisions"}],"wp:featuredmedia":[{"embeddable":true,"href":"https:\/\/www.europesays.com\/fr\/wp-json\/wp\/v2\/media\/371532"}],"wp:attachment":[{"href":"https:\/\/www.europesays.com\/fr\/wp-json\/wp\/v2\/media?parent=371531"}],"wp:term":[{"taxonomy":"category","embeddable":true,"href":"https:\/\/www.europesays.com\/fr\/wp-json\/wp\/v2\/categories?post=371531"},{"taxonomy":"post_tag","embeddable":true,"href":"https:\/\/www.europesays.com\/fr\/wp-json\/wp\/v2\/tags?post=371531"}],"curies":[{"name":"wp","href":"https:\/\/api.w.org\/{rel}","templated":true}]}}