{"id":371533,"date":"2025-09-06T21:33:51","date_gmt":"2025-09-06T21:33:51","guid":{"rendered":"https:\/\/www.europesays.com\/fr\/371533\/"},"modified":"2025-09-06T21:33:51","modified_gmt":"2025-09-06T21:33:51","slug":"grand-ouest-trois-jeunes-arretes-apres-une-serie-de-cambriolages-de-boutiques-de-telephones","status":"publish","type":"post","link":"https:\/\/www.europesays.com\/fr\/371533\/","title":{"rendered":"Grand Ouest : trois jeunes arr\u00eat\u00e9s apr\u00e8s une s\u00e9rie de cambriolages de boutiques de t\u00e9l\u00e9phones"},"content":{"rendered":"<p><img decoding=\"async\" class=\"\" style=\"width:100%\" src=\"https:\/\/www.europesays.com\/fr\/wp-content\/uploads\/2025\/09\/2_1024x7681757050190027.jpg\" alt=\"Vol de t\u00e9l\u00e9phones portables\"\/><\/p>\n<p>Vol de t\u00e9l\u00e9phones portables<\/p>\n<p data-start=\"441\" data-end=\"652\">De mai \u00e0 ao\u00fbt 2025, une \u00e9quipe a d\u00e9valis\u00e9 des commerces en Loire-Atlantique, Maine-et-Loire, Sarthe, Vend\u00e9e, Morbihan et Ille-et-Vilaine. Le pr\u00e9judice d\u00e9passe 100 000 \u20ac, avec des dizaines de smartphones vol\u00e9s.<\/p>\n<p>Ch\u00e2teaubriant, point de d\u00e9part de l\u2019enqu\u00eate<\/p>\n<p data-start=\"703\" data-end=\"1036\">L\u2019affaire d\u00e9bute en mai 2025 avec le cambriolage d\u2019un magasin Bouygues Telecom \u00e0 Ch\u00e2teaubriant : 30 t\u00e9l\u00e9phones disparaissent en une nuit, pour 20 000 \u20ac de pertes. D\u00e8s lors, les gendarmes de Nantes et le groupe d\u2019intervention des ph\u00e9nom\u00e8nes s\u00e9riels (Gips) enqu\u00eatent. En quatre mois, 17 vols confirm\u00e9s et 11 tentatives sont recens\u00e9s.<\/p>\n<p>Une traque \u00e0 hauts risques<\/p>\n<p data-start=\"1070\" data-end=\"1284\">Le 30 mai, un suspect refuse d\u2019obtemp\u00e9rer et provoque un accident sur le p\u00e9riph\u00e9rique nantais. L\u2019automobiliste percut\u00e9 obtient 30 jours d\u2019ITT. Le conducteur prend la fuite mais reste dans le viseur des gendarmes.<\/p>\n<p>L\u2019arrestation des suspects<\/p>\n<p data-start=\"1318\" data-end=\"1687\">Mardi 2 septembre, deux hommes de 19 et 22 ans et un mineur de 15 ans sont arr\u00eat\u00e9s dans un camp de l\u2019agglom\u00e9ration nantaise. Le premier est poursuivi pour les 28 cambriolages. Le second, d\u00e9j\u00e0 condamn\u00e9 en 2023, aurait particip\u00e9 \u00e0 quatre faits et d\u00e9bloquait les t\u00e9l\u00e9phones. Le mineur est suspect\u00e9 d\u2019un vol avec effraction et de d\u00e9gradations dans des stations de lavage.<\/p>\n<p>Les suites judiciaires<\/p>\n<p data-start=\"1717\" data-end=\"1887\">Pr\u00e9sent\u00e9s au parquet le 4 septembre, les deux majeurs doivent \u00eatre jug\u00e9s en comparution imm\u00e9diate le 5 septembre. Le plus jeune est convoqu\u00e9 devant un juge des enfants.<\/p>\n","protected":false},"excerpt":{"rendered":"Vol de t\u00e9l\u00e9phones portables De mai \u00e0 ao\u00fbt 2025, une \u00e9quipe a d\u00e9valis\u00e9 des commerces en Loire-Atlantique, Maine-et-Loire,&hellip;\n","protected":false},"author":2,"featured_media":371534,"comment_status":"","ping_status":"","sticky":false,"template":"","format":"standard","meta":{"footnotes":""},"categories":[2818],"tags":[1111,11,28368,829,16823,1777,674,118,462,1106,1011,27,848,1922,6417,1114,13289,2217,28369,3047,3729,766,12,2636,1833,584,25,3272,517,3087,2546],"class_list":{"0":"post-371533","1":"post","2":"type-post","3":"status-publish","4":"format-standard","5":"has-post-thumbnail","7":"category-nantes","8":"tag-actu","9":"tag-actualites","10":"tag-bain-de-bretagne","11":"tag-bretagne","12":"tag-chateaubriant","13":"tag-eu","14":"tag-europe","15":"tag-faits-divers","16":"tag-fc-nantes","17":"tag-flash","18":"tag-fr","19":"tag-france","20":"tag-ille-et-vilaine","21":"tag-info","22":"tag-information","23":"tag-infos","24":"tag-la-roche-sur-yon","25":"tag-la-rochelle","26":"tag-les-sables-d-olonnes","27":"tag-loire-atlantique","28":"tag-morbihan","29":"tag-nantes","30":"tag-news","31":"tag-pays-de-la-loire","32":"tag-redaction","33":"tag-rennes","34":"tag-republique-francaise","35":"tag-saint-nazaire","36":"tag-sport","37":"tag-stade-rennais","38":"tag-vendee"},"share_on_mastodon":{"url":"https:\/\/pubeurope.com\/@fr\/115159503160628652","error":""},"_links":{"self":[{"href":"https:\/\/www.europesays.com\/fr\/wp-json\/wp\/v2\/posts\/371533","targetHints":{"allow":["GET"]}}],"collection":[{"href":"https:\/\/www.europesays.com\/fr\/wp-json\/wp\/v2\/posts"}],"about":[{"href":"https:\/\/www.europesays.com\/fr\/wp-json\/wp\/v2\/types\/post"}],"author":[{"embeddable":true,"href":"https:\/\/www.europesays.com\/fr\/wp-json\/wp\/v2\/users\/2"}],"replies":[{"embeddable":true,"href":"https:\/\/www.europesays.com\/fr\/wp-json\/wp\/v2\/comments?post=371533"}],"version-history":[{"count":0,"href":"https:\/\/www.europesays.com\/fr\/wp-json\/wp\/v2\/posts\/371533\/revisions"}],"wp:featuredmedia":[{"embeddable":true,"href":"https:\/\/www.europesays.com\/fr\/wp-json\/wp\/v2\/media\/371534"}],"wp:attachment":[{"href":"https:\/\/www.europesays.com\/fr\/wp-json\/wp\/v2\/media?parent=371533"}],"wp:term":[{"taxonomy":"category","embeddable":true,"href":"https:\/\/www.europesays.com\/fr\/wp-json\/wp\/v2\/categories?post=371533"},{"taxonomy":"post_tag","embeddable":true,"href":"https:\/\/www.europesays.com\/fr\/wp-json\/wp\/v2\/tags?post=371533"}],"curies":[{"name":"wp","href":"https:\/\/api.w.org\/{rel}","templated":true}]}}