{"id":371535,"date":"2025-09-06T21:34:43","date_gmt":"2025-09-06T21:34:43","guid":{"rendered":"https:\/\/www.europesays.com\/fr\/371535\/"},"modified":"2025-09-06T21:34:43","modified_gmt":"2025-09-06T21:34:43","slug":"une-legende-du-fc-nantes-honoree-par-la-parution-dun-livre-06-09-2025-a-1534","status":"publish","type":"post","link":"https:\/\/www.europesays.com\/fr\/371535\/","title":{"rendered":"Une l\u00e9gende du FC Nantes honor\u00e9e par la parution d\u2019un livre &#8211; 06\/09\/2025 \u00e0 15:34"},"content":{"rendered":"<p>        <img fetchpriority=\"high\" decoding=\"async\" src=\"https:\/\/www.europesays.com\/fr\/wp-content\/uploads\/2025\/09\/f7e393bd0e4c0a4da1e64f311bb3167b-760x507.jpg\" alt=\"Une l\u00e9gende du FC Nantes honor\u00e9e par la parution d\u2019un livre\" loading=\"eager\" width=\"760\" height=\"507\" style=\"max-width: 100%!important; height: auto;\"\/><\/p>\n<p class=\"c-image-news__legend\">Une l\u00e9gende du FC Nantes honor\u00e9e par la parution d\u2019un livre<\/p>\n<p>\n En 2018, Philippe Daguillon, pr\u00e9parateur physique historique du FC Nantes et de l\u2019\u00e9quipe de France, nous quittait des suites d\u2019une longue maladie. Pour honorer sa m\u00e9moire, un ouvrage intitul\u00e9<\/p>\n<p>  \u00ab\u202fDans la foul\u00e9e de Dag\u202f\u00bb<\/p>\n<p> , \u00e9crit par Alexis Vergereau (confr\u00e8re de<\/p>\n<p>  Ouest-France<\/p>\n<p> ) va ainsi para\u00eetre ce dimanche 7 septembre. Ce livre retrace l\u2019ensemble de carri\u00e8re de Philippe Daguillon, qui a pass\u00e9 pr\u00e8s de 33 saisons de carri\u00e8re \u00e0 Nantes. Jean-Claude Suaudeau, Didier Deschamps, Marcel Desailly, Raynald Denoueix, Claude Mak\u00e9l\u00e9l\u00e9, Jorge Burruchaga, Jean-Pierre Papin, Alain Giresse et de nombreuses autre figures du football nantais et fran\u00e7ais ont ainsi particip\u00e9 \u00e0 son \u00e9laboration, par diff\u00e9rents t\u00e9moignages.\n<\/p>\n<p>\n Un recueil historique donc, \u00e0 para\u00eetre le jour de la quatri\u00e8me \u00e9dition de La Dag, une course \u00e0 pied caritative (2500 participants), \u00e9galement institu\u00e9e en l\u2019honneur de Daguillon et dont les fonds sont revers\u00e9s au CHU de Nantes et \u00e0 l\u2019Institut de Canc\u00e9rologie de l\u2019Ouest. Des fonds qui permettront d\u2019avancer dans la recherche contre le cancer, mais \u00e9galement d\u2019am\u00e9liorer le quotidien des personnes malades.\u2026\n<\/p>\n<p>\n <strong><br \/>\n  AB pour SOFOOT.com<br \/>\n <\/strong>\n<\/p>\n<p><a data-tag-commander-click=\"{&quot;label&quot;: &quot;articles::lire_la_suite_site_partenaire::so_foot::une_legende_du_fc_nantes_honoree_par_la_parution_d_un_livre&quot;, &quot;s2&quot;: 2, &quot;type&quot;: &quot;exit&quot;}\" target=\"_blank\" rel=\"noopener noreferrer canonical nofollow\" class=\"lienExterne c-link c-link--animated u-text-size-lg\" href=\"https:\/\/www.sofoot.com\/breves\/une-legende-du-fc-nantes-honoree-par-la-parution-dun-livre\">Lire la suite de l&rsquo;article sur SoFoot.com<\/a><\/p>\n","protected":false},"excerpt":{"rendered":"Une l\u00e9gende du FC Nantes honor\u00e9e par la parution d\u2019un livre En 2018, Philippe Daguillon, pr\u00e9parateur physique historique&hellip;\n","protected":false},"author":2,"featured_media":371536,"comment_status":"","ping_status":"","sticky":false,"template":"","format":"standard","meta":{"footnotes":""},"categories":[2818],"tags":[400,1111,11,398,408,405,1777,674,1011,27,403,402,399,404,766,12,2636,25,401,406,407],"class_list":{"0":"post-371535","1":"post","2":"type-post","3":"status-publish","4":"format-standard","5":"has-post-thumbnail","7":"category-nantes","8":"tag-action-cac-40","9":"tag-actu","10":"tag-actualites","11":"tag-bourse-de-paris","12":"tag-boursorama","13":"tag-cotations","14":"tag-eu","15":"tag-europe","16":"tag-fr","17":"tag-france","18":"tag-indices-devises","19":"tag-investir","20":"tag-investissement","21":"tag-marche-boursier","22":"tag-nantes","23":"tag-news","24":"tag-pays-de-la-loire","25":"tag-republique-francaise","26":"tag-sicav","27":"tag-trackers","28":"tag-warrants"},"share_on_mastodon":{"url":"https:\/\/pubeurope.com\/@fr\/115159503491563741","error":""},"_links":{"self":[{"href":"https:\/\/www.europesays.com\/fr\/wp-json\/wp\/v2\/posts\/371535","targetHints":{"allow":["GET"]}}],"collection":[{"href":"https:\/\/www.europesays.com\/fr\/wp-json\/wp\/v2\/posts"}],"about":[{"href":"https:\/\/www.europesays.com\/fr\/wp-json\/wp\/v2\/types\/post"}],"author":[{"embeddable":true,"href":"https:\/\/www.europesays.com\/fr\/wp-json\/wp\/v2\/users\/2"}],"replies":[{"embeddable":true,"href":"https:\/\/www.europesays.com\/fr\/wp-json\/wp\/v2\/comments?post=371535"}],"version-history":[{"count":0,"href":"https:\/\/www.europesays.com\/fr\/wp-json\/wp\/v2\/posts\/371535\/revisions"}],"wp:featuredmedia":[{"embeddable":true,"href":"https:\/\/www.europesays.com\/fr\/wp-json\/wp\/v2\/media\/371536"}],"wp:attachment":[{"href":"https:\/\/www.europesays.com\/fr\/wp-json\/wp\/v2\/media?parent=371535"}],"wp:term":[{"taxonomy":"category","embeddable":true,"href":"https:\/\/www.europesays.com\/fr\/wp-json\/wp\/v2\/categories?post=371535"},{"taxonomy":"post_tag","embeddable":true,"href":"https:\/\/www.europesays.com\/fr\/wp-json\/wp\/v2\/tags?post=371535"}],"curies":[{"name":"wp","href":"https:\/\/api.w.org\/{rel}","templated":true}]}}