{"id":371537,"date":"2025-09-06T21:35:37","date_gmt":"2025-09-06T21:35:37","guid":{"rendered":"https:\/\/www.europesays.com\/fr\/371537\/"},"modified":"2025-09-06T21:35:37","modified_gmt":"2025-09-06T21:35:37","slug":"anne-roumanoff-revient-a-bordeaux-avec-lexperience-de-la-vie","status":"publish","type":"post","link":"https:\/\/www.europesays.com\/fr\/371537\/","title":{"rendered":"Anne Roumanoff revient \u00e0 Bordeaux avec L\u2019Exp\u00e9rience de la vie"},"content":{"rendered":"<p>L\u2019humoriste <strong>Anne Roumanoff<\/strong> fera escale <strong>\u00e0 Bordeaux<\/strong> le samedi <strong>11 octobre<\/strong> prochain, \u00e0 20h30, au <strong>Th\u00e9\u00e2tre F\u00e9mina<\/strong>, avec son dernier spectacle L\u2019Exp\u00e9rience de la vie. La repr\u00e9sentation s\u2019inscrit dans le cadre de sa tourn\u00e9e nationale, mise en sc\u00e8ne par Gil Galliot.<\/p>\n<p>Connue pour son humour \u00e0 la fois tendre et incisif, Anne Roumanoff propose cette fois un regard aff\u00fbt\u00e9 sur les contradictions de notre \u00e9poque. Sur sc\u00e8ne, elle croque le quotidien des Fran\u00e7ais, entre lectures de d\u00e9veloppement personnel, relations amoureuses mouvantes, omnipr\u00e9sence des r\u00e9seaux sociaux et tourments de l\u2019actualit\u00e9 internationale. Avec son style direct et sa capacit\u00e9 \u00e0 pointer les travers contemporains, elle r\u00e9ussit \u00e0 provoquer le rire tout en \u00e9veillant la r\u00e9flexion.<\/p>\n<p>Depuis plus de trois d\u00e9cennies, l\u2019humoriste s\u2019est impos\u00e9e comme une voix singuli\u00e8re dans le paysage fran\u00e7ais. Ses spectacles, toujours ancr\u00e9s dans l\u2019air du temps, trouvent un \u00e9cho particulier aupr\u00e8s d\u2019un public fid\u00e8le qui appr\u00e9cie ce m\u00e9lange d\u2019ironie mordante et de bienveillance. L\u2019Exp\u00e9rience de la vie s\u2019inscrit dans cette continuit\u00e9, offrant une heure et demie de stand-up qui m\u00eale l\u00e9g\u00e8ret\u00e9 et profondeur.<\/p>\n<p>La tourn\u00e9e, qui traverse de nombreuses villes fran\u00e7aises, confirme l\u2019\u00e9nergie intacte de l\u2019artiste, toujours soucieuse de renouveler son regard et de rester connect\u00e9e aux pr\u00e9occupations de la soci\u00e9t\u00e9. \u00c0 Bordeaux, ce rendez-vous du 11 octobre au th\u00e9\u00e2tre F\u00e9mina s\u2019annonce comme un moment de partage entre l\u2019humoriste et son public, \u00e0 la fois dr\u00f4le et salutaire dans une p\u00e9riode marqu\u00e9e par l\u2019incertitude.<\/p>\n<p><strong>Informations pratiques<\/strong><\/p>\n<p><strong>Spectacle<\/strong>\u00a0: Anne Roumanoff \u2013 L\u2019Exp\u00e9rience de la vie<br class=\"autobr\"\/><br \/>\n<strong>Date<\/strong>\u00a0: samedi 11 octobre 2025, 20h30<br class=\"autobr\"\/><br \/>\n<strong>Lieu<\/strong>\u00a0: Th\u00e9\u00e2tre F\u00e9mina, Bordeaux<br class=\"autobr\"\/><br \/>\n<strong>Mise en sc\u00e8ne<\/strong>\u00a0: Gil Galliot<br class=\"autobr\"\/><br \/>\nPlus d\u2019informations et billetterie sur <a href=\"http:\/\/www.anneroumanoff.com\" class=\"spip_url spip_out auto\" rel=\"nofollow external noopener\" target=\"_blank\">www.anneroumanoff.com<\/a><\/p>\n","protected":false},"excerpt":{"rendered":"L\u2019humoriste Anne Roumanoff fera escale \u00e0 Bordeaux le samedi 11 octobre prochain, \u00e0 20h30, au Th\u00e9\u00e2tre F\u00e9mina, avec&hellip;\n","protected":false},"author":2,"featured_media":371538,"comment_status":"","ping_status":"","sticky":false,"template":"","format":"standard","meta":{"footnotes":""},"categories":[2817],"tags":[1111,11,1997,1777,674,1011,27,12,2219,25],"class_list":{"0":"post-371537","1":"post","2":"type-post","3":"status-publish","4":"format-standard","5":"has-post-thumbnail","7":"category-bordeaux","8":"tag-actu","9":"tag-actualites","10":"tag-bordeaux","11":"tag-eu","12":"tag-europe","13":"tag-fr","14":"tag-france","15":"tag-news","16":"tag-nouvelle-aquitaine","17":"tag-republique-francaise"},"share_on_mastodon":{"url":"https:\/\/pubeurope.com\/@fr\/115159506863690735","error":""},"_links":{"self":[{"href":"https:\/\/www.europesays.com\/fr\/wp-json\/wp\/v2\/posts\/371537","targetHints":{"allow":["GET"]}}],"collection":[{"href":"https:\/\/www.europesays.com\/fr\/wp-json\/wp\/v2\/posts"}],"about":[{"href":"https:\/\/www.europesays.com\/fr\/wp-json\/wp\/v2\/types\/post"}],"author":[{"embeddable":true,"href":"https:\/\/www.europesays.com\/fr\/wp-json\/wp\/v2\/users\/2"}],"replies":[{"embeddable":true,"href":"https:\/\/www.europesays.com\/fr\/wp-json\/wp\/v2\/comments?post=371537"}],"version-history":[{"count":0,"href":"https:\/\/www.europesays.com\/fr\/wp-json\/wp\/v2\/posts\/371537\/revisions"}],"wp:featuredmedia":[{"embeddable":true,"href":"https:\/\/www.europesays.com\/fr\/wp-json\/wp\/v2\/media\/371538"}],"wp:attachment":[{"href":"https:\/\/www.europesays.com\/fr\/wp-json\/wp\/v2\/media?parent=371537"}],"wp:term":[{"taxonomy":"category","embeddable":true,"href":"https:\/\/www.europesays.com\/fr\/wp-json\/wp\/v2\/categories?post=371537"},{"taxonomy":"post_tag","embeddable":true,"href":"https:\/\/www.europesays.com\/fr\/wp-json\/wp\/v2\/tags?post=371537"}],"curies":[{"name":"wp","href":"https:\/\/api.w.org\/{rel}","templated":true}]}}