{"id":371539,"date":"2025-09-06T21:36:15","date_gmt":"2025-09-06T21:36:15","guid":{"rendered":"https:\/\/www.europesays.com\/fr\/371539\/"},"modified":"2025-09-06T21:36:15","modified_gmt":"2025-09-06T21:36:15","slug":"top-14-bordeaux-begles-la-rochelle-lubb-demarre-fort-et-soctroie-le-derby-de-latlantique","status":"publish","type":"post","link":"https:\/\/www.europesays.com\/fr\/371539\/","title":{"rendered":"Top 14. Bordeaux-B\u00e8gles &#8211; La Rochelle : l&rsquo;UBB d\u00e9marre fort et s&rsquo;octroie le derby de l&rsquo;Atlantique"},"content":{"rendered":"<p class=\"article-full__chapo\">\n                Dans une ambiance bouillante \u00e0 Chaban-Delmas, l&rsquo;Union Bordeaux-B\u00e8gles r\u00e9ussit son entame de saison (23-18) en prenant le meilleur sur les Rochelais par deux essais \u00e0 un. Dans un bal des essais refus\u00e9s (trois) en premi\u00e8re p\u00e9riode, l&rsquo;UBB a r\u00e9ussi \u00e0 se d\u00e9faire des co\u00e9quipiers de Gr\u00e9gory Alldritt, qui repartent avec le bonus d\u00e9fensif.\n            <\/p>\n<p><strong>Plus d&rsquo;informations \u00e0 suivre&#8230;<\/strong><\/p>\n","protected":false},"excerpt":{"rendered":"Dans une ambiance bouillante \u00e0 Chaban-Delmas, l&rsquo;Union Bordeaux-B\u00e8gles r\u00e9ussit son entame de saison (23-18) en prenant le meilleur&hellip;\n","protected":false},"author":2,"featured_media":371540,"comment_status":"","ping_status":"","sticky":false,"template":"","format":"standard","meta":{"footnotes":""},"categories":[2817],"tags":[1111,11,1997,1777,674,1011,27,12,2219,25],"class_list":{"0":"post-371539","1":"post","2":"type-post","3":"status-publish","4":"format-standard","5":"has-post-thumbnail","7":"category-bordeaux","8":"tag-actu","9":"tag-actualites","10":"tag-bordeaux","11":"tag-eu","12":"tag-europe","13":"tag-fr","14":"tag-france","15":"tag-news","16":"tag-nouvelle-aquitaine","17":"tag-republique-francaise"},"share_on_mastodon":{"url":"https:\/\/pubeurope.com\/@fr\/115159511004715353","error":""},"_links":{"self":[{"href":"https:\/\/www.europesays.com\/fr\/wp-json\/wp\/v2\/posts\/371539","targetHints":{"allow":["GET"]}}],"collection":[{"href":"https:\/\/www.europesays.com\/fr\/wp-json\/wp\/v2\/posts"}],"about":[{"href":"https:\/\/www.europesays.com\/fr\/wp-json\/wp\/v2\/types\/post"}],"author":[{"embeddable":true,"href":"https:\/\/www.europesays.com\/fr\/wp-json\/wp\/v2\/users\/2"}],"replies":[{"embeddable":true,"href":"https:\/\/www.europesays.com\/fr\/wp-json\/wp\/v2\/comments?post=371539"}],"version-history":[{"count":0,"href":"https:\/\/www.europesays.com\/fr\/wp-json\/wp\/v2\/posts\/371539\/revisions"}],"wp:featuredmedia":[{"embeddable":true,"href":"https:\/\/www.europesays.com\/fr\/wp-json\/wp\/v2\/media\/371540"}],"wp:attachment":[{"href":"https:\/\/www.europesays.com\/fr\/wp-json\/wp\/v2\/media?parent=371539"}],"wp:term":[{"taxonomy":"category","embeddable":true,"href":"https:\/\/www.europesays.com\/fr\/wp-json\/wp\/v2\/categories?post=371539"},{"taxonomy":"post_tag","embeddable":true,"href":"https:\/\/www.europesays.com\/fr\/wp-json\/wp\/v2\/tags?post=371539"}],"curies":[{"name":"wp","href":"https:\/\/api.w.org\/{rel}","templated":true}]}}