{"id":371541,"date":"2025-09-06T21:37:23","date_gmt":"2025-09-06T21:37:23","guid":{"rendered":"https:\/\/www.europesays.com\/fr\/371541\/"},"modified":"2025-09-06T21:37:23","modified_gmt":"2025-09-06T21:37:23","slug":"cette-saison-le-theatre-garonne-entame-un-nouveau-chapitre","status":"publish","type":"post","link":"https:\/\/www.europesays.com\/fr\/371541\/","title":{"rendered":"Cette saison, le th\u00e9\u00e2tre Garonne entame un nouveau chapitre"},"content":{"rendered":"<p align=\"left\"><b>Alors que l\u2019automne entrouvre doucement la porte, la tr\u00eave estivale se d\u00e9file et les sc\u00e8nes toulousaines se pr\u00e9parent au lever de rideau de la rentr\u00e9e. Parmi elles, le <a href=\"https:\/\/www.theatregaronne.com\/saison\" target=\"_blank\" rel=\"noopener nofollow\">th\u00e9\u00e2tre Garonne<\/a>, o\u00f9 une nouvelle \u00e8re s\u2019ouvre, sous l\u2019\u00e9gide du sc\u00e9nographe Aur\u00e9lien Bory. Cette saison, l\u2019artiste sort des coulisses pour incarner au grand jour son r\u00f4le de directeur du lieu culturel. Rencontre.<\/b><\/p>\n<p><img loading=\"lazy\" decoding=\"async\" aria-describedby=\"caption-attachment-158129\" class=\"wp-image-158129\" src=\"https:\/\/www.europesays.com\/fr\/wp-content\/uploads\/2025\/09\/cie111-portraitaurelienbory-img-5644aglaebory.jpeg\" alt=\"Aur\u00e9lien Bory th\u00e9\u00e2tre Garonne\" width=\"600\" height=\"788\"  \/><\/p>\n<p id=\"caption-attachment-158129\" class=\"wp-caption-text\">Aur\u00e9lien Bory \u00a9 Aglae Bory<\/p>\n<p><b>Culture 31 : <\/b><b>Apr\u00e8s une ann\u00e9e d\u2019observation, vous vous appr\u00eatez \u00e0 faire votre deuxi\u00e8m<\/b><b>e rentr\u00e9e en tant que directeur du th\u00e9\u00e2tre Garonne. <\/b><b>Dans quel \u00e9tat d\u2019esprit abordez-vous cette nouvelle <\/b><b>\u00e9tape <\/b><b>?<\/b><\/p>\n<p>Aur\u00e9lien Bory : \u00c0 mon arriv\u00e9e en septembre, il y a un an, la saison avait d\u00e9j\u00e0 \u00e9t\u00e9 programm\u00e9e, \u00e0 l\u2019exception du mois d\u2019avril. Cette premi\u00e8re ann\u00e9e m\u2019a permis d\u2019observer et d\u2019adapter mon projet \u00e0 l\u2019existant ; tout en commen\u00e7ant \u00e0 initier des choses dans le cadre du temps fort d\u2019avril avec la compagnie catalane cabosanroque et surtout, \u00e0 tester l\u2019id\u00e9e des \u00abAvant-premi\u00e8res Avant Avignon \u00bb, un programme in\u00e9dit qui pr\u00e9sente des spectacles dont on accueille les avant-premi\u00e8res sur les derniers jours de r\u00e9p\u00e9tition, pour confronter les cr\u00e9ations une premi\u00e8re fois au public, avant la premi\u00e8re repr\u00e9sentation pr\u00e9vue au Festival d\u2019Avignon. Ce programme a tr\u00e8s bien march\u00e9, du point de vue de l\u2019accompagnement artistique ainsi qu\u2019avec le public. Je suis tr\u00e8s heureux de pouvoir reconduire ce programme en juin 26.<\/p>\n<p><img decoding=\"async\" aria-describedby=\"caption-attachment-152568\" loading=\"lazy\" class=\"wp-image-152568\" src=\"https:\/\/www.europesays.com\/fr\/wp-content\/uploads\/2025\/09\/essai.jpg\" alt=\"constellation\" width=\"720\" height=\"480\"  \/><\/p>\n<p id=\"caption-attachment-152568\" class=\"wp-caption-text\">\u00ab Essai \u00bb \u00a9 cabosanroque \/ th\u00e9\u00e2tre Garonne<\/p>\n<p><b>Cette saison \u00e0 venir comporte moins de spectacles qu\u2019auparavant. Quels facteurs motivent ce choix ?<\/b><\/p>\n<p align=\"left\">Le but est de les accueillir plus longtemps. Finalement, l\u2019offre reste la m\u00eame. Il y a moins de titres, mais il y a plus de repr\u00e9sentations par titre. L\u2019id\u00e9e est de redonner du sens dans le partage des \u0153uvres avec le public. C\u2019est-\u00e0-dire qu\u2019avec du temps, on augmente la pr\u00e9sence artistique sur le territoire et donc la possibilit\u00e9 de rencontres.<\/p>\n<p><b>Par ailleurs, la moiti\u00e9 des artistes programm\u00e9s cette saison viennent pour la premi\u00e8re fois. Est-ce une mani\u00e8re d\u2019affirmer une volont\u00e9 de renouvellement et de d\u00e9couverte ?<\/b><\/p>\n<p align=\"left\">Absolument. C\u2019est \u00e0 la fois une volont\u00e9 de renouveler et, puisqu\u2019il s\u2019agit de la moiti\u00e9, de conserver ce lien avec ceux appartiennent d\u00e9j\u00e0 \u00e0 l\u2019histoire du th\u00e9\u00e2tre Garonne. C\u2019est vraiment comme \u00e7a que j\u2019envisage les choses. Je suis aussi venu au th\u00e9\u00e2tre Garonne parce que j\u2019aimais sa ligne artistique et ce qu\u2019il b\u00e2tissait avec les artistes. Donc il est naturel pour moi de continuer avec certains artistes d\u00e9j\u00e0 venus et de s\u2019ouvrir \u00e0 des artistes dont c\u2019est la premi\u00e8re fois au Garonne.<\/p>\n<p><img decoding=\"async\" aria-describedby=\"caption-attachment-158143\" loading=\"lazy\" class=\"wp-image-158143\" src=\"https:\/\/www.europesays.com\/fr\/wp-content\/uploads\/2025\/09\/opening-night.jpeg\" alt=\"Opening Night\" width=\"730\" height=\"487\"  \/><\/p>\n<p id=\"caption-attachment-158143\" class=\"wp-caption-text\">\u00a9 Koen Broos<\/p>\n<p align=\"left\">Accompagn\u00e9e depuis longtemps par le th\u00e9\u00e2tre Garonne, la compagnie belge DE HOE pr\u00e9sentera la version fran\u00e7aise de son spectacle \u00ab Opening Night \u00bb au Th\u00e9\u00e2tredelaCit\u00e9 en fin d\u2019ann\u00e9e.<\/p>\n<p><b>D\u2019autre part, le public ne retrouvera plus de spectacles purement musicaux, \u00e0 l\u2019exception des repr\u00e9sentations du collectif Baraque \u00e0 Free. Comment d\u00e9finiriez-vous la nouvelle place de la musique dans la programmation ?<\/b><\/p>\n<p>Il y a beaucoup d\u2019artistes qui travaillent avec la musique. La musique sera pr\u00e9sente dans le geste th\u00e9\u00e2tral ou dans le geste chor\u00e9graphique. Mais il a fallu faire des choix et il y aura effectivement moins de concerts cette saison.<\/p>\n<p><b>Cette ann\u00e9e, <\/b><b>vous proposerez la premi\u00e8re \u00e9dition du festival<\/b><b> <\/b><b>Sc\u00e9no<\/b><b>. <\/b><b>Quelle est l\u2019essence de cet \u00e9v\u00e8nement ?<\/b><\/p>\n<p align=\"left\">Je suis sc\u00e9nographe moi-m\u00eame et j\u2019avais constat\u00e9 qu\u2019il n\u2019existait quasiment aucun \u00e9v\u00e8nement ou festival bas\u00e9 sur la sc\u00e9nographie. Alors que la sc\u00e9nographie est le premier geste, la premi\u00e8re promesse du th\u00e9\u00e2tre. Il faut, pour qu\u2019il y ait th\u00e9\u00e2tre, inventer un espace ! L\u2019id\u00e9e, c\u2019est d\u2019inviter des artistes qui sont certes sc\u00e9nographes, mais aussi metteurs en sc\u00e8ne, chor\u00e9graphes, et g\u00e9n\u00e9ralement auteurs de leurs propres spectacles. C\u2019est de faire une programmation sp\u00e9cifique avec des artistes qui ont donc un rapport \u00e0 l\u2019espace tr\u00e8s particulier, tr\u00e8s singulier. Et puis aussi de provoquer des rencontres et des discussions autour de cette question de l\u2019espace.<\/p>\n<p align=\"left\">C\u2019est un festival que j\u2019aimerais d\u00e9velopper et partager plus largement \u00e0 Toulouse. Aujourd\u2019hui, le Th\u00e9\u00e2tredelaCit\u00e9 est associ\u00e9 \u00e0 cette premi\u00e8re \u00e9dition et j\u2019esp\u00e8re en associer d\u2019autres. Alors pour l\u2019instant, c\u2019est un temps fort, plus qu\u2019un festival, mais je l\u2019appelle festival parce qu\u2019il a vocation \u00e0 grandir.<\/p>\n<p>Il y aura quatre spectacles et une installation. L\u2019installation qui sera expos\u00e9e durant les quinze jours\u00a0de SC\u00c9NO, est celle d\u2019une artiste plasticienne, qui est aussi sc\u00e9nographe et qui fait de ses\u00a0sc\u00e9nographies une \u0153uvre plastique. Il s\u2019agit de Ulla von Brandenburg. Nous l\u2019accompagnerons\u00a0durant trois ans, en partenariat avec le mus\u00e9e des Abattoirs. Les trois premi\u00e8res \u00e9ditions de\u00a0Sc\u00e9no\u00a0seront marqu\u00e9es par le regard de cette artiste.<\/p>\n<p><b>Comme mentionn\u00e9, vous \u00eates sc\u00e9nographe avant d\u2019\u00eatre directeur. En quoi votre regard d\u2019artiste nourrit-il votre approche de la direction d\u2019un th\u00e9\u00e2tre ?<\/b><\/p>\n<p align=\"left\">Je dirais dans cette question de l\u2019espace. Un th\u00e9\u00e2tre, c\u2019est un lieu avant tout ! Or, le th\u00e9\u00e2tre Garonne est un lieu tr\u00e8s inspirant. Dans l\u2019histoire du th\u00e9\u00e2tre, il y a souvent eu l\u2019invention d\u2019un lieu. Il y a par exemple la d\u00e9marche de Peter Brook, qui \u00e0 chaque fois cherchait des espaces non d\u00e9di\u00e9s pour en faire des th\u00e9\u00e2tres, ou d\u2019autres aventures de grands artistes qui ont \u00e0 chaque fois repens\u00e9 l\u2019espace. Je pense que, d\u00e8s la naissance du th\u00e9\u00e2tre, on a d\u00fb penser l\u2019espace. Il y a un lien avec mon regard d\u2019artiste sur cette question l\u00e0, et c\u2019est tr\u00e8s int\u00e9ressant de la partager avec le public. C\u2019est un des fondements du th\u00e9\u00e2tre !\u00a0<\/p>\n<p><img decoding=\"async\" aria-describedby=\"caption-attachment-158134\" loading=\"lazy\" class=\"wp-image-158134\" src=\"https:\/\/www.europesays.com\/fr\/wp-content\/uploads\/2025\/09\/camille-boitel-seve-bernard.jpg\" alt=\"Camille Boitel Seve Bernard\" width=\"730\" height=\"487\"  \/><\/p>\n<p id=\"caption-attachment-158134\" class=\"wp-caption-text\">\u00a9 cie L\u2019Imm\u00e9diat<\/p>\n<p align=\"left\">Le dispositif Relax propose un accueil inclusif aux personnes dont le handicap peut entra\u00eener des comportements \u00ab atypiques \u00bb pendant la repr\u00e9sentation. Premi\u00e8re s\u00e9ance le 5 octobre 2025 avec le duo Camille Boitel et S\u00e8ve Bernard.<\/p>\n<p><b>Au-del\u00e0 de ce lieu qu\u2019est le th\u00e9\u00e2tre Garonne, vous avez intitul\u00e9 la saison \u00ab Ouvrir le paysage \u00bb. Qu\u2019est-ce que cela signifie concr\u00e8tement pour vous ?<\/b><\/p>\n<p align=\"left\">Sc\u00e9no est un bon exemple. \u00ab Ouvrir le paysage \u00bb, c\u2019est s\u2019ouvrir \u00e0 d\u2019autres artistes qui viennent d\u2019autres endroits et qui provoquent \u2013 c\u2019est aussi int\u00e9ressant \u2013 de nouvelles collaborations. Cette nouvelle collaboration avec le mus\u00e9e des Abattoirs, c\u2019est tr\u00e8s excitant pour moi. Et ouvrir le paysage, c\u2019est ce que repr\u00e9sente l\u2019acte de cr\u00e9ation. Il ouvre toujours. Il se situe \u00e0 la lisi\u00e8re des choses et ouvre un acc\u00e8s vers un endroit presque inconnu, soit de nous-m\u00eames, soit du monde\u2026 \u00ab Ouvrir le paysage \u00bb, \u00e7a voulait aussi dire : \u00ab j\u2019arrive, donc on r\u00e9envisage un petit peu les choses \u00bb. Ce th\u00e9\u00e2tre a \u00e9t\u00e9 fond\u00e9 puis dirig\u00e9 par un m\u00eame directeur pendant 35 ans. L\u00e0, je suis le premier autre directeur !<\/p>\n<p align=\"left\">Et puis il y a aussi cette id\u00e9e que le th\u00e9\u00e2tre Garonne s\u2019envisage compl\u00e8tement dans son \u00e9cosyst\u00e8me. D\u2019une part dans son \u00e9cosyst\u00e8me toulousain, puisqu\u2019on est en partenariat sur la programmation avec de nombreux acteurs culturels toulousains. Mais il y a aussi une inscription dans son \u00e9cosyst\u00e8me \u00e0 l\u2019\u00e9chelle r\u00e9gionale, nationale et internationale. Notre souhait est de faire les choses ensemble et de s\u2019inscrire dans une logique de r\u00e9seau, de mutualisation, et de d\u00e9veloppement. C\u2019est comme \u00e7a qu\u2019on m\u00e8ne des projets. Mon but, c\u2019est \u00e9videmment que le th\u00e9\u00e2tre Garonne participe activement \u00e0 l\u2019\u00e9cosyst\u00e8me de la cr\u00e9ation en France.<\/p>\n<p><img decoding=\"async\" aria-describedby=\"caption-attachment-158147\" loading=\"lazy\" class=\"wp-image-158147\" src=\"https:\/\/www.europesays.com\/fr\/wp-content\/uploads\/2025\/09\/la-brande-luc-jacquin.png\" alt=\"La Brande Luc Jacquin\" width=\"730\" height=\"288\"  \/><\/p>\n<p id=\"caption-attachment-158147\" class=\"wp-caption-text\">\u00a9 Luc Jacquin<\/p>\n<p align=\"left\">Ouvrir le paysage signifie aussi proposer des cr\u00e9ations singuli\u00e8res, s\u2019ouvrir \u00e0 de nouveaux artistes. Sur cette image, \u00ab La Brande \u00bb d\u2019Alice Vannier et la Cie Courir \u00e0 la Catastrophe.<\/p>\n<p><b>Qu\u2019aimeriez-vous que l\u2019on dise du <\/b><b>t<\/b><b>h\u00e9\u00e2tre Garonne \u00e0 la fin de <\/b><b>la saison 2025\/2026 ?<\/b><\/p>\n<p align=\"left\">Je pense que ce qui est important, du c\u00f4t\u00e9 du public, c\u2019est le plaisir de venir d\u00e9couvrir de nouvelles choses. Mais ce plaisir, il na\u00eet d\u2019autres choses aussi. Il na\u00eet des \u0153uvres qu\u2019on vient d\u00e9couvrir, mais aussi de l\u2019\u00e9tat d\u2019esprit avec lequel les choses se font. Et l\u2019\u00e9tat d\u2019esprit du <a href=\"https:\/\/www.culture31.com\/theatre-garonne\/\" target=\"_blank\" rel=\"noopener nofollow\">th\u00e9\u00e2tre Garonne<\/a>, c\u2019est d\u2019\u00eatre un th\u00e9\u00e2tre d\u2019artistes. C\u2019est-\u00e0-dire un th\u00e9\u00e2tre o\u00f9 les artistes cr\u00e9ent, sont en r\u00e9sidence, r\u00e9p\u00e8tent, rencontrent le public, pr\u00e9sentent leurs \u0153uvres\u2026 C\u2019est \u00e7a que j\u2019ai envie qu\u2019on dise \u00e0 la fin de la saison. Je pense qu\u2019une \u0153uvre peut changer, nous change \u00e0 l\u2019int\u00e9rieur. Les \u0153uvres sont comme des rencontres. On a besoin que notre imaginaire et que notre \u00eatre entier soit stimul\u00e9, soit troubl\u00e9. C\u2019est ce qui m\u2019int\u00e9resse, de pr\u00e9senter des \u0153uvres stimulantes qui viennent, d\u2019une certaine mani\u00e8re, nourrir notre imaginaire.<\/p>\n<p align=\"left\"><a href=\"https:\/\/blog.culture31.com\/author\/ines-desnot\/\" target=\"_blank\" rel=\"noopener nofollow\"><b>Propos recueillis par In\u00e8s Desnot<\/b><\/a><\/p>\n<p style=\"text-align: center;\" align=\"left\"><a href=\"https:\/\/www.theatregaronne.com\/\" target=\"_blank\" rel=\"noopener nofollow\"><strong>th\u00e9\u00e2tre Garonne<\/strong><\/a><\/p>\n<p align=\"left\"><a href=\"https:\/\/www.theatregaronne.com\/\" target=\"_blank\" rel=\"noopener nofollow\"><img decoding=\"async\" loading=\"lazy\" class=\"aligncenter wp-image-158209\" src=\"https:\/\/www.europesays.com\/fr\/wp-content\/uploads\/2025\/09\/theatre-garonne-saison-2025-2026-scaled.jpg\" alt=\"The\u0301a\u0302tre Garonne Saison 2025 2026\" width=\"500\" height=\"739\"  \/><\/a><\/p>\n","protected":false},"excerpt":{"rendered":"Alors que l\u2019automne entrouvre doucement la porte, la tr\u00eave estivale se d\u00e9file et les sc\u00e8nes toulousaines se pr\u00e9parent&hellip;\n","protected":false},"author":2,"featured_media":371542,"comment_status":"","ping_status":"","sticky":false,"template":"","format":"standard","meta":{"footnotes":""},"categories":[2816],"tags":[1111,11,1777,674,1011,27,12,2680,25,2312],"class_list":{"0":"post-371541","1":"post","2":"type-post","3":"status-publish","4":"format-standard","5":"has-post-thumbnail","7":"category-toulouse","8":"tag-actu","9":"tag-actualites","10":"tag-eu","11":"tag-europe","12":"tag-fr","13":"tag-france","14":"tag-news","15":"tag-occitanie","16":"tag-republique-francaise","17":"tag-toulouse"},"share_on_mastodon":{"url":"https:\/\/pubeurope.com\/@fr\/115159515370289330","error":""},"_links":{"self":[{"href":"https:\/\/www.europesays.com\/fr\/wp-json\/wp\/v2\/posts\/371541","targetHints":{"allow":["GET"]}}],"collection":[{"href":"https:\/\/www.europesays.com\/fr\/wp-json\/wp\/v2\/posts"}],"about":[{"href":"https:\/\/www.europesays.com\/fr\/wp-json\/wp\/v2\/types\/post"}],"author":[{"embeddable":true,"href":"https:\/\/www.europesays.com\/fr\/wp-json\/wp\/v2\/users\/2"}],"replies":[{"embeddable":true,"href":"https:\/\/www.europesays.com\/fr\/wp-json\/wp\/v2\/comments?post=371541"}],"version-history":[{"count":0,"href":"https:\/\/www.europesays.com\/fr\/wp-json\/wp\/v2\/posts\/371541\/revisions"}],"wp:featuredmedia":[{"embeddable":true,"href":"https:\/\/www.europesays.com\/fr\/wp-json\/wp\/v2\/media\/371542"}],"wp:attachment":[{"href":"https:\/\/www.europesays.com\/fr\/wp-json\/wp\/v2\/media?parent=371541"}],"wp:term":[{"taxonomy":"category","embeddable":true,"href":"https:\/\/www.europesays.com\/fr\/wp-json\/wp\/v2\/categories?post=371541"},{"taxonomy":"post_tag","embeddable":true,"href":"https:\/\/www.europesays.com\/fr\/wp-json\/wp\/v2\/tags?post=371541"}],"curies":[{"name":"wp","href":"https:\/\/api.w.org\/{rel}","templated":true}]}}