{"id":371543,"date":"2025-09-06T21:38:14","date_gmt":"2025-09-06T21:38:14","guid":{"rendered":"https:\/\/www.europesays.com\/fr\/371543\/"},"modified":"2025-09-06T21:38:14","modified_gmt":"2025-09-06T21:38:14","slug":"depuis-le-centre-penitentiaire-de-toulouse-cedric-jubillar-a-essaye-de-joindre-son-ex-compagne-a-cinq-reprises","status":"publish","type":"post","link":"https:\/\/www.europesays.com\/fr\/371543\/","title":{"rendered":"Depuis le centre p\u00e9nitentiaire de Toulouse, C\u00e9dric Jubillar a essay\u00e9 de joindre son ex-compagne \u00e0 cinq reprises"},"content":{"rendered":"<p>Depuis le centre p\u00e9nitentiaire de Toulouse, C\u00e9dric Jubillar a essay\u00e9 de joindre son ex-compagne \u00e0 cinq reprisesSur le m\u00eame sujet<a href=\"https:\/\/www.bfmtv.com\/police-justice\/video-depuis-le-centre-penitentiaire-de-toulouse-cedric-jubillar-a-essaye-de-joindre-son-ex-compagne-a-cinq-reprises_VN-202509060354.html\" title=\"Depuis le centre p\u00e9nitentiaire de Toulouse, C\u00e9dric Jubillar a essay\u00e9 de joindre son ex-compagne \u00e0 cinq reprises\" rel=\"nofollow noopener\" target=\"_blank\"><img width=\"16\" height=\"9\" class=\"lozad\"  alt=\"Depuis le centre p\u00e9nitentiaire de Toulouse, C\u00e9dric Jubillar a essay\u00e9 de joindre son ex-compagne \u00e0 cinq reprises\"\/>en lectureDepuis le centre p\u00e9nitentiaire de Toulouse, C\u00e9dric Jubillar a essay\u00e9 de joindre son ex-compagne \u00e0 cinq reprises<\/a><a href=\"https:\/\/www.bfmtv.com\/societe\/video-une-voiture-a-percute-des-pietons-dans-la-manche-une-personne-est-morte-et-plusieurs-ont-ete-blessees_VN-202509060347.html\" title=\"Une voiture a percut\u00e9 des pi\u00e9tons dans la Manche, une personne est morte et plusieurs ont \u00e9t\u00e9 bless\u00e9es\" rel=\"nofollow noopener\" target=\"_blank\"><img width=\"16\" height=\"9\" class=\"lozad\"  alt=\"Une voiture a percut\u00e9 des pi\u00e9tons dans la Manche, une personne est morte et plusieurs ont \u00e9t\u00e9 bless\u00e9es\"\/>0:54Une voiture a percut\u00e9 des pi\u00e9tons dans la Manche, une personne est morte et plusieurs ont \u00e9t\u00e9 bless\u00e9es<\/a><a href=\"https:\/\/www.bfmtv.com\/police-justice\/video-jeune-homme-gifle-par-un-policier-il-y-a-un-vrai-probleme-avec-la-police-a-l-encontre-des-personnes-noires-et-arabes-affirme-aly-diouara-depute-lfi_VN-202509060225.html\" title=\"Jeune homme gifl\u00e9 par un policier: &quot;Il y a un vrai probl\u00e8me avec la police \u00e0 l&#039;encontre des personnes noires et arabes&quot;, affirme Aly Diouara (d\u00e9put\u00e9 LFI)\" rel=\"nofollow noopener\" target=\"_blank\"><img width=\"16\" height=\"9\" class=\"lozad\"  alt=\"Jeune homme gifl\u00e9 par un policier: &quot;Il y a un vrai probl\u00e8me avec la police \u00e0 l'encontre des personnes noires et arabes&quot;, affirme Aly Diouara (d\u00e9put\u00e9 LFI)\"\/>2:03Jeune homme gifl\u00e9 par un policier: \u00ab\u00a0Il y a un vrai probl\u00e8me avec la police \u00e0 l&rsquo;encontre des personnes noires et arabes\u00a0\u00bb, affirme Aly Diouara (d\u00e9put\u00e9 LFI)<\/a><a href=\"https:\/\/www.bfmtv.com\/police-justice\/video-remise-en-liberte-d-un-complice-presume-de-mohamed-amra-on-est-indigne-meme-si-c-est-conforme-a-la-loi-affirme-jessy-zagari-fo-justice_VN-202509060217.html\" title=\"Remise en libert\u00e9 d&#039;un complice pr\u00e9sum\u00e9 de Mohamed Amra: &quot;On est indign\u00e9, m\u00eame si c&#039;est conforme \u00e0 la loi&quot;, affirme Jessy Zagari (FO-Justice)\" rel=\"nofollow noopener\" target=\"_blank\"><img width=\"16\" height=\"9\" class=\"lozad\"  alt=\"Remise en libert\u00e9 d'un complice pr\u00e9sum\u00e9 de Mohamed Amra: &quot;On est indign\u00e9, m\u00eame si c'est conforme \u00e0 la loi&quot;, affirme Jessy Zagari (FO-Justice)\"\/>2:36Remise en libert\u00e9 d&rsquo;un complice pr\u00e9sum\u00e9 de Mohamed Amra: \u00ab\u00a0On est indign\u00e9, m\u00eame si c&rsquo;est conforme \u00e0 la loi\u00a0\u00bb, affirme Jessy Zagari (FO-Justice)<\/a><a href=\"https:\/\/www.bfmtv.com\/police-justice\/video-jeune-homme-gifle-par-un-policier-il-faut-reformer-la-police-de-la-cave-au-grenier-la-scene-est-choquante-affirme-carlos-martens-bilongo-lfi_VN-202509060206.html\" title=\"Jeune homme gifl\u00e9 par un policier: &quot;Il faut r\u00e9former la police de la cave au grenier, la sc\u00e8ne est choquante&quot;, affirme Carlos Martens Bilongo (LFI)\" rel=\"nofollow noopener\" target=\"_blank\"><img width=\"16\" height=\"9\" class=\"lozad\"  alt=\"Jeune homme gifl\u00e9 par un policier: &quot;Il faut r\u00e9former la police de la cave au grenier, la sc\u00e8ne est choquante&quot;, affirme Carlos Martens Bilongo (LFI)\"\/>1:26Jeune homme gifl\u00e9 par un policier: \u00ab\u00a0Il faut r\u00e9former la police de la cave au grenier, la sc\u00e8ne est choquante\u00a0\u00bb, affirme Carlos Martens Bilongo (LFI)<\/a><a href=\"https:\/\/www.bfmtv.com\/police-justice\/video-jeune-homme-gifle-par-un-policier-une-enquete-ouverte-par-le-parquet-de-bobigny-et-confiee-a-l-igpn_VN-202509060153.html\" title=\"Jeune homme gifl\u00e9 par un policier: une enqu\u00eate ouverte par le parquet de Bobigny et confi\u00e9e \u00e0 l&#039;IGPN\" rel=\"nofollow noopener\" target=\"_blank\"><img width=\"16\" height=\"9\" class=\"lozad\"  alt=\"Jeune homme gifl\u00e9 par un policier: une enqu\u00eate ouverte par le parquet de Bobigny et confi\u00e9e \u00e0 l'IGPN\"\/>1:02Jeune homme gifl\u00e9 par un policier: une enqu\u00eate ouverte par le parquet de Bobigny et confi\u00e9e \u00e0 l&rsquo;IGPN<\/a><a href=\"https:\/\/www.bfmtv.com\/police-justice\/video-le-dossier-du-9h-vendin-le-vieil-la-greve-de-la-faim-des-detenus-se-poursuit_VN-202509060150.html\" title=\"LE DOSSIER DU 9H - Vendin-le-Vieil : la gr\u00e8ve de la faim des d\u00e9tenus se poursuit \" rel=\"nofollow noopener\" target=\"_blank\"><img width=\"16\" height=\"9\" class=\"lozad\"  alt=\"LE DOSSIER DU 9H - Vendin-le-Vieil : la gr\u00e8ve de la faim des d\u00e9tenus se poursuit \"\/>4:30LE DOSSIER DU 9H &#8211; Vendin-le-Vieil : la gr\u00e8ve de la faim des d\u00e9tenus se poursuit<\/a><a href=\"https:\/\/www.bfmtv.com\/police-justice\/video-j-accepte-ma-peine-mais-j-ai-ete-coupe-de-ma-famille-bfmtv-au-c-ur-de-la-prison-de-vendin-le-vieil-ou-37-detenus-sont-en-greve-de-la-faim-pour-reclamer-de-meilleures-conditions-de-detention_VN-202509060086.html\" title=\"&quot;J&#039;accepte ma peine, mais j&#039;ai \u00e9t\u00e9 coup\u00e9 de ma famille&quot;: BFMTV au c\u0153ur de la prison de Vendin-le-Vieil, o\u00f9 37 d\u00e9tenus sont en gr\u00e8ve de la faim pour r\u00e9clamer de meilleures conditions de d\u00e9tention\" rel=\"nofollow noopener\" target=\"_blank\"><img width=\"16\" height=\"9\" class=\"lozad\"  alt=\"&quot;J'accepte ma peine, mais j'ai \u00e9t\u00e9 coup\u00e9 de ma famille&quot;: BFMTV au c\u0153ur de la prison de Vendin-le-Vieil, o\u00f9 37 d\u00e9tenus sont en gr\u00e8ve de la faim pour r\u00e9clamer de meilleures conditions de d\u00e9tention\"\/>1:37&Prime;J&rsquo;accepte ma peine, mais j&rsquo;ai \u00e9t\u00e9 coup\u00e9 de ma famille\u00a0\u00bb: BFMTV au c\u0153ur de la prison de Vendin-le-Vieil, o\u00f9 37 d\u00e9tenus sont en gr\u00e8ve de la faim pour r\u00e9clamer de meilleures conditions de d\u00e9tention<\/a><a href=\"https:\/\/www.bfmtv.com\/police-justice\/video-un-seau-contenant-des-centaines-d-euros-trouve-a-clermont-ferrand-la-gendarmerie-lance-un-appel-pour-retrouver-le-proprietaire_VN-202509060083.html\" title=\"Un seau contenant des centaines d&#039;euros trouv\u00e9 \u00e0 Clermont-Ferrand, la gendarmerie lance un appel pour retrouver le propri\u00e9taire\" rel=\"nofollow noopener\" target=\"_blank\"><img width=\"16\" height=\"9\" class=\"lozad\"  alt=\"Un seau contenant des centaines d'euros trouv\u00e9 \u00e0 Clermont-Ferrand, la gendarmerie lance un appel pour retrouver le propri\u00e9taire\"\/>1:07Un seau contenant des centaines d&rsquo;euros trouv\u00e9 \u00e0 Clermont-Ferrand, la gendarmerie lance un appel pour retrouver le propri\u00e9taire<\/a><a href=\"https:\/\/www.bfmtv.com\/police-justice\/video-un-des-complices-presumes-de-mohamed-amra-remis-en-liberte-et-place-sous-controle-judiciaire_VN-202509060073.html\" title=\"Un des complices pr\u00e9sum\u00e9s de Mohamed Amra remis en libert\u00e9 et plac\u00e9 sous contr\u00f4le judiciaire \" rel=\"nofollow noopener\" target=\"_blank\"><img width=\"16\" height=\"9\" class=\"lozad\"  alt=\"Un des complices pr\u00e9sum\u00e9s de Mohamed Amra remis en libert\u00e9 et plac\u00e9 sous contr\u00f4le judiciaire \"\/>1:32Un des complices pr\u00e9sum\u00e9s de Mohamed Amra remis en libert\u00e9 et plac\u00e9 sous contr\u00f4le judiciaire<\/a><a href=\"https:\/\/www.bfmtv.com\/police-justice\/video-l-un-des-coorganisateurs-presumes-de-la-fuite-de-mohamed-amra-libere-en-raison-d-un-vice-de-procedure_VN-202509050892.html\" title=\"L&#039;un des coorganisateurs pr\u00e9sum\u00e9s de la fuite de Mohamed Amra lib\u00e9r\u00e9 en raison d&#039;un vice de proc\u00e9dure\" rel=\"nofollow noopener\" target=\"_blank\"><img width=\"16\" height=\"9\" class=\"lozad\"  alt=\"L'un des coorganisateurs pr\u00e9sum\u00e9s de la fuite de Mohamed Amra lib\u00e9r\u00e9 en raison d'un vice de proc\u00e9dure\"\/>0:23L&rsquo;un des coorganisateurs pr\u00e9sum\u00e9s de la fuite de Mohamed Amra lib\u00e9r\u00e9 en raison d&rsquo;un vice de proc\u00e9dure<\/a><a href=\"https:\/\/www.bfmtv.com\/police-justice\/video-saint-denis-un-policier-gifle-et-crache-sur-un-jeune-homme_VN-202509050722.html\" title=\" Saint-Denis: un policier gifle et crache sur un jeune homme \" rel=\"nofollow noopener\" target=\"_blank\"><img width=\"16\" height=\"9\" class=\"lozad\"  alt=\" Saint-Denis: un policier gifle et crache sur un jeune homme \"\/>0:46Saint-Denis: un policier gifle et crache sur un jeune homme<\/a><a href=\"https:\/\/www.bfmtv.com\/police-justice\/video-attaque-a-marseille-comment-est-ce-possible-qu-on-laisse-une-personne-qui-fait-une-tentative-de-meurtre-en-liberte-deplore-l-ex-femme-de-l-assaillant_VN-202509050626.html\" title=\"Attaque \u00e0 Marseille: &quot;Comment est-ce possible qu&#039;on laisse une personne qui fait une tentative de meurtre en libert\u00e9&quot; d\u00e9plore l&#039;ex-femme de l&#039;assaillant \" rel=\"nofollow noopener\" target=\"_blank\"><img width=\"16\" height=\"9\" class=\"lozad\"  alt=\"Attaque \u00e0 Marseille: &quot;Comment est-ce possible qu'on laisse une personne qui fait une tentative de meurtre en libert\u00e9&quot; d\u00e9plore l'ex-femme de l'assaillant \"\/>0:31Attaque \u00e0 Marseille: \u00ab\u00a0Comment est-ce possible qu&rsquo;on laisse une personne qui fait une tentative de meurtre en libert\u00e9\u00a0\u00bb d\u00e9plore l&rsquo;ex-femme de l&rsquo;assaillant<\/a><a href=\"https:\/\/www.bfmtv.com\/police-justice\/video-enlevement-lie-a-la-cryptomonnaie-le-chef-des-enqueteurs-raconte-les-coulisses-des-recherches_VN-202509050592.html\" title=\"Enl\u00e8vement li\u00e9 \u00e0 la cryptomonnaie: le chef des enqu\u00eateurs raconte les coulisses des recherches \" rel=\"nofollow noopener\" target=\"_blank\"><img width=\"16\" height=\"9\" class=\"lozad\"  alt=\"Enl\u00e8vement li\u00e9 \u00e0 la cryptomonnaie: le chef des enqu\u00eateurs raconte les coulisses des recherches \"\/>1:26Enl\u00e8vement li\u00e9 \u00e0 la cryptomonnaie: le chef des enqu\u00eateurs raconte les coulisses des recherches<\/a><a class=\"jumpToVideo\" target=\"_blank\"><img class=\"thumbnailPreview\"\/><\/a><\/p>\n","protected":false},"excerpt":{"rendered":"Depuis le centre p\u00e9nitentiaire de Toulouse, C\u00e9dric Jubillar a essay\u00e9 de joindre son ex-compagne \u00e0 cinq reprisesSur le&hellip;\n","protected":false},"author":2,"featured_media":371544,"comment_status":"","ping_status":"","sticky":false,"template":"","format":"standard","meta":{"footnotes":""},"categories":[2816],"tags":[1111,11,1777,674,1011,27,12,2680,25,2312],"class_list":{"0":"post-371543","1":"post","2":"type-post","3":"status-publish","4":"format-standard","5":"has-post-thumbnail","7":"category-toulouse","8":"tag-actu","9":"tag-actualites","10":"tag-eu","11":"tag-europe","12":"tag-fr","13":"tag-france","14":"tag-news","15":"tag-occitanie","16":"tag-republique-francaise","17":"tag-toulouse"},"share_on_mastodon":{"url":"https:\/\/pubeurope.com\/@fr\/115159518640340540","error":""},"_links":{"self":[{"href":"https:\/\/www.europesays.com\/fr\/wp-json\/wp\/v2\/posts\/371543","targetHints":{"allow":["GET"]}}],"collection":[{"href":"https:\/\/www.europesays.com\/fr\/wp-json\/wp\/v2\/posts"}],"about":[{"href":"https:\/\/www.europesays.com\/fr\/wp-json\/wp\/v2\/types\/post"}],"author":[{"embeddable":true,"href":"https:\/\/www.europesays.com\/fr\/wp-json\/wp\/v2\/users\/2"}],"replies":[{"embeddable":true,"href":"https:\/\/www.europesays.com\/fr\/wp-json\/wp\/v2\/comments?post=371543"}],"version-history":[{"count":0,"href":"https:\/\/www.europesays.com\/fr\/wp-json\/wp\/v2\/posts\/371543\/revisions"}],"wp:featuredmedia":[{"embeddable":true,"href":"https:\/\/www.europesays.com\/fr\/wp-json\/wp\/v2\/media\/371544"}],"wp:attachment":[{"href":"https:\/\/www.europesays.com\/fr\/wp-json\/wp\/v2\/media?parent=371543"}],"wp:term":[{"taxonomy":"category","embeddable":true,"href":"https:\/\/www.europesays.com\/fr\/wp-json\/wp\/v2\/categories?post=371543"},{"taxonomy":"post_tag","embeddable":true,"href":"https:\/\/www.europesays.com\/fr\/wp-json\/wp\/v2\/tags?post=371543"}],"curies":[{"name":"wp","href":"https:\/\/api.w.org\/{rel}","templated":true}]}}