{"id":371545,"date":"2025-09-06T21:39:11","date_gmt":"2025-09-06T21:39:11","guid":{"rendered":"https:\/\/www.europesays.com\/fr\/371545\/"},"modified":"2025-09-06T21:39:11","modified_gmt":"2025-09-06T21:39:11","slug":"a-la-braderie-de-lille-les-militants-de-gauche-tentent-de-rallier-les-badauds","status":"publish","type":"post","link":"https:\/\/www.europesays.com\/fr\/371545\/","title":{"rendered":"\u00e0 la braderie de Lille, les militants de gauche tentent de rallier les badauds"},"content":{"rendered":"<p>Porte de Paris, \u00e0 c\u00f4t\u00e9 du beffroi, la braderie bat son plein en ce samedi matin ensoleill\u00e9. Dans ce secteur, o\u00f9 les partis politiques et syndicats ont leur stand, r\u00e8gne d\u00e9j\u00e0 une ambiance de campagne \u00e9lectorale pour les prochaines municipales, tandis que la rentr\u00e9e politique nationale se fait aussi \u00e0 la braderie.<\/p>\n<p>Cet article est r\u00e9serv\u00e9 aux abonn\u00e9s<\/p>\n<p>\n                    Vous souhaitez lire la suite\u00a0? Abonnez-vous sans engagement \u00e0 notre offre num\u00e9rique\n                <\/p>\n<p>                <a href=\"https:\/\/www.la-croix.com\/abonnement\" class=\"default-paywall__subscribe-button\" data-tracking=\"cta_click\" data-tracking-action=\"voir la page abonnement\" data-tracking-category=\"abonnement\" rel=\"nofollow noopener\" target=\"_blank\">Je m&rsquo;abonne<\/a><\/p>\n","protected":false},"excerpt":{"rendered":"Porte de Paris, \u00e0 c\u00f4t\u00e9 du beffroi, la braderie bat son plein en ce samedi matin ensoleill\u00e9. Dans&hellip;\n","protected":false},"author":2,"featured_media":371546,"comment_status":"","ping_status":"","sticky":false,"template":"","format":"standard","meta":{"footnotes":""},"categories":[2815],"tags":[1111,11,1777,674,1011,27,811,1307,12,25],"class_list":{"0":"post-371545","1":"post","2":"type-post","3":"status-publish","4":"format-standard","5":"has-post-thumbnail","7":"category-lille","8":"tag-actu","9":"tag-actualites","10":"tag-eu","11":"tag-europe","12":"tag-fr","13":"tag-france","14":"tag-hauts-de-france","15":"tag-lille","16":"tag-news","17":"tag-republique-francaise"},"share_on_mastodon":{"url":"https:\/\/pubeurope.com\/@fr\/115159522651191651","error":""},"_links":{"self":[{"href":"https:\/\/www.europesays.com\/fr\/wp-json\/wp\/v2\/posts\/371545","targetHints":{"allow":["GET"]}}],"collection":[{"href":"https:\/\/www.europesays.com\/fr\/wp-json\/wp\/v2\/posts"}],"about":[{"href":"https:\/\/www.europesays.com\/fr\/wp-json\/wp\/v2\/types\/post"}],"author":[{"embeddable":true,"href":"https:\/\/www.europesays.com\/fr\/wp-json\/wp\/v2\/users\/2"}],"replies":[{"embeddable":true,"href":"https:\/\/www.europesays.com\/fr\/wp-json\/wp\/v2\/comments?post=371545"}],"version-history":[{"count":0,"href":"https:\/\/www.europesays.com\/fr\/wp-json\/wp\/v2\/posts\/371545\/revisions"}],"wp:featuredmedia":[{"embeddable":true,"href":"https:\/\/www.europesays.com\/fr\/wp-json\/wp\/v2\/media\/371546"}],"wp:attachment":[{"href":"https:\/\/www.europesays.com\/fr\/wp-json\/wp\/v2\/media?parent=371545"}],"wp:term":[{"taxonomy":"category","embeddable":true,"href":"https:\/\/www.europesays.com\/fr\/wp-json\/wp\/v2\/categories?post=371545"},{"taxonomy":"post_tag","embeddable":true,"href":"https:\/\/www.europesays.com\/fr\/wp-json\/wp\/v2\/tags?post=371545"}],"curies":[{"name":"wp","href":"https:\/\/api.w.org\/{rel}","templated":true}]}}