{"id":371547,"date":"2025-09-06T21:40:11","date_gmt":"2025-09-06T21:40:11","guid":{"rendered":"https:\/\/www.europesays.com\/fr\/371547\/"},"modified":"2025-09-06T21:40:11","modified_gmt":"2025-09-06T21:40:11","slug":"je-me-sens-comme-un-poisson-dans-leau-a-lille","status":"publish","type":"post","link":"https:\/\/www.europesays.com\/fr\/371547\/","title":{"rendered":"\u00ab Je me sens comme un poisson dans l\u2019eau \u00e0 Lille \u00bb"},"content":{"rendered":"<p>De retour en Ligue 1 apr\u00e8s plus de dix ans \u00e0 l\u2019\u00e9tranger, Olivier Giroud se confie sur son choix de revenir \u00e0 Lille, son r\u00f4le de mentor pour les jeunes et l\u2019importance de la foi dans sa carri\u00e8re. L\u2019attaquant de 39 ans \u00e9voque \u00e9galement ses souvenirs d\u2019enfant, ses idoles et sa mani\u00e8re de marquer des buts.<\/p>\n<p>Un retour en France motiv\u00e9 par le projet lillois<\/p>\n<p>Dans <a href=\"https:\/\/www.youtube.com\/watch?v=p8oqkYuOno0&amp;ab_channel=FranceInter\" target=\"_blank\" rel=\"noopener nofollow\">une interview \u00e0 Sonia Devillers sur France Inter<\/a>, Olivier Giroud est revenu sur plusieurs moments marquants de sa carri\u00e8re et sur son retour en Ligue 1. Il a commenc\u00e9 par expliqu\u00e9 son choix d\u2019aller \u00e0 Lille \u00ab Olivier Letang m\u2019a tout de suite convaincu que le projet lillois me conviendrait parfaitement. Pour \u00eatre honn\u00eate, avec mes d\u00e9buts et les personnes que j\u2019ai rencontr\u00e9es au sein du club, les supporters et les mecs du staff technique et m\u00e9dical, je me sens comme un poisson dans l\u2019eau et je suis content de ce choix \u00bb.<\/p>\n<p>Il a ajout\u00e9 : \u00ab Lille en elle-m\u00eame, cette ville\u2026 j\u2019ai entendu beaucoup de belles choses sur l\u2019\u00e9tat d\u2019esprit, la mentalit\u00e9 des gens du Nord. Le projet de Lille depuis plusieurs ann\u00e9es est un projet o\u00f9 on fait monter les jeunes. Il faut des mecs d\u2019exp\u00e9rience un peu aguerris pour les entourer. \u00bb<\/p>\n<p>L\u2019attaquant se voit comme un guide pour les jeunes talents : \u00ab Je suis exactement dans cette optique-l\u00e0 de redonner au foot ce qu\u2019il m\u2019a apport\u00e9 pendant toutes ces ann\u00e9es et de transmettre tout ce que j\u2019ai appris de mon exp\u00e9rience et d\u2019\u00eatre l\u00e0 pour les plus jeunes s\u2019ils en ont besoin. \u00bb<\/p>\n<p>Il a insist\u00e9 sur l\u2019importance du staff et de l\u2019encadrement : \u00ab Il y a de tr\u00e8s bons jeunes, un tr\u00e8s bon staff, Bruno Genesio, un coach avec lequel j\u2019\u00e9tais excit\u00e9 de commencer \u00e0 travailler. C\u2019est tout ce \u00e0 quoi je m\u2019attendais \u00bb, a-t-il d\u00e9clar\u00e9, satisfait.<\/p>\n<p>Le r\u00f4le du mental et de l\u2019instinct chez un buteur<\/p>\n<p>Giroud est \u00e9galement revenu sur son rapport \u00e0 l\u2019attaque et \u00e0 la pression : \u00ab On est tellement innocent. C\u2019est le plus beau poste au du foot parce qu\u2019on a la possibilit\u00e9 de procurer un plaisir aux gens extraordinaires, le fait de marquer des buts. \u00bb<\/p>\n<p>Et sur sa mani\u00e8re de marquer : \u00ab Beaucoup de mes buts, je les ai marqu\u00e9s, je les marque encore aujourd\u2019hui en une touche de balle. C\u2019est-\u00e0-dire que dans la surface, des fois, tu n\u2019as pas le temps de contr\u00f4ler et de prendre l\u2019information de tout ce qui se passe autour de toi\u2026 C\u2019est de l\u2019instinct. \u00bb<\/p>\n<p>La foi comme pilier de carri\u00e8re<\/p>\n<p>Sur sa pratique religieuse, Giroud confie : \u00ab Pour moi, on est tous fr\u00e8res et s\u0153urs et m\u00eame si voil\u00e0, dans notre foi\u2026 j\u2019ai aussi des fr\u00e8res musulmans, des fr\u00e8res juifs\u2026 le fait d\u2019avoir cette foi et de toujours relativiser ce qui nous arrive par rapport \u00e0 la vie de J\u00e9sus a \u00e9t\u00e9 vraiment un rocher, un ancrage tr\u00e8s important dans ma carri\u00e8re. (\u2026) J\u2019accepte d\u2019en parler parce qu\u2019il y a beaucoup de jeunes, quand je suis arriv\u00e9 par exemple au LOSC, qui m\u2019ont dit \u00ab\u00a0ma famille, ma s\u0153ur ou ma m\u00e8re m\u2019a dit reste avec Olivier, suis-le, parce que c\u2019est un tr\u00e8s bon petit et qu\u2019il a des valeurs, il est tr\u00e8s croyant, il va pouvoir t\u2019accompagner\u00a0\u00bb. Mais c\u2019est vrai qu\u2019on ne le voit pas beaucoup en France, en Europe, mais il y a beaucoup de mecs qui prient de leur c\u00f4t\u00e9 \u00bb<\/p>\n<\/p>\n<p>Gnam\u00e9 DIARRA<\/p>\n<p>Cr\u00e9dit photo : Philippe Lecoeur\/FEP\/<a href=\"https:\/\/www.iconsport.photo\/\" target=\"_blank\" rel=\"noopener nofollow\">Icon Sport<\/a><\/p>\n","protected":false},"excerpt":{"rendered":"De retour en Ligue 1 apr\u00e8s plus de dix ans \u00e0 l\u2019\u00e9tranger, Olivier Giroud se confie sur son&hellip;\n","protected":false},"author":2,"featured_media":371548,"comment_status":"","ping_status":"","sticky":false,"template":"","format":"standard","meta":{"footnotes":""},"categories":[2815],"tags":[1111,11,1777,674,1011,27,811,1307,12,25],"class_list":{"0":"post-371547","1":"post","2":"type-post","3":"status-publish","4":"format-standard","5":"has-post-thumbnail","7":"category-lille","8":"tag-actu","9":"tag-actualites","10":"tag-eu","11":"tag-europe","12":"tag-fr","13":"tag-france","14":"tag-hauts-de-france","15":"tag-lille","16":"tag-news","17":"tag-republique-francaise"},"share_on_mastodon":{"url":"https:\/\/pubeurope.com\/@fr\/115159526546542326","error":""},"_links":{"self":[{"href":"https:\/\/www.europesays.com\/fr\/wp-json\/wp\/v2\/posts\/371547","targetHints":{"allow":["GET"]}}],"collection":[{"href":"https:\/\/www.europesays.com\/fr\/wp-json\/wp\/v2\/posts"}],"about":[{"href":"https:\/\/www.europesays.com\/fr\/wp-json\/wp\/v2\/types\/post"}],"author":[{"embeddable":true,"href":"https:\/\/www.europesays.com\/fr\/wp-json\/wp\/v2\/users\/2"}],"replies":[{"embeddable":true,"href":"https:\/\/www.europesays.com\/fr\/wp-json\/wp\/v2\/comments?post=371547"}],"version-history":[{"count":0,"href":"https:\/\/www.europesays.com\/fr\/wp-json\/wp\/v2\/posts\/371547\/revisions"}],"wp:featuredmedia":[{"embeddable":true,"href":"https:\/\/www.europesays.com\/fr\/wp-json\/wp\/v2\/media\/371548"}],"wp:attachment":[{"href":"https:\/\/www.europesays.com\/fr\/wp-json\/wp\/v2\/media?parent=371547"}],"wp:term":[{"taxonomy":"category","embeddable":true,"href":"https:\/\/www.europesays.com\/fr\/wp-json\/wp\/v2\/categories?post=371547"},{"taxonomy":"post_tag","embeddable":true,"href":"https:\/\/www.europesays.com\/fr\/wp-json\/wp\/v2\/tags?post=371547"}],"curies":[{"name":"wp","href":"https:\/\/api.w.org\/{rel}","templated":true}]}}