{"id":371549,"date":"2025-09-06T21:41:11","date_gmt":"2025-09-06T21:41:11","guid":{"rendered":"https:\/\/www.europesays.com\/fr\/371549\/"},"modified":"2025-09-06T21:41:11","modified_gmt":"2025-09-06T21:41:11","slug":"500-associations-presentes-pour-seduire-les-marseillais-au-festival-vivacite-dimanche","status":"publish","type":"post","link":"https:\/\/www.europesays.com\/fr\/371549\/","title":{"rendered":"500 associations pr\u00e9sentes pour s\u00e9duire les Marseillais au festival Vivacit\u00e9 dimanche"},"content":{"rendered":"<p>Le mois de janvier n\u2019est pas le seul de l\u2019ann\u00e9e propice aux bonnes r\u00e9solutions et aux beaux projets. Avec la fin de l\u2019\u00e9t\u00e9, le retour en classe ou au travail, le besoin de s\u2019\u00e9vader du quotidien peut d\u00e9j\u00e0 se faire sentir. Pour all\u00e9cher les Marseillais en qu\u00eate de nouvelles perspectives, le festival <a href=\"https:\/\/www.laprovence.com\/article\/sortie-loisirs\/2678386969378415\/vivacite-a-marseille-le-festival-des-associations-se-tiendra-ce-dimanche-sur-le-vieux-port\" target=\"_blank\" rel=\"noopener\">Vivacit\u00e9<\/a> revient cette ann\u00e9e encore sur le Vieux-Port pour sa quatri\u00e8me \u00e9dition.<\/p>\n<p>Pour la grande rentr\u00e9e associative de tous les clubs, les stands de 500 associations seront \u00e0 visiter toute la journ\u00e9e, de 10h \u00e0 18h30, sur les quais qui seront pi\u00e9tonnis\u00e9s ce dimanche 7 septembre. Comme tous les ans depuis sa cr\u00e9ation, Vivacit\u00e9 rassemble des associations aussi bien sportives et culturelles, qu\u2019artistique et sociales, pour <a href=\"https:\/\/www.laprovence.com\/article\/ecoplanete\/6130876417916114\/environnement-en-mediterranee-restaurer-la-nature-ca-marche\" target=\"_blank\" rel=\"noopener\">la pr\u00e9servation de l\u2019environnement<\/a> ou la d\u00e9fense des droits des minorit\u00e9s.<\/p>\n<p>Inscription aux clubs sur place<\/p>\n<p>L\u2019entr\u00e9e est gratuite, comme les animations, ateliers et spectacles qui rythmeront cette journ\u00e9e, qui est devenue un rendez-vous pour toutes celles et ceux qui aiment d\u00e9couvrir de nouvelles activit\u00e9s. Sur un espace d\u00e9di\u00e9 au sport,<strong> il sera par exemple possible de tester de nouvelles disciplines<\/strong>.<\/p>\n<p>Sur la plupart des stands, selon <a href=\"https:\/\/www.laprovence.com\/article\/region\/63634853733587\/a-marseille-450-associations-reunies-au-pharo-pour-renforcer-le-lien-avec-la-ville\" target=\"_blank\" rel=\"noopener\">les associations<\/a> et le type d\u2019activit\u00e9, il sera possible de s\u2019inscrire directement sur place, ou de laisser ses coordonn\u00e9es pour participer \u00e0 des s\u00e9ances ou des cours d\u2019essais en club.<\/p>\n<p>L\u2019ann\u00e9e derni\u00e8re, en septembre\u00a02024, l\u2019\u00e9dition avait attir\u00e9 plus de 15\u00a0000 personnes.<\/p>\n","protected":false},"excerpt":{"rendered":"Le mois de janvier n\u2019est pas le seul de l\u2019ann\u00e9e propice aux bonnes r\u00e9solutions et aux beaux projets.&hellip;\n","protected":false},"author":2,"featured_media":371550,"comment_status":"","ping_status":"","sticky":false,"template":"","format":"standard","meta":{"footnotes":""},"categories":[2814],"tags":[17,14971,1111,11,4733,1777,674,1011,27,151,761,884,12,471,14321,882,16,25,29498],"class_list":{"0":"post-371549","1":"post","2":"type-post","3":"status-publish","4":"format-standard","5":"has-post-thumbnail","7":"category-marseille","8":"tag-17","9":"tag-14971","10":"tag-actu","11":"tag-actualites","12":"tag-associations","13":"tag-eu","14":"tag-europe","15":"tag-fr","16":"tag-france","17":"tag-les","18":"tag-marseillais","19":"tag-marseille","20":"tag-news","21":"tag-pour","22":"tag-presentes","23":"tag-provence-alpes-cote-dazur","24":"tag-region","25":"tag-republique-francaise","26":"tag-seduire"},"share_on_mastodon":{"url":"https:\/\/pubeurope.com\/@fr\/115159530508456315","error":""},"_links":{"self":[{"href":"https:\/\/www.europesays.com\/fr\/wp-json\/wp\/v2\/posts\/371549","targetHints":{"allow":["GET"]}}],"collection":[{"href":"https:\/\/www.europesays.com\/fr\/wp-json\/wp\/v2\/posts"}],"about":[{"href":"https:\/\/www.europesays.com\/fr\/wp-json\/wp\/v2\/types\/post"}],"author":[{"embeddable":true,"href":"https:\/\/www.europesays.com\/fr\/wp-json\/wp\/v2\/users\/2"}],"replies":[{"embeddable":true,"href":"https:\/\/www.europesays.com\/fr\/wp-json\/wp\/v2\/comments?post=371549"}],"version-history":[{"count":0,"href":"https:\/\/www.europesays.com\/fr\/wp-json\/wp\/v2\/posts\/371549\/revisions"}],"wp:featuredmedia":[{"embeddable":true,"href":"https:\/\/www.europesays.com\/fr\/wp-json\/wp\/v2\/media\/371550"}],"wp:attachment":[{"href":"https:\/\/www.europesays.com\/fr\/wp-json\/wp\/v2\/media?parent=371549"}],"wp:term":[{"taxonomy":"category","embeddable":true,"href":"https:\/\/www.europesays.com\/fr\/wp-json\/wp\/v2\/categories?post=371549"},{"taxonomy":"post_tag","embeddable":true,"href":"https:\/\/www.europesays.com\/fr\/wp-json\/wp\/v2\/tags?post=371549"}],"curies":[{"name":"wp","href":"https:\/\/api.w.org\/{rel}","templated":true}]}}