{"id":371553,"date":"2025-09-06T21:43:17","date_gmt":"2025-09-06T21:43:17","guid":{"rendered":"https:\/\/www.europesays.com\/fr\/371553\/"},"modified":"2025-09-06T21:43:17","modified_gmt":"2025-09-06T21:43:17","slug":"lyon-diego-dantas-du-carnaval-de-rio-au-defile-de-la-biennale-de-la-danse","status":"publish","type":"post","link":"https:\/\/www.europesays.com\/fr\/371553\/","title":{"rendered":"Lyon. Diego Dantas, du carnaval de Rio au d\u00e9fil\u00e9 de la Biennale de la danse"},"content":{"rendered":"<p>Entre le d\u00e9fil\u00e9 de la Biennale de la danse et le Br\u00e9sil, c\u2019est une longue histoire d\u2019amiti\u00e9s qui d\u00e9bute en 1996. Cette ann\u00e9e-l\u00e0, la Biennale organise sa premi\u00e8re parade \u00e0 l\u2019initiative du directeur de l\u2019\u00e9poque, Guy Darmet.<\/p>\n<p>Passionn\u00e9 par le pays et son fameux carnaval de Rio, il invite quatre troupes br\u00e9siliennes \u00e0 d\u00e9filer avec les 2\u00a0000 danseurs amateurs issus des quartiers de l\u2019agglom\u00e9ration lyonnaise. Parmi elles, Imperatriz Leopoldinense, une fameuse \u00e9cole de samba que conna\u00eet bien Diego Dantas.<\/p>\n<p><strong>&gt;<\/strong><a href=\"https:\/\/www.leprogres.fr\/culture-loisirs\/2025\/09\/05\/danse-une-biennale-pour-feter-le-bresil\" target=\"_blank\" rel=\"noopener\"><strong>&gt; Danse\u00a0: une Biennale pour f\u00eater le Br\u00e9sil<\/strong><\/a><\/p>\n<p>Le directeur artistique du centre&#8230;<\/p>\n","protected":false},"excerpt":{"rendered":"Entre le d\u00e9fil\u00e9 de la Biennale de la danse et le Br\u00e9sil, c\u2019est une longue histoire d\u2019amiti\u00e9s qui&hellip;\n","protected":false},"author":2,"featured_media":371554,"comment_status":"","ping_status":"","sticky":false,"template":"","format":"standard","meta":{"footnotes":""},"categories":[1889],"tags":[1111,11,2430,1687,2757,1777,674,1011,27,2428,2756,12,25,2429,3140],"class_list":{"0":"post-371553","1":"post","2":"type-post","3":"status-publish","4":"format-standard","5":"has-post-thumbnail","7":"category-lyon","8":"tag-actu","9":"tag-actualites","10":"tag-auvergne-rhone-alpes","11":"tag-culture-loisirs","12":"tag-edition-lyon-villeurbanne","13":"tag-eu","14":"tag-europe","15":"tag-fr","16":"tag-france","17":"tag-lyon","18":"tag-lyon-bassin","19":"tag-news","20":"tag-republique-francaise","21":"tag-rhone","22":"tag-spectacle"},"share_on_mastodon":{"url":"https:\/\/pubeurope.com\/@fr\/115159538364506925","error":""},"_links":{"self":[{"href":"https:\/\/www.europesays.com\/fr\/wp-json\/wp\/v2\/posts\/371553","targetHints":{"allow":["GET"]}}],"collection":[{"href":"https:\/\/www.europesays.com\/fr\/wp-json\/wp\/v2\/posts"}],"about":[{"href":"https:\/\/www.europesays.com\/fr\/wp-json\/wp\/v2\/types\/post"}],"author":[{"embeddable":true,"href":"https:\/\/www.europesays.com\/fr\/wp-json\/wp\/v2\/users\/2"}],"replies":[{"embeddable":true,"href":"https:\/\/www.europesays.com\/fr\/wp-json\/wp\/v2\/comments?post=371553"}],"version-history":[{"count":0,"href":"https:\/\/www.europesays.com\/fr\/wp-json\/wp\/v2\/posts\/371553\/revisions"}],"wp:featuredmedia":[{"embeddable":true,"href":"https:\/\/www.europesays.com\/fr\/wp-json\/wp\/v2\/media\/371554"}],"wp:attachment":[{"href":"https:\/\/www.europesays.com\/fr\/wp-json\/wp\/v2\/media?parent=371553"}],"wp:term":[{"taxonomy":"category","embeddable":true,"href":"https:\/\/www.europesays.com\/fr\/wp-json\/wp\/v2\/categories?post=371553"},{"taxonomy":"post_tag","embeddable":true,"href":"https:\/\/www.europesays.com\/fr\/wp-json\/wp\/v2\/tags?post=371553"}],"curies":[{"name":"wp","href":"https:\/\/api.w.org\/{rel}","templated":true}]}}