{"id":371555,"date":"2025-09-06T21:44:15","date_gmt":"2025-09-06T21:44:15","guid":{"rendered":"https:\/\/www.europesays.com\/fr\/371555\/"},"modified":"2025-09-06T21:44:15","modified_gmt":"2025-09-06T21:44:15","slug":"lyon-cetait-quoi-cet-impressionnant-panache-de-fumee-a-la-sortie-du-tunnel-de-fourviere","status":"publish","type":"post","link":"https:\/\/www.europesays.com\/fr\/371555\/","title":{"rendered":"Lyon. C\u2019\u00e9tait quoi cet impressionnant panache de fum\u00e9e \u00e0 la sortie du tunnel de Fourvi\u00e8re ?"},"content":{"rendered":"<p>Ce samedi 6 septembre aux alentours de 19 heures, les automobilistes sortant du tunnel de Fourvi\u00e8re ont \u00e9t\u00e9 accueilli par un d\u00e9gagement de fum\u00e9e aux proportions plut\u00f4t inqui\u00e9tantes, sous le pont de la M6, au niveau de la sortie Vaise vers Lyon Gorge-de-Loup.<\/p>\n<p>Aucune victime \u00e0 d\u00e9plorer<\/p>\n<p>Renseignement pris, il s\u2019agissait d\u2019un feu de caravane. Heureusement, personne ne se trouvait \u00e0 l\u2019int\u00e9rieur lorsqu\u2019il s\u2019est d\u00e9clar\u00e9.<\/p>\n<p>Les secours sont intervenus tr\u00e8s rapidement, \u00e0 l\u2019aide d\u2019un seul v\u00e9hicule, et ont \u00e9teint cet incendie heureusement plus spectaculaire que grave.<\/p>\n","protected":false},"excerpt":{"rendered":"Ce samedi 6 septembre aux alentours de 19 heures, les automobilistes sortant du tunnel de Fourvi\u00e8re ont \u00e9t\u00e9&hellip;\n","protected":false},"author":2,"featured_media":371556,"comment_status":"","ping_status":"","sticky":false,"template":"","format":"standard","meta":{"footnotes":""},"categories":[1889],"tags":[1111,11,2430,2757,1777,674,274,107,1011,27,1310,2428,12,25,2429],"class_list":{"0":"post-371555","1":"post","2":"type-post","3":"status-publish","4":"format-standard","5":"has-post-thumbnail","7":"category-lyon","8":"tag-actu","9":"tag-actualites","10":"tag-auvergne-rhone-alpes","11":"tag-edition-lyon-villeurbanne","12":"tag-eu","13":"tag-europe","14":"tag-faits-divers-justice","15":"tag-fil-info","16":"tag-fr","17":"tag-france","18":"tag-incendie","19":"tag-lyon","20":"tag-news","21":"tag-republique-francaise","22":"tag-rhone"},"share_on_mastodon":{"url":"https:\/\/pubeurope.com\/@fr\/115159542269981260","error":""},"_links":{"self":[{"href":"https:\/\/www.europesays.com\/fr\/wp-json\/wp\/v2\/posts\/371555","targetHints":{"allow":["GET"]}}],"collection":[{"href":"https:\/\/www.europesays.com\/fr\/wp-json\/wp\/v2\/posts"}],"about":[{"href":"https:\/\/www.europesays.com\/fr\/wp-json\/wp\/v2\/types\/post"}],"author":[{"embeddable":true,"href":"https:\/\/www.europesays.com\/fr\/wp-json\/wp\/v2\/users\/2"}],"replies":[{"embeddable":true,"href":"https:\/\/www.europesays.com\/fr\/wp-json\/wp\/v2\/comments?post=371555"}],"version-history":[{"count":0,"href":"https:\/\/www.europesays.com\/fr\/wp-json\/wp\/v2\/posts\/371555\/revisions"}],"wp:featuredmedia":[{"embeddable":true,"href":"https:\/\/www.europesays.com\/fr\/wp-json\/wp\/v2\/media\/371556"}],"wp:attachment":[{"href":"https:\/\/www.europesays.com\/fr\/wp-json\/wp\/v2\/media?parent=371555"}],"wp:term":[{"taxonomy":"category","embeddable":true,"href":"https:\/\/www.europesays.com\/fr\/wp-json\/wp\/v2\/categories?post=371555"},{"taxonomy":"post_tag","embeddable":true,"href":"https:\/\/www.europesays.com\/fr\/wp-json\/wp\/v2\/tags?post=371555"}],"curies":[{"name":"wp","href":"https:\/\/api.w.org\/{rel}","templated":true}]}}