{"id":371561,"date":"2025-09-06T21:48:12","date_gmt":"2025-09-06T21:48:12","guid":{"rendered":"https:\/\/www.europesays.com\/fr\/371561\/"},"modified":"2025-09-06T21:48:12","modified_gmt":"2025-09-06T21:48:12","slug":"une-voiture-fauche-quatre-pietons-pres-de-la-plage-de-pirou-un-mort-et-trois-blesses-graves","status":"publish","type":"post","link":"https:\/\/www.europesays.com\/fr\/371561\/","title":{"rendered":"Une voiture fauche quatre pi\u00e9tons pr\u00e8s de la plage de Pirou, un mort et trois bless\u00e9s graves"},"content":{"rendered":"<p class=\"article__intro\">Le conducteur d&rsquo;une voiture de tourisme a perdu le contr\u00f4le de son v\u00e9hicule et fauch\u00e9 quatre personnes \u00e0 Pirou (Manche), samedi 6 septembre 2025. Le bilan de l&rsquo;accident est dramatique, un pi\u00e9ton est mort, les trois autres sont gri\u00e8vement bless\u00e9s.<\/p>\n<p>\n      La Quotidienne Soci\u00e9t\u00e9\n    <\/p>\n<p>\n      De la vie quotidienne aux grands enjeux, recevez tous les jours les sujets qui font la soci\u00e9t\u00e9 locale, comme la justice, l\u2019\u00e9ducation, la sant\u00e9 et la famille.\n    <\/p>\n<p>    France T\u00e9l\u00e9visions utilise votre adresse e-mail afin de vous envoyer la newsletter \u00ab\u00a0La Quotidienne Soci\u00e9t\u00e9\u00a0\u00bb. Vous pouvez vous d\u00e9sinscrire \u00e0 tout moment via le lien en bas de cette newsletter. <a target=\"_blank\" href=\"https:\/\/www.francetelevisions.fr\/groupe\/confidentialite\/politique-de-confidentialite\/politique-de-confidentialite-de-france-televisions-6503\" rel=\"nofollow noopener\">Notre politique de confidentialit\u00e9<\/a><\/p>\n<p>Un dramatique accident s&rsquo;est produit samedi 6 septembre 2025 \u00e0 Pirou, dans la Manche. Pour une raison inconnue, une voiture a percut\u00e9 quatre pi\u00e9tons qui revenaient de la plage, rue Fernand Desplanques, \u00e0 proximit\u00e9 de la pizzeria Les Embruns.<\/p>\n<p>Le bilan de l&rsquo;accident est dramatique. Une femme septuag\u00e9naire est morte, les trois personnes qui l&rsquo;accompagnaient, \u00e2g\u00e9es de la cinquantaine \u00e0 plus de 70 ans, sont gri\u00e8vement bless\u00e9es. Le conducteur \u00e2g\u00e9 de 81 ans, et sa passag\u00e8re sont plus l\u00e9g\u00e8rement bless\u00e9s.\u00a0<\/p>\n<\/p>\n<p>Les pompiers du SDIS 50 ont d\u00e9ploy\u00e9 un poste de commandement avanc\u00e9 pour prendre en charge les victimes. 36 sapeurs pompiers sont actuellement en intervention, les trois h\u00e9licopt\u00e8res de la r\u00e9gion (Dragon 50, Dragon 76 et Helismur 61) ont \u00e9t\u00e9 d\u00e9p\u00each\u00e9s sur place.\u00a0<\/p>\n<p>Selon No\u00eblle Leforestier, maire de Pirou, \u00ab\u00a0le conducteur a fait un malaise\u00a0\u00bb, une information confirm\u00e9e par le procureur de Coutances.<\/p>\n<blockquote class=\"ftvi_content_quote\">\n<p class=\"ftvi_citation_quote\">Des premiers \u00e9l\u00e9ments recueillis, il semblerait que le conducteur du v\u00e9hicule \u00e0 bo\u00eete automatique ait fait un malaise. Le v\u00e9hicule a poursuivi la route sur plusieurs m\u00e8tres avant de percuter un groupe de personnes. La th\u00e8se volontaire est formellement exclue.<\/p>\n<p>Gauthier Poupeau, procureur de la R\u00e9publique de Coutances<\/p>\n<\/blockquote>\n<p>Une enqu\u00eate est en cours pour d\u00e9terminer plus pr\u00e9cis\u00e9ment les circonstances du drame, confi\u00e9e \u00e0 la compagnie de Coutances. Un technicien d&rsquo;identification criminelle est sur place.\u00a0<\/p>\n<p>        <img decoding=\"async\" width=\"640\" height=\"426\" class=\"article-image not-lazy\" src=\"https:\/\/france3-regions.franceinfo.fr\/assets\/img\/logos\/fallbackFr3_16_9.webp\" alt=\"\" fetchpriority=\"high\"\/><\/p>\n<p>              Voir la video.\u00a0<br \/>\n                  Voir la video<\/p>\n<p>\n          Une voiture fauche mortellement des pi\u00e9tons pr\u00e8s de la plage de Pirou<\/p>\n<p>        \u2022<\/p>\n<p>              \u00a9Webcam Pirou\n      <\/p>\n<p>Sur la cam\u00e9ra de vid\u00e9osurveillance de la plage de Pirou, on peut observer la voiture en cause finir sa course sur le front de mer, renvers\u00e9e apr\u00e8s un d\u00e9rapage incontr\u00f4l\u00e9 \u00e0 vive allure.\u00a0<\/p>\n","protected":false},"excerpt":{"rendered":"Le conducteur d&rsquo;une voiture de tourisme a perdu le contr\u00f4le de son v\u00e9hicule et fauch\u00e9 quatre personnes \u00e0&hellip;\n","protected":false},"author":2,"featured_media":371562,"comment_status":"","ping_status":"","sticky":false,"template":"","format":"standard","meta":{"footnotes":""},"categories":[1888],"tags":[1111,1928,11,1927,1777,674,1011,27,12,1926,626,1925,25],"class_list":{"0":"post-371561","1":"post","2":"type-post","3":"status-publish","4":"format-standard","5":"has-post-thumbnail","7":"category-paris","8":"tag-actu","9":"tag-actu-paris","10":"tag-actualites","11":"tag-actualites-paris","12":"tag-eu","13":"tag-europe","14":"tag-fr","15":"tag-france","16":"tag-news","17":"tag-news-paris","18":"tag-paris","19":"tag-paris-news","20":"tag-republique-francaise"},"share_on_mastodon":{"url":"https:\/\/pubeurope.com\/@fr\/115159558507948791","error":""},"_links":{"self":[{"href":"https:\/\/www.europesays.com\/fr\/wp-json\/wp\/v2\/posts\/371561","targetHints":{"allow":["GET"]}}],"collection":[{"href":"https:\/\/www.europesays.com\/fr\/wp-json\/wp\/v2\/posts"}],"about":[{"href":"https:\/\/www.europesays.com\/fr\/wp-json\/wp\/v2\/types\/post"}],"author":[{"embeddable":true,"href":"https:\/\/www.europesays.com\/fr\/wp-json\/wp\/v2\/users\/2"}],"replies":[{"embeddable":true,"href":"https:\/\/www.europesays.com\/fr\/wp-json\/wp\/v2\/comments?post=371561"}],"version-history":[{"count":0,"href":"https:\/\/www.europesays.com\/fr\/wp-json\/wp\/v2\/posts\/371561\/revisions"}],"wp:featuredmedia":[{"embeddable":true,"href":"https:\/\/www.europesays.com\/fr\/wp-json\/wp\/v2\/media\/371562"}],"wp:attachment":[{"href":"https:\/\/www.europesays.com\/fr\/wp-json\/wp\/v2\/media?parent=371561"}],"wp:term":[{"taxonomy":"category","embeddable":true,"href":"https:\/\/www.europesays.com\/fr\/wp-json\/wp\/v2\/categories?post=371561"},{"taxonomy":"post_tag","embeddable":true,"href":"https:\/\/www.europesays.com\/fr\/wp-json\/wp\/v2\/tags?post=371561"}],"curies":[{"name":"wp","href":"https:\/\/api.w.org\/{rel}","templated":true}]}}