{"id":371563,"date":"2025-09-06T21:49:24","date_gmt":"2025-09-06T21:49:24","guid":{"rendered":"https:\/\/www.europesays.com\/fr\/371563\/"},"modified":"2025-09-06T21:49:24","modified_gmt":"2025-09-06T21:49:24","slug":"la-composition-de-lequipe-de-france-avec-desire-doue-titulaire-contre-lukraine","status":"publish","type":"post","link":"https:\/\/www.europesays.com\/fr\/371563\/","title":{"rendered":"La composition de l&rsquo;\u00e9quipe de France, avec D\u00e9sir\u00e9 Dou\u00e9 titulaire contre l&rsquo;Ukraine"},"content":{"rendered":"<p>L&rsquo;\u00c9QUIPE<\/p>\n<p><b data-v-4d1d1ec8=\"\">Quel plaisir de vous retrouver,<\/b><br data-v-4d1d1ec8=\"\"\/> avant d&rsquo;acc\u00e9der \u00e0 L&rsquo;\u00c9quipe,<br data-v-4d1d1ec8=\"\"\/> merci d&rsquo;accepter les cookies. <b data-v-4d1d1ec8=\"\">Quel plaisir de vous retrouver,<\/b><br data-v-4d1d1ec8=\"\"\/> avant d&rsquo;acc\u00e9der \u00e0 L&rsquo;\u00c9quipe, merci d&rsquo;accepter les cookies.<\/p>\n<p>            L&rsquo;\u00c9quipe, <a href=\"https:\/\/www.lequipe.fr\/Page\/Informations-legales-de-l-equipe-et-les-societes-de-son-groupe\/1185337\" rel=\"noopener nofollow\" class=\"Link\" data-v-522fa997=\"\" data-v-4d1d1ec8=\"\" target=\"_blank\"> les soci\u00e9t\u00e9s de son groupe<\/a><br \/>\n            et<br \/>\n                leurs 272 partenaires<br \/>\n             utilisent des cookies ou traceurs pour stocker et\/ou acc\u00e9der \u00e0 des informations sur votre terminal<br \/>\n            et traiter des donn\u00e9es personnelles vous concernant. Cela nous permet de vous afficher de la publicit\u00e9 personnalis\u00e9e en fonction de votre navigation, de vos donn\u00e9es de profil<br \/>\n            ou de votre localisation, de personnaliser le contenu \u00e9ditorial, de mesurer l&rsquo;audience de notre site et de permettre l&rsquo;interaction avec les r\u00e9seaux sociaux. Pour acc\u00e9der<br \/>\n            gratuitement au site (hors contenus exclusifs abonn\u00e9s), vous devez accepter l&rsquo;utilisation des traceurs de publicit\u00e9 personnalis\u00e9e, par L&rsquo;\u00c9quipe et des tiers partenaires.<br \/>\n            En cas de refus, navigation et fonctionnalit\u00e9s seront limit\u00e9es sur le site. Vos pr\u00e9f\u00e9rences s&rsquo;appliqueront uniquement \u00e0 nos sites et pourront \u00eatre modifi\u00e9es \u00e0 tout moment via<br \/>\n            le menu \u00ab param\u00e9trer mon consentement \u00bb.<br \/>\n            Plus d&rsquo;informations : <a href=\"https:\/\/www.lequipe.fr\/Page\/Politique-de-confidentialite\/1183897\" rel=\"noopener nofollow\" class=\"Link\" data-v-522fa997=\"\" data-v-4d1d1ec8=\"\" target=\"_blank\">politique de confidentialit\u00e9<\/a>.<\/p>\n<p>\n                oui, j&rsquo;accepte<\/p>\n<p>                non, je refuse\n            <\/p>\n","protected":false},"excerpt":{"rendered":"L&rsquo;\u00c9QUIPE Quel plaisir de vous retrouver, avant d&rsquo;acc\u00e9der \u00e0 L&rsquo;\u00c9quipe, merci d&rsquo;accepter les cookies. Quel plaisir de vous&hellip;\n","protected":false},"author":2,"featured_media":371564,"comment_status":"","ping_status":"","sticky":false,"template":"","format":"standard","meta":{"footnotes":""},"categories":[1888],"tags":[1111,1928,11,1927,1777,674,1011,27,12,1926,626,1925,25],"class_list":{"0":"post-371563","1":"post","2":"type-post","3":"status-publish","4":"format-standard","5":"has-post-thumbnail","7":"category-paris","8":"tag-actu","9":"tag-actu-paris","10":"tag-actualites","11":"tag-actualites-paris","12":"tag-eu","13":"tag-europe","14":"tag-fr","15":"tag-france","16":"tag-news","17":"tag-news-paris","18":"tag-paris","19":"tag-paris-news","20":"tag-republique-francaise"},"share_on_mastodon":{"url":"https:\/\/pubeurope.com\/@fr\/115159562001168312","error":""},"_links":{"self":[{"href":"https:\/\/www.europesays.com\/fr\/wp-json\/wp\/v2\/posts\/371563","targetHints":{"allow":["GET"]}}],"collection":[{"href":"https:\/\/www.europesays.com\/fr\/wp-json\/wp\/v2\/posts"}],"about":[{"href":"https:\/\/www.europesays.com\/fr\/wp-json\/wp\/v2\/types\/post"}],"author":[{"embeddable":true,"href":"https:\/\/www.europesays.com\/fr\/wp-json\/wp\/v2\/users\/2"}],"replies":[{"embeddable":true,"href":"https:\/\/www.europesays.com\/fr\/wp-json\/wp\/v2\/comments?post=371563"}],"version-history":[{"count":0,"href":"https:\/\/www.europesays.com\/fr\/wp-json\/wp\/v2\/posts\/371563\/revisions"}],"wp:featuredmedia":[{"embeddable":true,"href":"https:\/\/www.europesays.com\/fr\/wp-json\/wp\/v2\/media\/371564"}],"wp:attachment":[{"href":"https:\/\/www.europesays.com\/fr\/wp-json\/wp\/v2\/media?parent=371563"}],"wp:term":[{"taxonomy":"category","embeddable":true,"href":"https:\/\/www.europesays.com\/fr\/wp-json\/wp\/v2\/categories?post=371563"},{"taxonomy":"post_tag","embeddable":true,"href":"https:\/\/www.europesays.com\/fr\/wp-json\/wp\/v2\/tags?post=371563"}],"curies":[{"name":"wp","href":"https:\/\/api.w.org\/{rel}","templated":true}]}}