{"id":371565,"date":"2025-09-06T21:50:16","date_gmt":"2025-09-06T21:50:16","guid":{"rendered":"https:\/\/www.europesays.com\/fr\/371565\/"},"modified":"2025-09-06T21:50:16","modified_gmt":"2025-09-06T21:50:16","slug":"la-tradition-de-loffice-religieux-en-plein-air-a-notre-dame-de-la-paix","status":"publish","type":"post","link":"https:\/\/www.europesays.com\/fr\/371565\/","title":{"rendered":"La tradition de l\u2019office religieux en plein air \u00e0 Notre-Dame-de-la-Paix"},"content":{"rendered":"<p>Dimanche 31 ao\u00fbt, les fid\u00e8les se sont retrouv\u00e9s autour du p\u00e8re Philippe, pour un office religieux en plein air, comme chaque ann\u00e9e, au pied de Notre-Dame-de-la-Paix, \u00e9rig\u00e9e au lendemain du conflit 1939-1945 par les habitants des trois villages du Val d\u2019Esnoms, reconnaissants \u00e0 la sainte Vierge d\u2019avoir prot\u00e9g\u00e9 ses enfants, tous revenus sains et saufs de la guerre. Cette statue, qui surplombe le secteur, a la particularit\u00e9 d\u2019\u00eatre tourn\u00e9e en direction des trois villages Chatoillenot, Courcelles-Val-d\u2019Esnoms et Esnoms-au-Val.<\/p>\n<ul class=\"splide__list\">\n<li class=\"splide__slide\">\n                    <img decoding=\"async\" src=\"https:\/\/www.europesays.com\/fr\/wp-content\/uploads\/2025\/09\/917779.HR_.jpg\" alt=\"\"\/><br \/>\n                                            Les fid\u00e8les ont assist\u00e9 \u00e0 la messe c\u00e9l\u00e9br\u00e9e par le p\u00e8re Philippe, dimanche 31 ao\u00fbt.\n                                    <\/li>\n<li class=\"splide__slide\">\n                    <img decoding=\"async\" src=\"https:\/\/www.europesays.com\/fr\/wp-content\/uploads\/2025\/09\/917780.HR_.jpg\" alt=\"\"\/>\n                                    <\/li>\n<\/ul>\n<ul class=\"splide__list\">\n<li class=\"splide__slide\">\n                    <img decoding=\"async\" src=\"https:\/\/www.europesays.com\/fr\/wp-content\/uploads\/2025\/09\/917779.HR_-150x150.jpg\" alt=\"\"\/>\n                <\/li>\n<li class=\"splide__slide\">\n                    <img decoding=\"async\" src=\"https:\/\/www.europesays.com\/fr\/wp-content\/uploads\/2025\/09\/917780.HR_-150x150.jpg\" alt=\"\"\/>\n                <\/li>\n<\/ul>\n","protected":false},"excerpt":{"rendered":"Dimanche 31 ao\u00fbt, les fid\u00e8les se sont retrouv\u00e9s autour du p\u00e8re Philippe, pour un office religieux en plein&hellip;\n","protected":false},"author":2,"featured_media":371566,"comment_status":"","ping_status":"","sticky":false,"template":"","format":"standard","meta":{"footnotes":""},"categories":[1888],"tags":[11,1777,674,1011,27,12,626,25],"class_list":{"0":"post-371565","1":"post","2":"type-post","3":"status-publish","4":"format-standard","5":"has-post-thumbnail","7":"category-paris","8":"tag-actualites","9":"tag-eu","10":"tag-europe","11":"tag-fr","12":"tag-france","13":"tag-news","14":"tag-paris","15":"tag-republique-francaise"},"share_on_mastodon":{"url":"https:\/\/pubeurope.com\/@fr\/115159566019926079","error":""},"_links":{"self":[{"href":"https:\/\/www.europesays.com\/fr\/wp-json\/wp\/v2\/posts\/371565","targetHints":{"allow":["GET"]}}],"collection":[{"href":"https:\/\/www.europesays.com\/fr\/wp-json\/wp\/v2\/posts"}],"about":[{"href":"https:\/\/www.europesays.com\/fr\/wp-json\/wp\/v2\/types\/post"}],"author":[{"embeddable":true,"href":"https:\/\/www.europesays.com\/fr\/wp-json\/wp\/v2\/users\/2"}],"replies":[{"embeddable":true,"href":"https:\/\/www.europesays.com\/fr\/wp-json\/wp\/v2\/comments?post=371565"}],"version-history":[{"count":0,"href":"https:\/\/www.europesays.com\/fr\/wp-json\/wp\/v2\/posts\/371565\/revisions"}],"wp:featuredmedia":[{"embeddable":true,"href":"https:\/\/www.europesays.com\/fr\/wp-json\/wp\/v2\/media\/371566"}],"wp:attachment":[{"href":"https:\/\/www.europesays.com\/fr\/wp-json\/wp\/v2\/media?parent=371565"}],"wp:term":[{"taxonomy":"category","embeddable":true,"href":"https:\/\/www.europesays.com\/fr\/wp-json\/wp\/v2\/categories?post=371565"},{"taxonomy":"post_tag","embeddable":true,"href":"https:\/\/www.europesays.com\/fr\/wp-json\/wp\/v2\/tags?post=371565"}],"curies":[{"name":"wp","href":"https:\/\/api.w.org\/{rel}","templated":true}]}}