{"id":371567,"date":"2025-09-06T21:51:19","date_gmt":"2025-09-06T21:51:19","guid":{"rendered":"https:\/\/www.europesays.com\/fr\/371567\/"},"modified":"2025-09-06T21:51:19","modified_gmt":"2025-09-06T21:51:19","slug":"cyclisme-133-ans-apres-la-course-aux-clous-michelin-la-mythique-paris-clermont-reprend-vie","status":"publish","type":"post","link":"https:\/\/www.europesays.com\/fr\/371567\/","title":{"rendered":"Cyclisme\u00a0: 133 ans apr\u00e8s la \u00ab\u00a0course aux clous\u00a0\u00bb Michelin, la mythique Paris-Clermont reprend vie"},"content":{"rendered":"<p>Plus de 130 apr\u00e8s la \u00ab\u00a0course aux clous\u00a0\u00bb de Michelin, un ing\u00e9nieur de la firme clermontoise a fait reprendre vie \u00e0 cette \u00e9pop\u00e9e ce samedi 6 septembre 2025. S&rsquo;il n&rsquo;est plus question d&rsquo;une course mais d&rsquo;une randonn\u00e9e cyclo-sportive de 416km, l&rsquo;aventure est toujours au rendez-vous.<\/p>\n<p>La nuit tombe \u00e0 peine sur Clermont-Ferrand quand Antoine Besse franchit la ligne d&rsquo;arriv\u00e9e, sur le parvis du si\u00e8ge social de Michelin, place des Carmes \u00e0 Clermont-Ferrand ce samedi 6 septembre 2025. Il est le premier participant \u00e0 boucler les <strong>416 kilom\u00e8tres depuis Br\u00e9tigny-sur-Orge<\/strong>, en r\u00e9gion parisienne. Parti \u00e0 7h du matin, il aura mis 4h de moins que le vainqueur de la <strong>\u00ab\u00a0course aux clous\u00a0\u00bb de 1892<\/strong>.<\/p>\n<p>Car c&rsquo;est bien cette <strong>course mythique<\/strong>, fondatrice dans l&rsquo;histoire du fabricant de pneumatique clermontois, que reprend \u00ab\u00a0L&rsquo;\u00e9pop\u00e9e Michelin Paris-Clermont\u00a0\u00bb, la randonn\u00e9e cyclo-sportive imagin\u00e9e par Emilien Mottet, un ing\u00e9nieur en informatique chez Michelin passionn\u00e9 par le cyclisme. A mi parcours, les organisateurs ne relevaient que trois abandons et une poign\u00e9e de crevaisons sur les <strong>pr\u00e8s de 300 inscrits<\/strong>.<\/p>\n<p>\u00ab\u00a0Un challenge unique et connect\u00e9 \u00e0 autre chose que la comp\u00e9tition\u00a0\u00bb qui a s\u00e9duit Antoine Besse, paratriathl\u00e8te clermontois. Un sentiment renforc\u00e9 pour lui qui n&rsquo;avait jamais roul\u00e9 sur une <strong>distance aussi longue<\/strong> quand son compteur l&rsquo;a l\u00e2ch\u00e9 en cours de route.\u00a0Le vainqueur d&rsquo;il y a 133 ans n&rsquo;avait pas de pneus Michelin et avait \u00e9t\u00e9 disqualifi\u00e9. L&rsquo;entreprise au Bibendum aura \u00e9t\u00e9 plus cl\u00e9mente avec Antoine Besse.<\/p>\n<p><img loading=\"lazy\" decoding=\"async\" class=\"VisualPreview svelte-1rldrkz\" src=\"data:image\/jpeg;base64,\/9j\/2wBDACgcHiMeGSgjISMtKygwPGRBPDc3PHtYXUlkkYCZlo+AjIqgtObDoKrarYqMyP\/L2u71\/\/\/\/m8H\/\/\/\/6\/+b9\/\/j\/2wBDASstLTw1PHZBQXb4pYyl+Pj4+Pj4+Pj4+Pj4+Pj4+Pj4+Pj4+Pj4+Pj4+Pj4+Pj4+Pj4+Pj4+Pj4+Pj4+Pj4+Pj\/wAARCAAfACoDASIAAhEBAxEB\/8QAGAAAAwEBAAAAAAAAAAAAAAAAAQIDAAT\/xAAYEAEBAQEBAAAAAAAAAAAAAAAAAQIREv\/EABcBAQEBAQAAAAAAAAAAAAAAAAIBAwD\/xAAWEQEBAQAAAAAAAAAAAAAAAAAAARH\/2gAMAwEAAhEDEQA\/AOCZNMnzlSZHSR8jMreS3LogZihB6cGtmKSBIpGTQOE1FS6hRKjQPqE4Yv\/Z\" alt=\"Le carnet des participants avec des tampons pour attester de leurs passages sur les points obligatoires.\" width=\"600\" height=\"450\"\/>  Le carnet des participants avec des tampons pour attester de leurs passages sur les points obligatoires. \u00a9 Radio France &#8211; Evan Lebastard<\/p>\n","protected":false},"excerpt":{"rendered":"Plus de 130 apr\u00e8s la \u00ab\u00a0course aux clous\u00a0\u00bb de Michelin, un ing\u00e9nieur de la firme clermontoise a fait&hellip;\n","protected":false},"author":2,"featured_media":371568,"comment_status":"","ping_status":"","sticky":false,"template":"","format":"standard","meta":{"footnotes":""},"categories":[1888],"tags":[11,1777,674,1011,27,12,626,25],"class_list":{"0":"post-371567","1":"post","2":"type-post","3":"status-publish","4":"format-standard","5":"has-post-thumbnail","7":"category-paris","8":"tag-actualites","9":"tag-eu","10":"tag-europe","11":"tag-fr","12":"tag-france","13":"tag-news","14":"tag-paris","15":"tag-republique-francaise"},"share_on_mastodon":{"url":"https:\/\/pubeurope.com\/@fr\/115159569856754258","error":""},"_links":{"self":[{"href":"https:\/\/www.europesays.com\/fr\/wp-json\/wp\/v2\/posts\/371567","targetHints":{"allow":["GET"]}}],"collection":[{"href":"https:\/\/www.europesays.com\/fr\/wp-json\/wp\/v2\/posts"}],"about":[{"href":"https:\/\/www.europesays.com\/fr\/wp-json\/wp\/v2\/types\/post"}],"author":[{"embeddable":true,"href":"https:\/\/www.europesays.com\/fr\/wp-json\/wp\/v2\/users\/2"}],"replies":[{"embeddable":true,"href":"https:\/\/www.europesays.com\/fr\/wp-json\/wp\/v2\/comments?post=371567"}],"version-history":[{"count":0,"href":"https:\/\/www.europesays.com\/fr\/wp-json\/wp\/v2\/posts\/371567\/revisions"}],"wp:featuredmedia":[{"embeddable":true,"href":"https:\/\/www.europesays.com\/fr\/wp-json\/wp\/v2\/media\/371568"}],"wp:attachment":[{"href":"https:\/\/www.europesays.com\/fr\/wp-json\/wp\/v2\/media?parent=371567"}],"wp:term":[{"taxonomy":"category","embeddable":true,"href":"https:\/\/www.europesays.com\/fr\/wp-json\/wp\/v2\/categories?post=371567"},{"taxonomy":"post_tag","embeddable":true,"href":"https:\/\/www.europesays.com\/fr\/wp-json\/wp\/v2\/tags?post=371567"}],"curies":[{"name":"wp","href":"https:\/\/api.w.org\/{rel}","templated":true}]}}