{"id":371569,"date":"2025-09-06T21:52:14","date_gmt":"2025-09-06T21:52:14","guid":{"rendered":"https:\/\/www.europesays.com\/fr\/371569\/"},"modified":"2025-09-06T21:52:14","modified_gmt":"2025-09-06T21:52:14","slug":"le-patron-de-la-banque-la-plus-importante-de-russie-est-tres-inquiet-leconomie-ralentit-plus-vite-que-prevu","status":"publish","type":"post","link":"https:\/\/www.europesays.com\/fr\/371569\/","title":{"rendered":"Le patron de la banque la plus importante de Russie est tr\u00e8s inquiet\u00a0: \u00ab\u00a0L&rsquo;\u00e9conomie ralentit plus vite que pr\u00e9vu\u00a0\u00bb"},"content":{"rendered":"<p class=\"text-left ap-StoryElement ap-StoryElement--mb ap-StoryText\">Le Kremlin avait opt\u00e9 pour une strat\u00e9gie bas\u00e9e sur <a href=\"https:\/\/www.dhnet.be\/actu\/belgique\/2025\/02\/26\/la-wallonie-avance-a-marche-forcee-vers-une-industrie-de-guerre-renforcer-notre-securite-cest-soutenir-leconomie-et-lemploi-DMI2FZQIYFA6JLADEPHB3NH5GY\/\" target=\"_self\" rel=\"noopener\">l&rsquo;\u00e9conomie de guerre<\/a>, mais la croissance connue pr\u00e9c\u00e9demment ralentit fortement \u00e0 cause des taux d&rsquo;int\u00e9r\u00eat \u00e9lev\u00e9s.<\/p>\n<p><a href=\"https:\/\/www.dhnet.be\/actu\/monde\/2025\/06\/28\/qui-se-prepare-a-des-actions-agressives-nous-ou-eux-la-russie-annonce-quelle-va-diminuer-ses-depenses-militaires-U2NRWQ66EJCZ7KHWIMQN42OLFA\/\" target=\"_blank\" rel=\"noopener noreferrer\" class=\"ap-StoryInterstitialLink ap-StoryElement ap-StoryElement--mb\">\u00ab\u00a0Qui se pr\u00e9pare \u00e0 des actions agressives ? Nous ou eux ?\u00a0\u00bb: la Russie annonce qu&rsquo;elle va diminuer ses d\u00e9penses militaires <\/a>\u00ab\u00a0Stagnation technique\u00a0\u00bb<\/p>\n<p class=\"text-left ap-StoryElement ap-StoryElement--mb ap-StoryText\">Germ\u00e1n Gref a d\u00e9clar\u00e9 que l&rsquo;\u00e9conomie russe au second trimestre semblait en \u00ab\u00a0stagnation technique\u00a0\u00bb. \u00ab\u00a0Il est important de sortir de cette p\u00e9riode de ralentissement contr\u00f4l\u00e9 de l&rsquo;\u00e9conomie afin qu&rsquo;elle ne se transforme pas en stagnation, car relancer l&rsquo;\u00e9conomie sera bien plus difficile que la ralentir\u00a0\u00bb, a-t-il rajout\u00e9.<\/p>\n<p class=\"ap-StoryElement ap-StoryElement--mb ap-StoryText\">Il a \u00e9galement affirm\u00e9 que les donn\u00e9es bancaires montrent un net ralentissement et que les signes de croissance pour juillet et ao\u00fbt sont presque nuls.<\/p>\n<p class=\"ap-StoryElement ap-StoryElement--mb ap-StoryText\">Le ministre des Finances, Anton Silouanov, a d\u00e9clar\u00e9 la semaine derni\u00e8re que la croissance \u00e9conomique devrait diminuer \u00e0 1,5 % alors qu&rsquo;initialement pr\u00e9vu \u00e0 2,5 %.<\/p>\n<p><a href=\"https:\/\/www.dhnet.be\/actu\/belgique\/2025\/09\/06\/la-menace-ce-ne-sont-pas-des-chars-a-bruxelles-mais-des-drones-et-des-missiles-theo-francken-accelere-la-mise-en-place-de-notre-bouclier-aerien-NAVIOMQYXZD5VCTLFMODZ4XX5E\/\" target=\"_blank\" rel=\"noopener noreferrer\" class=\"ap-StoryInterstitialLink ap-StoryElement ap-StoryElement--mb\">\u00ab\u00a0La menace, ce ne sont pas des chars \u00e0 Bruxelles, mais des drones et des missiles\u00a0\u00bb: Theo Francken acc\u00e9l\u00e8re la mise en place de notre bouclier a\u00e9rien<\/a>Les regards vers la banque centrale<\/p>\n<p class=\"text-left ap-StoryElement ap-StoryElement--mb ap-StoryText\">La pression est de plus en plus importante sur <a href=\"https:\/\/www.dhnet.be\/conso\/argent\/2025\/07\/16\/la-banque-centrale-europeenne-tire-la-sonnette-dalarme-comment-le-rechauffement-climatique-fait-aussi-mal-a-notre-portefeuille-NKKXIL4VLNC7REEARBVKAG7NQ4\/\" target=\"_self\" rel=\"noopener\">la banque centrale<\/a> pour qu&rsquo;elle diminue ses taux lors de la r\u00e9union du 12 septembre. De nombreux avertissements ont \u00e9t\u00e9 \u00e9mis par de hauts responsables, dont Germ\u00e1n Gref.<\/p>\n<p class=\"ap-StoryElement ap-StoryElement--mb ap-StoryText\">En janvier, Poutine s&rsquo;inqui\u00e9tait d\u00e9j\u00e0 de la sant\u00e9 de son \u00e9conomie en temps de guerre et notamment de l&rsquo;implication des grandes entreprises qui baissait \u00e0 cause des taux d&rsquo;int\u00e9r\u00eat \u00e9lev\u00e9s.<\/p>\n<p class=\"text-left ap-StoryElement ap-StoryElement--mb ap-StoryText\">\u00ab\u00a0Les derni\u00e8res donn\u00e9es sugg\u00e8rent que l&rsquo;\u00e9conomie ralentit plus vite que pr\u00e9vu\u00a0\u00bb a d\u00e9clar\u00e9 Maxime Reshetnikov, ministre de l&rsquo;Economie. Il a rajout\u00e9 que les prix de production n&rsquo;avaient pas augment\u00e9, ce qui montre que la demande est insuffisante. Certaines entreprises m\u00e9caniques russes sont pass\u00e9es \u00e0 des semaines de quatre jours pour r\u00e9duire leurs frais.<\/p>\n<p class=\"ap-StoryElement ap-StoryElement--mb ap-StoryText\">Lors des deux premiers mandats de Poutine de 2000 \u00e0 2008, le PIB de la Russie s&rsquo;\u00e9tait multipli\u00e9 par neuf, passant de 200 \u00e0 1 700 milliards de dollars. Le produit int\u00e9rieur brut du pays n&rsquo;est aujourd&rsquo;hui plus que de 2 200 milliards de dollars, soit le m\u00eame niveau qu&rsquo;en 2013, avant l&rsquo;annexion de la Crim\u00e9e.<\/p>\n<p><a href=\"https:\/\/www.dhnet.be\/actu\/monde\/2025\/02\/19\/depuis-2022-la-belgique-a-etabli-un-record-par-rapport-a-largent-de-la-russie-notre-pays-est-premier-au-monde-LAPZ66SAKNEW3DHIXBJJBHLSIA\/\" target=\"_blank\" rel=\"noopener noreferrer\" class=\"ap-StoryInterstitialLink ap-StoryElement ap-StoryElement--mb\">Depuis 2022, la Belgique a \u00e9tabli un record par rapport \u00e0 l&rsquo;argent de la Russie&#8230; Notre pays est premier au monde !<\/a><\/p>\n","protected":false},"excerpt":{"rendered":"Le Kremlin avait opt\u00e9 pour une strat\u00e9gie bas\u00e9e sur l&rsquo;\u00e9conomie de guerre, mais la croissance connue pr\u00e9c\u00e9demment ralentit&hellip;\n","protected":false},"author":2,"featured_media":371570,"comment_status":"","ping_status":"","sticky":false,"template":"","format":"standard","meta":{"footnotes":""},"categories":[1591],"tags":[11,1887,12,1885,1886,132,135],"class_list":{"0":"post-371569","1":"post","2":"type-post","3":"status-publish","4":"format-standard","5":"has-post-thumbnail","7":"category-russie","8":"tag-actualites","9":"tag-federation-de-russie","10":"tag-news","11":"tag-russia","12":"tag-russian-federation","13":"tag-russie","14":"tag-vladimir-poutine"},"share_on_mastodon":{"url":"https:\/\/pubeurope.com\/@fr\/115159573831834020","error":""},"_links":{"self":[{"href":"https:\/\/www.europesays.com\/fr\/wp-json\/wp\/v2\/posts\/371569","targetHints":{"allow":["GET"]}}],"collection":[{"href":"https:\/\/www.europesays.com\/fr\/wp-json\/wp\/v2\/posts"}],"about":[{"href":"https:\/\/www.europesays.com\/fr\/wp-json\/wp\/v2\/types\/post"}],"author":[{"embeddable":true,"href":"https:\/\/www.europesays.com\/fr\/wp-json\/wp\/v2\/users\/2"}],"replies":[{"embeddable":true,"href":"https:\/\/www.europesays.com\/fr\/wp-json\/wp\/v2\/comments?post=371569"}],"version-history":[{"count":0,"href":"https:\/\/www.europesays.com\/fr\/wp-json\/wp\/v2\/posts\/371569\/revisions"}],"wp:featuredmedia":[{"embeddable":true,"href":"https:\/\/www.europesays.com\/fr\/wp-json\/wp\/v2\/media\/371570"}],"wp:attachment":[{"href":"https:\/\/www.europesays.com\/fr\/wp-json\/wp\/v2\/media?parent=371569"}],"wp:term":[{"taxonomy":"category","embeddable":true,"href":"https:\/\/www.europesays.com\/fr\/wp-json\/wp\/v2\/categories?post=371569"},{"taxonomy":"post_tag","embeddable":true,"href":"https:\/\/www.europesays.com\/fr\/wp-json\/wp\/v2\/tags?post=371569"}],"curies":[{"name":"wp","href":"https:\/\/api.w.org\/{rel}","templated":true}]}}