{"id":371579,"date":"2025-09-06T21:57:19","date_gmt":"2025-09-06T21:57:19","guid":{"rendered":"https:\/\/www.europesays.com\/fr\/371579\/"},"modified":"2025-09-06T21:57:19","modified_gmt":"2025-09-06T21:57:19","slug":"paris-iliade-leurope-des-langues-lunite-par-la-diversite","status":"publish","type":"post","link":"https:\/\/www.europesays.com\/fr\/371579\/","title":{"rendered":"PARIS : ILIADE &#8211; L\u2019Europe des langues, l\u2019unit\u00e9 par la diversit\u00e9 ?"},"content":{"rendered":"<p style=\"text-align: left;\"><strong>Peu d\u2019expressions culturelles participent autant que la langue \u00e0 la diversit\u00e9 du monde.<\/strong><\/p>\n<p style=\"text-align: left;\">Les Hans, les Arabes ou les Fran\u00e7ais, aux assises ethniques et territoriales diff\u00e9rentes, renforcent leur singularit\u00e9 par leur langue qui cr\u00e9ent chacune des univers fondamentalement diff\u00e9rents, des civilisations diff\u00e9rentes, des \u00ab\u00a0plan\u00e8tes diff\u00e9rentes\u00a0\u00bb pour reprendre l\u2019all\u00e9gorie de Ren\u00e9 Marchand. La r\u00e9sistance de son univers \u00e0 soi, toujours, est pass\u00e9e par la langue\u00a0: le ga\u00e9lique pour les Irlandais ou le fran\u00e7ais pour les Qu\u00e9b\u00e9cois. Comme si le peuple qui perd son langage se perdait enti\u00e8rement.<\/p>\n<p style=\"text-align: left;\">Cette r\u00e9alit\u00e9 jette une lumi\u00e8re toute particuli\u00e8re sur la civilisation europ\u00e9enne, qui compte pas moins de 24 langues officielles sur un territoire relativement r\u00e9duit \u2013 et combien de d\u00e9clinaisons minoritaires, de dialectes, de parlers\u00a0? Une telle diversit\u00e9 linguistique est un cas unique qui met en \u00e9vidence la dimension probl\u00e9matique de l\u2019appartenance civilisationnelle. Elle se caract\u00e9rise par une r\u00e9alit\u00e9 double : les Europ\u00e9ens parlent en effet en grande majorit\u00e9 des langues qui, \u00e9tant donn\u00e9 leur histoire, sont toutes apparent\u00e9es (via la racine principale indo-europ\u00e9enne), et pourtant les Europ\u00e9ens ne se comprennent pas.<\/p>\n<p style=\"text-align: left;\">Malgr\u00e9 cette tendance aux \u00e9volutions singuli\u00e8res et s\u00e9par\u00e9es des langues en Europe, notre histoire est marqu\u00e9e par une tentative de rapprochement via l\u2019\u00e9tablissement de langues communes d\u00e9passant les fronti\u00e8res ou la cr\u00e9ation\u00a0ex nihilo\u00a0de langues dites universelles comme l\u2019esp\u00e9ranto. Le latin autrefois, et l\u2019anglais \u2013 largement appauvri \u2013 d\u00e9sormais, se sont impos\u00e9es comme des langues imp\u00e9riales permettant aux Europ\u00e9ens de discuter entre eux, certes, mais accouchant en parall\u00e8le d\u2019un ind\u00e9niable appauvrissement de la diversit\u00e9 linguistique et culturelle dans la vieille Europe. Un appauvrissement qui, il faut le dire, permet un meilleur contr\u00f4le des esprits et un changement des mentalit\u00e9s comme on le voit avec le succ\u00e8s de la langue\u00a0techno-marchande\u00a0anglaise.<\/p>\n<p style=\"text-align: left;\">Si bien qu\u2019on peut se poser, comme Umberto Eco, la question de savoir si finalement \u00ab la langue de l\u2019Europe, c\u2019est la traduction \u00bb, et mettre alors sur la table la probl\u00e9matique de l\u2019apprentissage des langues \u00e9trang\u00e8res dans chacune des grandes et petites patries europ\u00e9ennes. L\u2019imp\u00e9ratif d\u2019une r\u00e9flexion constante sur l\u2019unit\u00e9 dans la diversit\u00e9 des langages, pour se hisser au niveau des enjeux strat\u00e9giques et politiques qu\u2019elles impliquent pour l\u2019id\u00e9e m\u00eame du devenir civilisationnel.<\/p>\n<p style=\"text-align: left;\">Un vaste sujet que nous aborderons avec deux universitaires qui ont une exp\u00e9rience tr\u00e8s concr\u00e8te de la diversit\u00e9 linguistique de l\u2019Europe\u00a0:<\/p>\n<ul style=\"text-align: left;\">\n<li><strong>Armand Berger<\/strong>, germaniste et auditeur de la promotion Dante. Il a coordonn\u00e9\u00a0<a href=\"https:\/\/institut-iliade.com\/tolkien-le-refondateur\/\" target=\"_blank\" rel=\"noopener noreferrer nofollow\">le num\u00e9ro de\u00a0Nouvelle \u00c9cole\u00a0consacr\u00e9 \u00e0 Tolkien<\/a>\u00a0(2021) et r\u00e9dig\u00e9 plusieurs notices pour\u00a0<a href=\"https:\/\/institut-iliade.com\/la-bibliotheque-du-jeune-europeen-200-essais-pour-apprendre-a-penser\/\" target=\"_blank\" rel=\"noopener noreferrer nofollow\">La Biblioth\u00e8que europ\u00e9enne du jeune Europ\u00e9en<\/a>\u00a0(Le Rocher, 2021). En 2022, il a publi\u00e9\u00a0<a href=\"https:\/\/boutique.institut-iliade.com\/product\/tolkien-leurope-et-la-tradition\/\" target=\"_blank\" rel=\"noopener noreferrer nofollow\">Tolkien, l\u2019Europe et la tradition<\/a>\u00a0dans la collection \u00ab\u00a0Longue m\u00e9moire\u00a0\u00bb de l\u2019Institut Iliade et a livr\u00e9 un texte de r\u00e9flexion \u00ab\u00a0Quelles r\u00e9alit\u00e9s linguistiques pour l\u2019Europe\u00a0\u00bb dans le Cahier num\u00e9ro 1 du P\u00f4le \u00c9tudes<\/li>\n<li><strong>David Engels<\/strong>, ancien titulaire de la chaire d\u2019histoire romaine \u00e0 l\u2019Universit\u00e9 libre de Bruxelles (ULB), est charg\u00e9 de cours \u00e0 l\u2019ICES\u00a0 en histoire mondiale et auteur et \u00e9diteur de nombreux livres et articles sur l\u2019histoire ancienne, la philosophie de l\u2019histoire et le conservatisme moderne. En France, il est principalement connu par son \u00e9tude\u00a0Le d\u00e9clin\u00a0(Paris, Toucan, 2013), o\u00f9 il compare la crise de l\u2019UE au d\u00e9clin et \u00e0 la chute de la R\u00e9publique romaine au 1er s. av. J.-C., et par ses livres\u00a0<a href=\"https:\/\/institut-iliade.com\/que-faire-david-engels-le-declin-de-leurope\/\" target=\"_blank\" rel=\"noopener nofollow\">Que faire ?<\/a>\u00a0(r\u00e9\u00e9dition, Paris, Nouvelle Librairie, 2024) et\u00a0<a href=\"https:\/\/institut-iliade.com\/defendre-leurope-civilisationnelle-de-david-engels\/\" target=\"_blank\" rel=\"noopener nofollow\">D\u00e9fendre l\u2019Europe civilisationnelle<\/a>\u00a0(Paris, Salvator, 2024), tous publi\u00e9s dans de nombreuses traductions.<\/li>\n<\/ul>\n<p style=\"text-align: left;\"><strong>Vous pourrez retrouver les chroniques des auditeurs de l\u2019Iliade :<\/strong><\/p>\n<ul style=\"text-align: left;\">\n<li>\u00ab\u00a0Perspectives identitaires\u00a0\u00bb de\u00a0<strong>Rapha\u00ebl Ayma<\/strong>, auditeur de la promotion Fr\u00e9d\u00e9ric Mistral de l\u2019Institut Iliade.<\/li>\n<li>Autour d\u2019un vers, le rendez-vous po\u00e9tique de\u00a0<strong>Fr\u00e9d\u00e9rique de Saint-Quio<\/strong>, auditrice de la promotion Hom\u00e8re.<\/li>\n<li>Les chroniques musicales de\u00a0<strong>Pierre Leprince<\/strong>, auditeur de la promotion Patrick Pearse de l\u2019Iliade.<\/li>\n<li>La boussole artistique de\u00a0<strong>Gabrielle Fouquet<\/strong>.<\/li>\n<\/ul>\n<p style=\"text-align: left;\"><strong>SOURCE : Institut ILIADE pour la longue m\u00e9moire europ\u00e9enne. <\/strong><\/p>\n","protected":false},"excerpt":{"rendered":"Peu d\u2019expressions culturelles participent autant que la langue \u00e0 la diversit\u00e9 du monde. Les Hans, les Arabes ou&hellip;\n","protected":false},"author":2,"featured_media":371580,"comment_status":"","ping_status":"","sticky":false,"template":"","format":"standard","meta":{"footnotes":""},"categories":[1586],"tags":[11,1777,674,1011,27,12,25],"class_list":{"0":"post-371579","1":"post","2":"type-post","3":"status-publish","4":"format-standard","5":"has-post-thumbnail","7":"category-europe","8":"tag-actualites","9":"tag-eu","10":"tag-europe","11":"tag-fr","12":"tag-france","13":"tag-news","14":"tag-republique-francaise"},"share_on_mastodon":{"url":"https:\/\/pubeurope.com\/@fr\/115159593805639917","error":""},"_links":{"self":[{"href":"https:\/\/www.europesays.com\/fr\/wp-json\/wp\/v2\/posts\/371579","targetHints":{"allow":["GET"]}}],"collection":[{"href":"https:\/\/www.europesays.com\/fr\/wp-json\/wp\/v2\/posts"}],"about":[{"href":"https:\/\/www.europesays.com\/fr\/wp-json\/wp\/v2\/types\/post"}],"author":[{"embeddable":true,"href":"https:\/\/www.europesays.com\/fr\/wp-json\/wp\/v2\/users\/2"}],"replies":[{"embeddable":true,"href":"https:\/\/www.europesays.com\/fr\/wp-json\/wp\/v2\/comments?post=371579"}],"version-history":[{"count":0,"href":"https:\/\/www.europesays.com\/fr\/wp-json\/wp\/v2\/posts\/371579\/revisions"}],"wp:featuredmedia":[{"embeddable":true,"href":"https:\/\/www.europesays.com\/fr\/wp-json\/wp\/v2\/media\/371580"}],"wp:attachment":[{"href":"https:\/\/www.europesays.com\/fr\/wp-json\/wp\/v2\/media?parent=371579"}],"wp:term":[{"taxonomy":"category","embeddable":true,"href":"https:\/\/www.europesays.com\/fr\/wp-json\/wp\/v2\/categories?post=371579"},{"taxonomy":"post_tag","embeddable":true,"href":"https:\/\/www.europesays.com\/fr\/wp-json\/wp\/v2\/tags?post=371579"}],"curies":[{"name":"wp","href":"https:\/\/api.w.org\/{rel}","templated":true}]}}