{"id":371581,"date":"2025-09-06T21:58:20","date_gmt":"2025-09-06T21:58:20","guid":{"rendered":"https:\/\/www.europesays.com\/fr\/371581\/"},"modified":"2025-09-06T21:58:20","modified_gmt":"2025-09-06T21:58:20","slug":"angel-hidalgo-jai-vraiment-eu-limpression-de-jouer-sur-playstation","status":"publish","type":"post","link":"https:\/\/www.europesays.com\/fr\/371581\/","title":{"rendered":"Angel Hidalgo : \u00ab\u00a0J&rsquo;ai vraiment eu l&rsquo;impression de jouer sur PlayStation !\u00a0\u00bb"},"content":{"rendered":"<p>\t\t\t\t\t\t<img width=\"770\" height=\"556\" src=\"https:\/\/www.europesays.com\/fr\/wp-content\/uploads\/2025\/09\/hidalgo-770x556.jpg\" class=\"img-responsive wp-post-image\" alt=\"\" decoding=\"async\" fetchpriority=\"high\"  \/>\t\t\t\t\t<\/p>\n<p>\t\t\t\t\t\t Partager cet article <\/p>\n<p class=\"screen-reader-text juiz_sps_maybe_hidden_text\">Partager la publication \u00ab\u00a0Angel Hidalgo : \u00ab\u00a0J\u2019ai vraiment eu l\u2019impression de jouer sur PlayStation !\u00a0\u00bb\u00a0\u00bb<\/p>\n<p><strong>Deuxi\u00e8me \u00e0 -14 (202) apr\u00e8s 54 trous juste derri\u00e8re Adrien Saddier, Angel Hidalgo a illumin\u00e9 le 3e tour de l\u2019Amgen Irish Open en claquant une incroyable carte de 63 (-9) avec pas moins de douze birdies, mais aussi un double bogey et un bogey. L\u2019Espagnol, victorieux de l\u2019Open d\u2019Espagne 2024 en play-off face \u00e0 Jon Rahm, a avou\u00e9 avoir jou\u00e9 le tour de sa vie de golfeur professionnel.\u00a0<\/strong><\/p>\n<p>\t\t\t\t\t<a id=\"179394\" href=\"https:\/\/eu.ping.com\/fr-fr\/clubs\/irons\/i240\" target=\"_blank\" rel=\"sponsorised nofollow noopener\"><img decoding=\"async\" src=\"data:image\/svg+xml,%3Csvg%20xmlns=\" http:=\"\" class=\"img-responsive\" alt=\"\" data-lazy-src=\"https:\/\/www.europesays.com\/fr\/wp-content\/uploads\/2025\/07\/ping-e06-fers-i240-1170x275-1.jpg\"\/><\/a><\/p>\n<p><strong>L.V.<\/strong><\/p>\n<p>Tr\u00e8s longtemps, on a cru que <strong>Angel Hidalgo<\/strong> allait battre le record de 60 (-12) \u00e9tabli par Darren Clarke lors de l\u2019<strong>Irish Open 1999<\/strong> et devenir le deuxi\u00e8me joueur \u00e0 poster un 59 sur le Tour europ\u00e9en (apr\u00e8s l\u2019Anglais <strong>Oliver Fisher<\/strong> le 21 septembre 2018 au <strong>Portugal Masters<\/strong>).<\/p>\n<p>Apr\u00e8s 15 trous, il affichait ainsi un incroyable -10 avec encore deux pars 5 \u00e0 n\u00e9gocier (au 16 et au 18). Mais l\u2019Espagnol s\u2019est finalement content\u00e9 d\u2019un 63 (-9) apr\u00e8s avoir notamment conc\u00e9d\u00e9 un double au 16. Avant de boucler sa folle journ\u00e9e par un douzi\u00e8me et ultime birdie au 18. Ce qui constitue un record \u00e9gal\u00e9 sur 18 trous sur le <strong>DP World Tour<\/strong>.\u00a0<\/p>\n<p>Cet \u00ab\u00a0exploit\u00a0\u00bb compl\u00e8tement fou, il le doit en tr\u00e8s grande partie \u00e0 ses sept birdies cons\u00e9cutifs r\u00e9alis\u00e9s entre les trous 2 et 8. Comment a-t-il v\u00e9cu cet encha\u00eenement unique sur un parcours pourtant redoutable, h\u00f4te de la <strong>Ryder Cup en 2006<\/strong>\u00a0?<\/p>\n<p>\t\t\t\t\t<a id=\"183947\" href=\"https:\/\/leclub-golf.com\/fr\/actualites\/en-septembre-achetez-votre-carte-classic-et-tentez-de-gagner-votre-abonnement-de-golf?utm_source=golf+planete&amp;utm_medium=referral&amp;utm_campaign=gagner+un+abonnement+golf&amp;utm_id=gagner+un+abonnement+golf_golf+planete_referral_banner\" target=\"_blank\" rel=\"sponsorised nofollow noopener\"><img decoding=\"async\" src=\"data:image\/svg+xml,%3Csvg%20xmlns=\" http:=\"\" class=\"img-responsive\" alt=\"\" data-lazy-src=\"https:\/\/www.europesays.com\/fr\/wp-content\/uploads\/2025\/09\/leclubgolf-e10-niveau-superieur-1170x275-1.png\"\/><\/a><\/p>\n<blockquote class=\"twitter-tweet\"><p>&#13;<\/p>\n<p dir=\"ltr\" lang=\"en\">11th birdie of the day!!! \ud83d\udd25<a href=\"https:\/\/twitter.com\/Angel_Hidalgo7?ref_src=twsrc%5Etfw\" rel=\"nofollow noopener\" target=\"_blank\">@Angel_Hidalgo7<\/a> is playing the golf of his life.<a href=\"https:\/\/twitter.com\/hashtag\/AmgenIrishOpen?src=hash&amp;ref_src=twsrc%5Etfw\" rel=\"nofollow noopener\" target=\"_blank\">#AmgenIrishOpen<\/a> <a href=\"https:\/\/t.co\/OHDbQlr59Z\" rel=\"nofollow\">pic.twitter.com\/OHDbQlr59Z<\/a><\/p>\n<p>&#13;<br \/>\n&#13;<br \/>\n\u2014 DP World Tour (@DPWorldTour) <a href=\"https:\/\/twitter.com\/DPWorldTour\/status\/1964324057790218690?ref_src=twsrc%5Etfw\" rel=\"nofollow noopener\" target=\"_blank\">September 6, 2025<\/a><\/p><\/blockquote>\n<p>\u00ab Pendant quelques instants, j\u2019ai vraiment eu l\u2019impression de jouer sur PlayStation, a-t-il soulign\u00e9 \u00e0 la sortie du recording. Pour \u00eatre honn\u00eate, chaque coup \u00e9tait droit vers le drapeau. D\u00e8s le trou n\u00b03, o\u00f9 j\u2019ai frapp\u00e9 un coup parfait quasiment au drapeau, j\u2019avais le sentiment de ma\u00eetriser mon swing. Tout \u00e9tait fluide. Alors j\u2019ai dit \u00e0 mon caddie : \u00ab\u00a0Ok, c\u2019est le moment de lancer la pi\u00e8ce et de voir si on peut jouer tr\u00e8s bas aujourd\u2019hui\u00a0\u00bb. \u00bb<\/p>\n<p>Cela parait tellement simple parfois le golf !\u00a0<\/p>\n<p>\t\t\t\t\t<a id=\"183938\" href=\"https:\/\/golfplus.fr\/garmin-c134\" target=\"_blank\" rel=\"sponsorised nofollow noopener\"><img decoding=\"async\" src=\"data:image\/svg+xml,%3Csvg%20xmlns=\" http:=\"\" class=\"img-responsive\" alt=\"\" data-lazy-src=\"https:\/\/www.europesays.com\/fr\/wp-content\/uploads\/2025\/09\/golfplus-e23-garmin-days-1170x275-1.jpg\"\/><\/a><\/p>\n<p>Photo : Warren Little \/ GETTY IMAGES EUROPE \/ Getty Images via AFP<\/p>\n<p>\u00a0<\/p>\n<p>\t\t\t<script async src=\"https:\/\/platform.twitter.com\/widgets.js\" charset=\"utf-8\"><\/script><\/p>\n","protected":false},"excerpt":{"rendered":"Partager cet article Partager la publication \u00ab\u00a0Angel Hidalgo : \u00ab\u00a0J\u2019ai vraiment eu l\u2019impression de jouer sur PlayStation !\u00a0\u00bb\u00a0\u00bb&hellip;\n","protected":false},"author":2,"featured_media":371582,"comment_status":"","ping_status":"","sticky":false,"template":"","format":"standard","meta":{"footnotes":""},"categories":[1586],"tags":[11,1777,674,1779,1011,27,12,25,1778,364],"class_list":{"0":"post-371581","1":"post","2":"type-post","3":"status-publish","4":"format-standard","5":"has-post-thumbnail","7":"category-europe","8":"tag-actualites","9":"tag-eu","10":"tag-europe","11":"tag-european-union","12":"tag-fr","13":"tag-france","14":"tag-news","15":"tag-republique-francaise","16":"tag-ue","17":"tag-union-europeenne"},"share_on_mastodon":{"url":"https:\/\/pubeurope.com\/@fr\/115159597400282074","error":""},"_links":{"self":[{"href":"https:\/\/www.europesays.com\/fr\/wp-json\/wp\/v2\/posts\/371581","targetHints":{"allow":["GET"]}}],"collection":[{"href":"https:\/\/www.europesays.com\/fr\/wp-json\/wp\/v2\/posts"}],"about":[{"href":"https:\/\/www.europesays.com\/fr\/wp-json\/wp\/v2\/types\/post"}],"author":[{"embeddable":true,"href":"https:\/\/www.europesays.com\/fr\/wp-json\/wp\/v2\/users\/2"}],"replies":[{"embeddable":true,"href":"https:\/\/www.europesays.com\/fr\/wp-json\/wp\/v2\/comments?post=371581"}],"version-history":[{"count":0,"href":"https:\/\/www.europesays.com\/fr\/wp-json\/wp\/v2\/posts\/371581\/revisions"}],"wp:featuredmedia":[{"embeddable":true,"href":"https:\/\/www.europesays.com\/fr\/wp-json\/wp\/v2\/media\/371582"}],"wp:attachment":[{"href":"https:\/\/www.europesays.com\/fr\/wp-json\/wp\/v2\/media?parent=371581"}],"wp:term":[{"taxonomy":"category","embeddable":true,"href":"https:\/\/www.europesays.com\/fr\/wp-json\/wp\/v2\/categories?post=371581"},{"taxonomy":"post_tag","embeddable":true,"href":"https:\/\/www.europesays.com\/fr\/wp-json\/wp\/v2\/tags?post=371581"}],"curies":[{"name":"wp","href":"https:\/\/api.w.org\/{rel}","templated":true}]}}