{"id":371583,"date":"2025-09-06T21:59:13","date_gmt":"2025-09-06T21:59:13","guid":{"rendered":"https:\/\/www.europesays.com\/fr\/371583\/"},"modified":"2025-09-06T21:59:13","modified_gmt":"2025-09-06T21:59:13","slug":"les-anglaises-toujours-invaincues-les-deux-premiers-quarts-de-la-coupe-du-monde-femmes-sont-connus-lequipe","status":"publish","type":"post","link":"https:\/\/www.europesays.com\/fr\/371583\/","title":{"rendered":"Les Anglaises toujours invaincues, les deux premiers quarts de la Coupe du monde femmes sont connus &#8211; L&#039;\u00c9quipe"},"content":{"rendered":"<ol>\n<li><a href=\"https:\/\/news.google.com\/rss\/articles\/CBMi3wFBVV95cUxPMTR2aDdidWVROUdnaUhVbERQTE9rMURJZm9Dd3l3YTZ1WDBlczVlNXZtWDBNM0NZQklkeFBnbTNNS0E5RnNUekdSd1RGODVrQjY0T1lWS3FoVjlzYnp3QXZmZkUxWDNiWkUxMU9NMFBuOGJMa3lWankzWk5CTzZsdk5DMk0zeV81djZZLWEtbVZVM1J3cEZyclpyYXhMUVI2cm80VTFtaElKUWdxSEdJRWY0TWdySWpaMjY2ektYYWxsRk84cjV5OHhlaUJHRWNpRzRjeFlWWlVtVG8zRlBr?oc=5\" target=\"_blank\" rel=\"nofollow noopener\">Les Anglaises toujours invaincues, les deux premiers quarts de la Coupe du monde femmes sont connus<\/a>&nbsp;&nbsp;L&rsquo;\u00c9quipe<\/li>\n<li><a href=\"https:\/\/news.google.com\/rss\/articles\/CBMi4wFBVV95cUxOS3VFODl5azJtQ0RDZUlhc3VQVnl0NWpaNjVtcEVzYmlmWWtDYVJCNDhzWDJWdF9hXzROOEc0MURac1k3U2EzVm8xV0ZWZTRqdHQxV2FIOG1FZmI3bVRKaFFDQ19tWFNMWDV3OVo1UTJ6amhPa2RkRXN1SDM0U09aekh0NWF3WW9hTnA0RHNaOUxfY3BNTURMd0ZLWkJoUy1KYVJTSUsxNjlSZHIySVhUTm9YamM2VFJ5bzExSkt3ZzVjUXFadGduYlppU2lvblpfWDZNWEN2VzdseTNsQ2pHcVIxRQ?oc=5\" target=\"_blank\" rel=\"nofollow noopener\">Une tenue inhabituelle&#8230; En costume noir et blouse \u00e0 volants, Kate Middleton porte le deuil de la duchesse de Kent<\/a>&nbsp;&nbsp;Gala<\/li>\n<li><a href=\"https:\/\/news.google.com\/rss\/articles\/CBMi0wFBVV95cUxPM0loWHcxZEpubnBnVnNEQmlJNzliLXR3NEJjb01RN0ZaU1U1UzYtTm5aNDNRVlN1OTJrTFh1Tms3b0htWW83bzhVQnQ3Q2NnRGVPTWpscTZ0YW1EdC12U2M0UnFBSFF5OVhQT0dhcnVzRE03VzFzVmRTYmRuYmNTT3lxbHhoNWNFWUNFREY0M0VXc21HVGtJUlRxWVRBeVlzcUlUUmwzdUtxNjNFQ2dUNk9DWEtleldKLWNZcldWUG1tcHl6ODJFWk9zZWV5RElzdzRV?oc=5\" target=\"_blank\" rel=\"nofollow noopener\">Kate, en black &amp; white, premi\u00e8re supportrice de l&rsquo;Angleterre \u00e0 la Coupe du monde f\u00e9minine de rugby<\/a>&nbsp;&nbsp;Point de Vue<\/li>\n<li><a href=\"https:\/\/news.google.com\/rss\/articles\/CBMi6gFBVV95cUxPNTdLTFBMYWhLa1RqbzdCU2RReHVIUC1jNEwtM0xJNmNNaENqQ245dXR0VXEzZjNvRDR5MkhoQW1GZ0JBTlBuZmhDWTR0SzZRT1pFcjBia0RaZlAybkxlMlpZYU83UlJpeGZpWm1sQjVwZHdpelExRkxITEVyX0lmMjRwRlpIaXVfYThpNGJIWVlfUlI3R204OWlPWFJpU0gtTWw5ZzB1MzVWdjVmaFlkNEpiSmcwSG1GQ2VJS0tkQW1uUnQ1eUF5RjBwdUpocnIyWF9WSnVUaG9zYXE4Qktfd2YxdDRhcFk5bkE?oc=5\" target=\"_blank\" rel=\"nofollow noopener\">Kate Middleton fait sensation en solo pour un grand \u00e9v\u00e9nement, elle s&rsquo;\u00e9clate \u00e0 200 kilom\u00e8tres du prince William<\/a>&nbsp;&nbsp;Purepeople<\/li>\n<li><a href=\"https:\/\/news.google.com\/rss\/articles\/CBMieEFVX3lxTE5LMGVNLTFxS2JoZ1lYWC03cUQxOXNVWWNLUEVFTldaUFpzN0VpQUJ5aXpaUEhlcjdVeHB2NWs4UE4xYXlsSGFvNjY1dU5mbV9ZSkJqZDNaVThoMHZyR2NtNFJWSDVoNU93SFhPNklxdlhzWWo3U2xlQg?oc=5\" target=\"_blank\" rel=\"nofollow noopener\">R\u00e9sum\u00e9 et casting Angleterre \/ Australie Rugby 2h04 2025<\/a>&nbsp;&nbsp;CANAL+<\/li>\n<\/ol>\n","protected":false},"excerpt":{"rendered":"Les Anglaises toujours invaincues, les deux premiers quarts de la Coupe du monde femmes sont connus&nbsp;&nbsp;L&rsquo;\u00c9quipe Une tenue&hellip;\n","protected":false},"author":2,"featured_media":371584,"comment_status":"","ping_status":"","sticky":false,"template":"","format":"standard","meta":{"footnotes":""},"categories":[2],"tags":[11,1011,27,12,25],"class_list":{"0":"post-371583","1":"post","2":"type-post","3":"status-publish","4":"format-standard","5":"has-post-thumbnail","7":"category-actualites","8":"tag-actualites","9":"tag-fr","10":"tag-france","11":"tag-news","12":"tag-republique-francaise"},"share_on_mastodon":{"url":"https:\/\/pubeurope.com\/@fr\/115159601297343605","error":""},"_links":{"self":[{"href":"https:\/\/www.europesays.com\/fr\/wp-json\/wp\/v2\/posts\/371583","targetHints":{"allow":["GET"]}}],"collection":[{"href":"https:\/\/www.europesays.com\/fr\/wp-json\/wp\/v2\/posts"}],"about":[{"href":"https:\/\/www.europesays.com\/fr\/wp-json\/wp\/v2\/types\/post"}],"author":[{"embeddable":true,"href":"https:\/\/www.europesays.com\/fr\/wp-json\/wp\/v2\/users\/2"}],"replies":[{"embeddable":true,"href":"https:\/\/www.europesays.com\/fr\/wp-json\/wp\/v2\/comments?post=371583"}],"version-history":[{"count":0,"href":"https:\/\/www.europesays.com\/fr\/wp-json\/wp\/v2\/posts\/371583\/revisions"}],"wp:featuredmedia":[{"embeddable":true,"href":"https:\/\/www.europesays.com\/fr\/wp-json\/wp\/v2\/media\/371584"}],"wp:attachment":[{"href":"https:\/\/www.europesays.com\/fr\/wp-json\/wp\/v2\/media?parent=371583"}],"wp:term":[{"taxonomy":"category","embeddable":true,"href":"https:\/\/www.europesays.com\/fr\/wp-json\/wp\/v2\/categories?post=371583"},{"taxonomy":"post_tag","embeddable":true,"href":"https:\/\/www.europesays.com\/fr\/wp-json\/wp\/v2\/tags?post=371583"}],"curies":[{"name":"wp","href":"https:\/\/api.w.org\/{rel}","templated":true}]}}