{"id":371589,"date":"2025-09-06T22:02:10","date_gmt":"2025-09-06T22:02:10","guid":{"rendered":"https:\/\/www.europesays.com\/fr\/371589\/"},"modified":"2025-09-06T22:02:10","modified_gmt":"2025-09-06T22:02:10","slug":"radio-intensite-tous-au-golf-en-septembre-en-eure-et-loir","status":"publish","type":"post","link":"https:\/\/www.europesays.com\/fr\/371589\/","title":{"rendered":"RADIO INTENSITE | \u00ab\u00a0Tous Au Golf\u00a0\u00bb en septembre en Eure-et-Loir"},"content":{"rendered":"\n<p align=\"JUSTIFY\">Testez le golf en cette rentr\u00e9e sportive. L\u2019op\u00e9ration Tous Au Golf est relanc\u00e9e du 5 au 28 septembre avec la f\u00e9d\u00e9ration fran\u00e7aise. 16 clubs du Centre-Val de Loire y participent dont trois en Eure-et-Loir. Pour prendre un club et taper la petite balle blanche il faudra se rendre au golf de Chartres Fontenay (Fontenay-sur-Eure), au golf du Perche (Souanc\u00e9-au-Perche) ou au golf du Bois d&rsquo;\u00d4 (Saint-Maixme-Hauterive). Deux \u00e0 huit initiations sont propos\u00e9es. Elles durent en moyenne une heure trente. Les inscriptions se font directement par t\u00e9l\u00e9phone aupr\u00e8s de ces structures.<\/p>\n","protected":false},"excerpt":{"rendered":"Testez le golf en cette rentr\u00e9e sportive. L\u2019op\u00e9ration Tous Au Golf est relanc\u00e9e du 5 au 28 septembre&hellip;\n","protected":false},"author":2,"featured_media":371590,"comment_status":"","ping_status":"","sticky":false,"template":"","format":"standard","meta":{"footnotes":""},"categories":[1418],"tags":[50570,1011,27,1472,50566,50565,50564,50563,47566,50569,35435,60,50568,50567],"class_list":{"0":"post-371589","1":"post","2":"type-post","3":"status-publish","4":"format-standard","5":"has-post-thumbnail","7":"category-golf","8":"tag-federation-francaise","9":"tag-fr","10":"tag-france","11":"tag-golf","12":"tag-golf-de-chartres-fontenay","13":"tag-golf-du-bois-do","14":"tag-golf-du-perche","15":"tag-green","16":"tag-initiations","17":"tag-ou-essayer-le-golf","18":"tag-radio-intensite","19":"tag-sports","20":"tag-testez-le-golf","21":"tag-tous-au-golf"},"share_on_mastodon":{"url":"https:\/\/pubeurope.com\/@fr\/115159613020381050","error":""},"_links":{"self":[{"href":"https:\/\/www.europesays.com\/fr\/wp-json\/wp\/v2\/posts\/371589","targetHints":{"allow":["GET"]}}],"collection":[{"href":"https:\/\/www.europesays.com\/fr\/wp-json\/wp\/v2\/posts"}],"about":[{"href":"https:\/\/www.europesays.com\/fr\/wp-json\/wp\/v2\/types\/post"}],"author":[{"embeddable":true,"href":"https:\/\/www.europesays.com\/fr\/wp-json\/wp\/v2\/users\/2"}],"replies":[{"embeddable":true,"href":"https:\/\/www.europesays.com\/fr\/wp-json\/wp\/v2\/comments?post=371589"}],"version-history":[{"count":0,"href":"https:\/\/www.europesays.com\/fr\/wp-json\/wp\/v2\/posts\/371589\/revisions"}],"wp:featuredmedia":[{"embeddable":true,"href":"https:\/\/www.europesays.com\/fr\/wp-json\/wp\/v2\/media\/371590"}],"wp:attachment":[{"href":"https:\/\/www.europesays.com\/fr\/wp-json\/wp\/v2\/media?parent=371589"}],"wp:term":[{"taxonomy":"category","embeddable":true,"href":"https:\/\/www.europesays.com\/fr\/wp-json\/wp\/v2\/categories?post=371589"},{"taxonomy":"post_tag","embeddable":true,"href":"https:\/\/www.europesays.com\/fr\/wp-json\/wp\/v2\/tags?post=371589"}],"curies":[{"name":"wp","href":"https:\/\/api.w.org\/{rel}","templated":true}]}}