{"id":371591,"date":"2025-09-06T22:03:15","date_gmt":"2025-09-06T22:03:15","guid":{"rendered":"https:\/\/www.europesays.com\/fr\/371591\/"},"modified":"2025-09-06T22:03:15","modified_gmt":"2025-09-06T22:03:15","slug":"une-finale-inedite-entre-litalie-et-la-turquie","status":"publish","type":"post","link":"https:\/\/www.europesays.com\/fr\/371591\/","title":{"rendered":"une finale in\u00e9dite entre l\u2019Italie et la Turquie"},"content":{"rendered":"<p>La finale du mondial de volley f\u00e9minin opposera l\u2019Italie \u00e0 la Turquie. Dimanche soir, l\u2019Italie tentera de remporter un deuxi\u00e8me titre dans la comp\u00e9tition.<\/p>\n<p class=\"fig-paragraph\">L&rsquo;Italie, championne olympique en titre, est venue \u00e0 bout du Br\u00e9sil (3-2) au terme d&rsquo;un combat magnifique samedi \u00e0 Bangkok pour retrouver en finale du Mondial f\u00e9minin la Turquie, victorieuse du Japon (3-1).<\/p>\n<p class=\"fig-paragraph\">Les Italiennes viseront dimanche un deuxi\u00e8me sacre mondial apr\u00e8s 2002, qui se refuse toujours aux Br\u00e9siliennes, finalistes de la derni\u00e8re \u00e9dition apr\u00e8s avoir \u00e9limin\u00e9 en demi-finales&#8230; l&rsquo;Italie.<\/p>\n<p>                                    <a class=\"fig-a11y-skip a11y-hidden\" href=\"#fig-a11y-skip-main-inarticle\"><br \/>\n        Passer la publicit\u00e9<br \/>\n    <\/a><\/p>\n<p class=\"fig-paragraph\">Le bras de fer a cette fois tourn\u00e9 en leur d\u00e9faveur, bien qu&rsquo;elles aient men\u00e9 1 \u00e0 0 puis 2 \u00e0 1 (22-25, 25-22, 28-30, 25-22, 15-13) puis 13 \u00e0 12 dans le tie break.<\/p>\n<p class=\"fig-paragraph\">Dans cette ultime manche, une r\u00e9ception compl\u00e8tement manqu\u00e9e de Julia Bergmann sanctionn\u00e9e par Anna Danesi a offert une balle de match \u00e0 l&rsquo;Italie, convertie par la vedette Paola Egonu (10 pts). Mais l&rsquo;autre pointue italienne a davantage brill\u00e9, la Russe d&rsquo;origine Ekaterina Antropova (28 pts dont 6 contres).<\/p>\n<p class=\"fig-paragraph\">Les Italiennes auront l&rsquo;avantage de l&rsquo;exp\u00e9rience contre la Turquie, qui disputera sa premi\u00e8re finale mondiale.<\/p>\n<p class=\"fig-paragraph\">Elle aussi a surmont\u00e9 la perte de la premi\u00e8re manche (3-1: 16-25, 25-17, 25-18, 27-25) pour franchir le cap du dernier carr\u00e9 o\u00f9 elle s&rsquo;\u00e9tait arr\u00eat\u00e9e lors des Jeux olympiques de Paris.<\/p>\n<p class=\"fig-paragraph\">Les Turques, championnes d&rsquo;Europe en titre, peuvent remercier leur pointue d&rsquo;origine cubaine Melissa Vargas (28 pts).<\/p>\n<p>                                    <a class=\"fig-a11y-skip a11y-hidden\" href=\"#fig-a11y-skip-main-inarticle_mtf\"><br \/>\n        Passer la publicit\u00e9<br \/>\n    <\/a><\/p>\n<p class=\"fig-paragraph\"><strong>\u00c0 VOIR AUSSI &#8211; <\/strong>\u00c9quipe de France\u00a0: les bizutages d\u2019Hugo Ekitike et Maghnes Akliouche<\/p>\n","protected":false},"excerpt":{"rendered":"La finale du mondial de volley f\u00e9minin opposera l\u2019Italie \u00e0 la Turquie. Dimanche soir, l\u2019Italie tentera de remporter&hellip;\n","protected":false},"author":2,"featured_media":371592,"comment_status":"","ping_status":"","sticky":false,"template":"","format":"standard","meta":{"footnotes":""},"categories":[1417],"tags":[1011,27,452,60,3496,1470,1469],"class_list":{"0":"post-371591","1":"post","2":"type-post","3":"status-publish","4":"format-standard","5":"has-post-thumbnail","7":"category-volley","8":"tag-fr","9":"tag-france","10":"tag-italie","11":"tag-sports","12":"tag-turquie","13":"tag-volley","14":"tag-volleyball"},"share_on_mastodon":{"url":"https:\/\/pubeurope.com\/@fr\/115159617021092104","error":""},"_links":{"self":[{"href":"https:\/\/www.europesays.com\/fr\/wp-json\/wp\/v2\/posts\/371591","targetHints":{"allow":["GET"]}}],"collection":[{"href":"https:\/\/www.europesays.com\/fr\/wp-json\/wp\/v2\/posts"}],"about":[{"href":"https:\/\/www.europesays.com\/fr\/wp-json\/wp\/v2\/types\/post"}],"author":[{"embeddable":true,"href":"https:\/\/www.europesays.com\/fr\/wp-json\/wp\/v2\/users\/2"}],"replies":[{"embeddable":true,"href":"https:\/\/www.europesays.com\/fr\/wp-json\/wp\/v2\/comments?post=371591"}],"version-history":[{"count":0,"href":"https:\/\/www.europesays.com\/fr\/wp-json\/wp\/v2\/posts\/371591\/revisions"}],"wp:featuredmedia":[{"embeddable":true,"href":"https:\/\/www.europesays.com\/fr\/wp-json\/wp\/v2\/media\/371592"}],"wp:attachment":[{"href":"https:\/\/www.europesays.com\/fr\/wp-json\/wp\/v2\/media?parent=371591"}],"wp:term":[{"taxonomy":"category","embeddable":true,"href":"https:\/\/www.europesays.com\/fr\/wp-json\/wp\/v2\/categories?post=371591"},{"taxonomy":"post_tag","embeddable":true,"href":"https:\/\/www.europesays.com\/fr\/wp-json\/wp\/v2\/tags?post=371591"}],"curies":[{"name":"wp","href":"https:\/\/api.w.org\/{rel}","templated":true}]}}