{"id":371597,"date":"2025-09-06T22:07:11","date_gmt":"2025-09-06T22:07:11","guid":{"rendered":"https:\/\/www.europesays.com\/fr\/371597\/"},"modified":"2025-09-06T22:07:11","modified_gmt":"2025-09-06T22:07:11","slug":"marquez-proche-dun-sacre-a-misano","status":"publish","type":"post","link":"https:\/\/www.europesays.com\/fr\/371597\/","title":{"rendered":"Marquez, proche d&rsquo;un sacre \u00e0 Misano"},"content":{"rendered":"<p>&#13;<\/p>\n<p><strong>Avec la chute de son fr\u00e8re Alex au Sprint, Marc Marquez se rapproche encore un peu plus de son neuvi\u00e8me sacre. <\/strong><\/p>\n<p>Dans la configuration actuelle du championnat du monde, Marc Marquez peut jouer une premi\u00e8re balle de match au prochain Grand Prix de Saint-Marin. <\/p>\n<p>L&rsquo;Espagnol compte en effet 187 points d&rsquo;avance sur son fr\u00e8re Alex. Et avec 222 points \u00e0 distribuer apr\u00e8s le Grand Prix de Saint-Marin la semaine prochaine, Marc  ne doit pas conc\u00e9der plus de deux points \u00e0 son fr\u00e8re dimanche pour r\u00e9unir les conditions et \u00eatre \u00ab\u00a0titrable\u00a0\u00bb \u00e0 Misano (c&rsquo;est \u00e0 dire quitter Barcelone avec 185 points d&rsquo;avance ou plus sur Alex)&#8230; une perspective qui devient de plus en plus une r\u00e9alit\u00e9. <\/p>\n<p>De son c\u00f4t\u00e9 Alex doit marquer au moins 3 points de plus que son fr\u00e8re pour s&rsquo;assurer de repousser l&rsquo;\u00e9ch\u00e9ance au Grand Prix du Japon.<\/p>\n<p>&#13;<br \/>\n           &#13;<br \/>\n&#13;<br \/>\n    &#13;<br \/>\n    &#13;<\/p>\n","protected":false},"excerpt":{"rendered":"&#13; Avec la chute de son fr\u00e8re Alex au Sprint, Marc Marquez se rapproche encore un peu plus&hellip;\n","protected":false},"author":2,"featured_media":371598,"comment_status":"","ping_status":"","sticky":false,"template":"","format":"standard","meta":{"footnotes":""},"categories":[1413],"tags":[1011,27,1457,1456,60],"class_list":{"0":"post-371597","1":"post","2":"type-post","3":"status-publish","4":"format-standard","5":"has-post-thumbnail","7":"category-moto","8":"tag-fr","9":"tag-france","10":"tag-moto","11":"tag-motocycle","12":"tag-sports"},"share_on_mastodon":{"url":"https:\/\/pubeurope.com\/@fr\/115159632729860618","error":""},"_links":{"self":[{"href":"https:\/\/www.europesays.com\/fr\/wp-json\/wp\/v2\/posts\/371597","targetHints":{"allow":["GET"]}}],"collection":[{"href":"https:\/\/www.europesays.com\/fr\/wp-json\/wp\/v2\/posts"}],"about":[{"href":"https:\/\/www.europesays.com\/fr\/wp-json\/wp\/v2\/types\/post"}],"author":[{"embeddable":true,"href":"https:\/\/www.europesays.com\/fr\/wp-json\/wp\/v2\/users\/2"}],"replies":[{"embeddable":true,"href":"https:\/\/www.europesays.com\/fr\/wp-json\/wp\/v2\/comments?post=371597"}],"version-history":[{"count":0,"href":"https:\/\/www.europesays.com\/fr\/wp-json\/wp\/v2\/posts\/371597\/revisions"}],"wp:featuredmedia":[{"embeddable":true,"href":"https:\/\/www.europesays.com\/fr\/wp-json\/wp\/v2\/media\/371598"}],"wp:attachment":[{"href":"https:\/\/www.europesays.com\/fr\/wp-json\/wp\/v2\/media?parent=371597"}],"wp:term":[{"taxonomy":"category","embeddable":true,"href":"https:\/\/www.europesays.com\/fr\/wp-json\/wp\/v2\/categories?post=371597"},{"taxonomy":"post_tag","embeddable":true,"href":"https:\/\/www.europesays.com\/fr\/wp-json\/wp\/v2\/tags?post=371597"}],"curies":[{"name":"wp","href":"https:\/\/api.w.org\/{rel}","templated":true}]}}