{"id":371599,"date":"2025-09-06T22:08:11","date_gmt":"2025-09-06T22:08:11","guid":{"rendered":"https:\/\/www.europesays.com\/fr\/371599\/"},"modified":"2025-09-06T22:08:11","modified_gmt":"2025-09-06T22:08:11","slug":"courrier-a-la-fff-opacite-precedents-facheux-pourquoi-le-psg-est-fou-de-rage-apres-les-blessures-de-dembele-et-doue","status":"publish","type":"post","link":"https:\/\/www.europesays.com\/fr\/371599\/","title":{"rendered":"Courrier \u00e0 la FFF, opacit\u00e9, pr\u00e9c\u00e9dents f\u00e2cheux\u2026 Pourquoi le PSG est fou de rage apr\u00e8s les blessures de Demb\u00e9l\u00e9 et Dou\u00e9"},"content":{"rendered":"<p><strong>D\u00c9CRYPTAGE \u2013 <\/strong>Le club de la capitale avait averti la FFF en amont quant au risque de blessure concernant plusieurs de ses joueurs, dont Ousmane Demb\u00e9l\u00e9, avant Ukraine-France.<\/p>\n<p class=\"fig-paragraph\">Furieux. C\u2019est le terme employ\u00e9 en interne pour d\u00e9crire l\u2019\u00e9tat d\u2019esprit qui r\u00e8gne au Paris-SG, apr\u00e8s\u00a0<a href=\"http:\/\/www.lefigaro.fr\/sports\/football\/coupe-du-monde\/ukraine-france-attaquant-du-psg-doue-touche-au-mollet-20250905\" data-fig-type=\"NewsFlash\" data-gtm-custom-categorie=\"navigation\" data-gtm-custom-action=\"crossclick\" data-gtm-custom-label=\"Contextuel\" data-gtm-event=\"customEventSPE\" data-fig-domain=\"LEFIGARO\" target=\"_blank\" rel=\"noopener\">les blessures d\u2019Ousmane Demb\u00e9l\u00e9 et D\u00e9sir\u00e9 Dou\u00e9<\/a>, vendredi, lors de\u00a0<a href=\"http:\/\/www.lefigaro.fr\/sports\/football\/coupe-du-monde\/tombeurs-de-l-ukraine-les-bleus-font-un-premier-pas-vers-le-mondial-2026-20250905\" data-fig-type=\"NewsFlash\" data-gtm-custom-categorie=\"navigation\" data-gtm-custom-action=\"crossclick\" data-gtm-custom-label=\"Contextuel\" data-gtm-event=\"customEventSPE\" data-fig-domain=\"LEFIGARO\" target=\"_blank\" rel=\"noopener\">la victoire de l\u2019\u00e9quipe de France sur l\u2019Ukraine (2-0)<\/a>, en Pologne. Les deux joueurs ont quitt\u00e9 le rassemblement tricolore. C\u2019est un ancien de la maison,\u00a0<a href=\"http:\/\/www.lefigaro.fr\/sports\/football\/coupe-du-monde\/equipe-de-france-coman-appele-apres-les-forfaits-de-dembele-et-doue-20250906\" data-fig-type=\"NewsFlash\" data-gtm-custom-categorie=\"navigation\" data-gtm-custom-action=\"crossclick\" data-gtm-custom-label=\"Contextuel\" data-gtm-event=\"customEventSPE\" data-fig-domain=\"LEFIGARO\" target=\"_blank\" rel=\"noopener\">Kingsley Coman, qui a \u00e9t\u00e9 appel\u00e9 en renfort en vue du match face \u00e0 l\u2019Islande<\/a>, mardi (20h45), au Parc des Princes. Depuis, le verdict est tomb\u00e9 pour les deux champions d\u2019Europe parisiens. L\u00e9sion s\u00e9v\u00e8re de l\u2019ischio-jambier droit pour Demb\u00e9l\u00e9, out environ six semaines. L\u00e9sion au mollet droit et environ un mois d\u2019absence pour Dou\u00e9. Paris exsangue.<\/p>\n<p class=\"fig-paragraph\">Durant les quatre prochaines semaines, sans Dou\u00e9 donc, le PSG doit notamment affronter l\u2019OM (21 septembre), Barcelone (1er octobre) et Lille (5 octobre). Pour Demb\u00e9l\u00e9, il convient de faire une croix sur les matchs des Bleus contre l\u2019Azerba\u00efdjan (10 octobre) et l\u2019Islande (13 octobre). \u00c0 voir pour Leverkusen (21 octobre)\u2026 Rappelons que\u2026<\/p>\n<p class=\"fig-premium-paywall__infos\">\n        Cet article est r\u00e9serv\u00e9 aux abonn\u00e9s.        Il vous reste 81% \u00e0 d\u00e9couvrir.\n    <\/p>\n<p>                <img  data- alt=\"Le Figaro\" class=\"fig-img--complete fig-img\"\/><\/p>\n<p class=\"fig-premium-paywall__title\">Vente Flash<\/p>\n<p class=\"fig-premium-paywall__subtitle\">4,99\u20ac par mois pendant 12 mois. Sans engagement<\/p>\n<p class=\"fig-premium-paywall__connect\">\n                D\u00e9j\u00e0 abonn\u00e9\u00a0?                <a class=\"fig-premium-paywall__connect-link\" href=\"https:\/\/connect.lefigaro.fr\/login?client=horizon_web&amp;type=main&amp;redirect_uri=https%3A%2F%2Fwww.lefigaro.fr%2Fsports%2Ffootball%2Fcoupe-du-monde%2Fcourrier-a-la-fff-opacite-precedents-facheux-pourquoi-le-psg-est-fou-de-rage-apres-les-blessures-de-dembele-et-doue-20250906\" data-js-gtm=\"{&quot;customCategorie&quot;: &quot;conversion&quot;, &quot;customAction&quot;: &quot;before_Landing_Connexion_paywall_auto&quot;, &quot;customLabel&quot;: &quot;bGVmaWdhcm8uZnJfXzFmMDhiNjFkLTY1Y2EtNjM0MC05NTE0LWJmNmQ3M2IwMTU1Ml9fTmV3c0ZsYXNo_Courrier \u00e0 la FFF, opacit\u00e9, pr\u00e9c\u00e9dents f\u00e2cheux\u2026 Pourquoi le PSG est fou de rage apr\u00e8s les blessures de Demb\u00e9l\u00e9 et Dou\u00e9_335&quot;, &quot;customIDSPE&quot;: &quot;bGVmaWdhcm8uZnJfXzFmMDhiNjFkLTY1Y2EtNjM0MC05NTE0LWJmNmQ3M2IwMTU1Ml9fTmV3c0ZsYXNo&quot;, &quot;event&quot;: &quot;customEventSPE&quot;}\" target=\"_blank\" rel=\"noopener\"><br \/>\n                    Connectez-vous<br \/>\n                <\/a>\n            <\/p>\n","protected":false},"excerpt":{"rendered":"D\u00c9CRYPTAGE \u2013 Le club de la capitale avait averti la FFF en amont quant au risque de blessure&hellip;\n","protected":false},"author":2,"featured_media":371600,"comment_status":"","ping_status":"","sticky":false,"template":"","format":"standard","meta":{"footnotes":""},"categories":[1412],"tags":[18833,1640,6713,1451,1452,1453,1454,1455,1011,27,447,2782,93,60],"class_list":{"0":"post-371599","1":"post","2":"type-post","3":"status-publish","4":"format-standard","5":"has-post-thumbnail","7":"category-f1","8":"tag-coupe-du-monde-2026","9":"tag-desire-doue","10":"tag-equipe-de-france-de-football","11":"tag-f1","12":"tag-formula-1","13":"tag-formula1","14":"tag-formule-1","15":"tag-formule1","16":"tag-fr","17":"tag-france","18":"tag-ligue-des-champions","19":"tag-ousmane-dembele","20":"tag-psg","21":"tag-sports"},"share_on_mastodon":{"url":"https:\/\/pubeurope.com\/@fr\/115159636634328792","error":""},"_links":{"self":[{"href":"https:\/\/www.europesays.com\/fr\/wp-json\/wp\/v2\/posts\/371599","targetHints":{"allow":["GET"]}}],"collection":[{"href":"https:\/\/www.europesays.com\/fr\/wp-json\/wp\/v2\/posts"}],"about":[{"href":"https:\/\/www.europesays.com\/fr\/wp-json\/wp\/v2\/types\/post"}],"author":[{"embeddable":true,"href":"https:\/\/www.europesays.com\/fr\/wp-json\/wp\/v2\/users\/2"}],"replies":[{"embeddable":true,"href":"https:\/\/www.europesays.com\/fr\/wp-json\/wp\/v2\/comments?post=371599"}],"version-history":[{"count":0,"href":"https:\/\/www.europesays.com\/fr\/wp-json\/wp\/v2\/posts\/371599\/revisions"}],"wp:featuredmedia":[{"embeddable":true,"href":"https:\/\/www.europesays.com\/fr\/wp-json\/wp\/v2\/media\/371600"}],"wp:attachment":[{"href":"https:\/\/www.europesays.com\/fr\/wp-json\/wp\/v2\/media?parent=371599"}],"wp:term":[{"taxonomy":"category","embeddable":true,"href":"https:\/\/www.europesays.com\/fr\/wp-json\/wp\/v2\/categories?post=371599"},{"taxonomy":"post_tag","embeddable":true,"href":"https:\/\/www.europesays.com\/fr\/wp-json\/wp\/v2\/tags?post=371599"}],"curies":[{"name":"wp","href":"https:\/\/api.w.org\/{rel}","templated":true}]}}