{"id":371603,"date":"2025-09-06T22:10:10","date_gmt":"2025-09-06T22:10:10","guid":{"rendered":"https:\/\/www.europesays.com\/fr\/371603\/"},"modified":"2025-09-06T22:10:10","modified_gmt":"2025-09-06T22:10:10","slug":"un-joker-medical-au-psg-apres-les-forfaits-de-dembele-et-doue-la-reponse-de-la-ligue","status":"publish","type":"post","link":"https:\/\/www.europesays.com\/fr\/371603\/","title":{"rendered":"Un joker m\u00e9dical au PSG apr\u00e8s les forfaits de Demb\u00e9l\u00e9 et Dou\u00e9 ? La r\u00e9ponse de la Ligue"},"content":{"rendered":"<p data-testid=\"article-teaser\">La LFP a tranch\u00e9 sur la possibilit\u00e9 pour le PSG de recruter un joker m\u00e9dical apr\u00e8s les forfaits de Demb\u00e9l\u00e9 et Dou\u00e9. <\/p>\n<p>Priv\u00e9 de deux \u00e9l\u00e9ments cl\u00e9s de son attaque, le Paris Saint-Germain se retrouve fragilis\u00e9 \u00e0 un moment d\u00e9cisif de la saison. Entre un calendrier relev\u00e9 et des supporters qui r\u00e9clament d\u00e9j\u00e0 des renforts, la question d\u2019un joker m\u00e9dical s\u2019est rapidement pos\u00e9e. Mais le r\u00e8glement est strict, et la Ligue de Football Professionnel a tranch\u00e9. Alors que Luis Enrique doit pr\u00e9parer les prochaines \u00e9ch\u00e9ances, Paris devra composer avec son effectif actuel, malgr\u00e9 les absences d\u2019Ousmane Demb\u00e9l\u00e9 et de D\u00e9sir\u00e9 Dou\u00e9.<\/p>\n","protected":false},"excerpt":{"rendered":"La LFP a tranch\u00e9 sur la possibilit\u00e9 pour le PSG de recruter un joker m\u00e9dical apr\u00e8s les forfaits&hellip;\n","protected":false},"author":2,"featured_media":371604,"comment_status":"","ping_status":"","sticky":false,"template":"","format":"standard","meta":{"footnotes":""},"categories":[1410],"tags":[15791,63,1011,27,4253,66,46055,2782,91,50429,60],"class_list":{"0":"post-371603","1":"post","2":"type-post","3":"status-publish","4":"format-standard","5":"has-post-thumbnail","7":"category-football","8":"tag-d-doue","9":"tag-football","10":"tag-fr","11":"tag-france","12":"tag-lens","13":"tag-ligue-1","14":"tag-o-dembele","15":"tag-ousmane-dembele","16":"tag-paris-saint-germain","17":"tag-paris-saint-germain-vs-lens","18":"tag-sports"},"share_on_mastodon":{"url":"https:\/\/pubeurope.com\/@fr\/115159644670815664","error":""},"_links":{"self":[{"href":"https:\/\/www.europesays.com\/fr\/wp-json\/wp\/v2\/posts\/371603","targetHints":{"allow":["GET"]}}],"collection":[{"href":"https:\/\/www.europesays.com\/fr\/wp-json\/wp\/v2\/posts"}],"about":[{"href":"https:\/\/www.europesays.com\/fr\/wp-json\/wp\/v2\/types\/post"}],"author":[{"embeddable":true,"href":"https:\/\/www.europesays.com\/fr\/wp-json\/wp\/v2\/users\/2"}],"replies":[{"embeddable":true,"href":"https:\/\/www.europesays.com\/fr\/wp-json\/wp\/v2\/comments?post=371603"}],"version-history":[{"count":0,"href":"https:\/\/www.europesays.com\/fr\/wp-json\/wp\/v2\/posts\/371603\/revisions"}],"wp:featuredmedia":[{"embeddable":true,"href":"https:\/\/www.europesays.com\/fr\/wp-json\/wp\/v2\/media\/371604"}],"wp:attachment":[{"href":"https:\/\/www.europesays.com\/fr\/wp-json\/wp\/v2\/media?parent=371603"}],"wp:term":[{"taxonomy":"category","embeddable":true,"href":"https:\/\/www.europesays.com\/fr\/wp-json\/wp\/v2\/categories?post=371603"},{"taxonomy":"post_tag","embeddable":true,"href":"https:\/\/www.europesays.com\/fr\/wp-json\/wp\/v2\/tags?post=371603"}],"curies":[{"name":"wp","href":"https:\/\/api.w.org\/{rel}","templated":true}]}}