{"id":371610,"date":"2025-09-06T22:15:12","date_gmt":"2025-09-06T22:15:12","guid":{"rendered":"https:\/\/www.europesays.com\/fr\/371610\/"},"modified":"2025-09-06T22:15:12","modified_gmt":"2025-09-06T22:15:12","slug":"quon-ait-7-ans-ou-40-ans-on-aime-la-meme-chose","status":"publish","type":"post","link":"https:\/\/www.europesays.com\/fr\/371610\/","title":{"rendered":"qu&rsquo;on ait 7 ans ou 40 ans, on aime la m\u00eame chose"},"content":{"rendered":"<p class=\"article__intro\">Deuxi\u00e8me journ\u00e9e au Golden Coast ce samedi 6 septembre. Un festival transg\u00e9n\u00e9rationnel parfaitement adapt\u00e9 aux familles, avec des figures du rap des ann\u00e9es 90 comme des rappeurs \u00e9mergents appartenant \u00e0 la nouvelle g\u00e9n\u00e9ration.<\/p>\n<p>\n      L\u2019actu des r\u00e9gions\n    <\/p>\n<p>\n      Chaque jour, un tour d\u2019horizon des principales infos de toutes les r\u00e9gions.\n    <\/p>\n<p>    France T\u00e9l\u00e9visions utilise votre adresse e-mail afin de vous envoyer la newsletter \u00ab\u00a0L\u2019actu des r\u00e9gions\u00a0\u00bb. Vous pouvez vous d\u00e9sinscrire \u00e0 tout moment via le lien en bas de cette newsletter. <a target=\"_blank\" href=\"https:\/\/www.francetelevisions.fr\/groupe\/confidentialite\/politique-de-confidentialite\/politique-de-confidentialite-de-france-televisions-6503\" rel=\"nofollow noopener\">Notre politique de confidentialit\u00e9<\/a><\/p>\n<p>C&rsquo;est un \u00e9v\u00e9nement qui convient aux petits comme aux grands. Depuis ce vendredi, le Golden Coast accueille un public vari\u00e9. Les familles sont nombreuses. D&rsquo;un c\u00f4t\u00e9, les parents, qui red\u00e9couvrent sur sc\u00e8ne les artistes qu&rsquo;ils \u00e9coutaient plus jeunes, non sans une certaine pointe de nostalgie. De l&rsquo;autre, les enfants, qui sont venus voir ces rappeurs de la nouvelle g\u00e9n\u00e9ration qui tournent en boucle dans leurs oreilles. Tout le monde y trouve son compte.<\/p>\n<p>Cette programmation aussi riche que vari\u00e9e permet \u00e0 Cerise, 39 ans, de venir avec ses deux fils de 11 et 7 ans, Aron et Ysack. \u00ab\u00a0Moi, je viens pour Oxmo. Les enfants, ce serait plus La Mano. Je trouve que c&rsquo;est g\u00e9nial, \u00e7a montre que le rap perdure, avec une philosophie qui reste inchang\u00e9e. Qu&rsquo;on ait 7 ans ou 40 ans, on aime la m\u00eame chose et \u00e7a permet de venir en famille.\u00a0\u00bb<\/p>\n<p><a data-article-figure=\"\" href=\"https:\/\/france3-regions.franceinfo.fr\/image\/EzwIHb9TNxaXA15VMnOiaaxakOU\/1600x1200\/regions\/2025\/09\/06\/whatsapp-image-2025-09-06-at-19-06-13-2-68bc6b0f8469f737871543.jpg\" data-pswp-width=\"1600\" data-pswp-height=\"1200\" target=\"_blank\" rel=\"nofollow noopener\"><\/p>\n<p>          <img width=\"600\" height=\"400\" class=\"article-image lazy\" data-src=\"https:\/\/www.europesays.com\/fr\/wp-content\/uploads\/2025\/09\/whatsapp-image-2025-09-06-at-19-06-13-2-68bc6b0f8469f737871543.jpg\" alt=\"Quentin est fan d'Oxmo Puccino... Et sa fille Ma\u00efwenn aussi !\" fetchpriority=\"high\" as=\"image\"\/><\/p>\n<p>\n            Quentin est fan d&rsquo;Oxmo Puccino&#8230; Et sa fille Ma\u00efwenn aussi !<br \/>\n                           \u2022<br \/>\n                                      \u00a9 Nicolas Da Silva \/ France T\u00e9l\u00e9visions\n                      <\/p>\n<p><\/a><\/p>\n<p>Un peu plus loin, Quentin attend avec impatience le d\u00e9but du concert d&rsquo;Oxmo Puccino. Fan de son plus jeune \u00e2ge, ce p\u00e8re de 39 ans l&rsquo;a transmis \u00e0 sa fille, Ma\u00efwenn. \u00ab\u00a0\u00c7a me permet de venir avec elle, j&rsquo;\u00e9coutais Oxmo Puccino quand j&rsquo;avais son \u00e2ge et c&rsquo;est cool de lui faire d\u00e9couvrir. Je suis content que \u00e7a la touche aussi maintenant. C&rsquo;est tr\u00e8s cool. \u00c7a r\u00e9unit les g\u00e9n\u00e9rations, p\u00e8re et fille par exemple.\u00a0\u00bb<\/p>\n<blockquote class=\"ftvi_content_quote\">\n<p class=\"ftvi_citation_quote\">\u00ab\u00a0Je suis fan de lui aussi, le rap \u00e0 texte est plus int\u00e9ressant.\u00a0\u00bb<\/p>\n<\/blockquote>\n<p>Yohan, 42 ans, profite de son deuxi\u00e8me et dernier jour au Golden Coast. L&rsquo;occasion pour lui de red\u00e9couvrir des artistes qui ont berc\u00e9 sa jeunesse. \u00ab\u00a0Je suis venu avec un ami. On est venu pour IAM, Alonzo, Oxmo Puccino&#8230; Plus les rappeurs de notre g\u00e9n\u00e9ration. C&rsquo;est super de les avoir, il y en a beaucoup que je ne connais pas de la nouvelle et nous on est rest\u00e9 sur les anciens rappeurs. C&rsquo;est ce qu&rsquo;on pr\u00e9f\u00e8re.\u00a0\u00bb<\/p>\n<p><a data-article-figure=\"\" href=\"https:\/\/france3-regions.franceinfo.fr\/image\/Bgz81QEL5KrAkMlTVWzk1jcjoZI\/1600x1200\/regions\/2025\/09\/06\/whatsapp-image-2025-09-06-at-19-06-13-1-68bc6a705dc30575967816.jpg\" data-pswp-width=\"1600\" data-pswp-height=\"1200\" target=\"_blank\" rel=\"nofollow noopener\"><\/p>\n<p>          <img width=\"600\" height=\"400\" class=\"article-image lazy\" data-src=\"https:\/\/www.europesays.com\/fr\/wp-content\/uploads\/2025\/09\/whatsapp-image-2025-09-06-at-19-06-13-1-68bc6a705dc30575967816.jpg\" alt=\"Lucie et Lina sont venues du Creusot pour voir leurs artistes pr\u00e9f\u00e9r\u00e9s.\" fetchpriority=\"high\" as=\"image\"\/><\/p>\n<p>\n            Lucie et Lina sont venues du Creusot pour voir leurs artistes pr\u00e9f\u00e9r\u00e9s.<br \/>\n                           \u2022<br \/>\n                                      \u00a9 Nicolas Da Silva \/ France T\u00e9l\u00e9visions\n                      <\/p>\n<p><\/a><\/p>\n<blockquote class=\"ftvi_content_quote\">\n<p class=\"ftvi_citation_quote\">On a un gros choc de g\u00e9n\u00e9rations, on a vu des personnes de tous les \u00e2ges ici et \u00e7a fait du bien.<\/p>\n<\/blockquote>\n<p><a data-article-figure=\"\" href=\"https:\/\/france3-regions.franceinfo.fr\/image\/FhVQg5fFQDzd5DM5-x4Q7ZEFHLg\/4252x2835\/regions\/2025\/09\/06\/maxnewsspecialtwo293084-68bc398fc39f0800578675.jpg\" data-pswp-width=\"4252\" data-pswp-height=\"2835\" target=\"_blank\" rel=\"nofollow noopener\"><\/p>\n<p>          <img width=\"600\" height=\"400\" class=\"article-image lazy\" data-src=\"https:\/\/www.europesays.com\/fr\/wp-content\/uploads\/2025\/09\/maxnewsspecialtwo293084-68bc398fc39f0800578675.jpg\" alt=\"Oxmo Puccino est une l\u00e9gende du rap fran\u00e7ais.\" fetchpriority=\"high\" as=\"image\"\/><\/p>\n<p>\n            Oxmo Puccino est une l\u00e9gende du rap fran\u00e7ais.<br \/>\n                           \u2022<br \/>\n                                      \u00a9 STEPHANIE PARA \/ MAXPPP\n                      <\/p>\n<p><\/a><\/p>\n<p>Oxmo Puccino, qui vient d&rsquo;annoncer que son prochain album sera le dernier, se r\u00e9jouit de faire partie d&rsquo;un festival qui rassemble les g\u00e9n\u00e9rations. \u00ab\u00a0Il y a des artistes qui ont mon \u00e2ge, des artistes qui ont la moiti\u00e9. C&rsquo;est une f\u00eate hip-hop. C&rsquo;est le plus gros festival de rap en France. J&rsquo;ai rarement eu une programmation avec autant d&rsquo;amis. Je ne pouvais pas rater ce jour-l\u00e0. De conna\u00eetre l&rsquo;esprit dans lequel a \u00e9t\u00e9 cr\u00e9\u00e9 ce festival, d\u00e8s le concept, j&rsquo;ai adh\u00e9r\u00e9. R\u00e9unir des personnes et l&rsquo;amour qu&rsquo;ils ont pour un genre musical qui est aujourd&rsquo;hui transg\u00e9n\u00e9rationnel. Dans ce festival, on vient en famille, il y a des gens de tous les \u00e2ges.\u00a0\u00bb<\/p>\n<p>                    Les festivals de l&rsquo;\u00e9t\u00e9 2025<\/p>\n<p>\n                            \u00c0 partir du 15 juillet 2025\n                    <\/p>\n<p>D\u00e9couvrez la programmation exceptionnelle des festivals de l&rsquo;\u00e9t\u00e9 en France, avec des concerts de rock, jazz et musique classique sur les sc\u00e8nes des Vieilles Charrues, des Francofolies, du Cabaret Vert ou encore Rock en Seine. Du plus petit \u00e9v\u00e9nement au plus grand en th\u00e9\u00e2tre, des spectacles de rues, et autres animations.<br \/>\nPhoto : Mathieu Herduin\/ MaxPPP\/ La Nouvelle R\u00e9publique<\/p>\n<p>                voir plus<\/p>\n<p>\t\t\t\t\t\t\t\t\t\t\t\t\t\t\t\t\t\t\t\t\t\t\t\t\t<a class=\"btn btn--primary btn--large event_redirect btn--on-white\" href=\"https:\/\/france3-regions.franceinfo.fr\/sorties-loisirs\/evenements\/festival\" aria-label=\"Les festivals de l&#039;\u00e9t\u00e9 2025. Voir la page de l\u2019\u00e9v\u00e9nement\" rel=\"nofollow noopener\" target=\"_blank\"><\/p>\n<p>              Voir la page de l\u2019\u00e9v\u00e9nement<\/p>\n<p>\t<\/a><\/p>\n","protected":false},"excerpt":{"rendered":"Deuxi\u00e8me journ\u00e9e au Golden Coast ce samedi 6 septembre. Un festival transg\u00e9n\u00e9rationnel parfaitement adapt\u00e9 aux familles, avec des&hellip;\n","protected":false},"author":2,"featured_media":371611,"comment_status":"","ping_status":"","sticky":false,"template":"","format":"standard","meta":{"footnotes":""},"categories":[1355],"tags":[58,59,1011,27,1361,873],"class_list":{"0":"post-371610","1":"post","2":"type-post","3":"status-publish","4":"format-standard","5":"has-post-thumbnail","7":"category-musique","8":"tag-divertissement","9":"tag-entertainment","10":"tag-fr","11":"tag-france","12":"tag-music","13":"tag-musique"},"share_on_mastodon":{"url":"https:\/\/pubeurope.com\/@fr\/115159664176825300","error":""},"_links":{"self":[{"href":"https:\/\/www.europesays.com\/fr\/wp-json\/wp\/v2\/posts\/371610","targetHints":{"allow":["GET"]}}],"collection":[{"href":"https:\/\/www.europesays.com\/fr\/wp-json\/wp\/v2\/posts"}],"about":[{"href":"https:\/\/www.europesays.com\/fr\/wp-json\/wp\/v2\/types\/post"}],"author":[{"embeddable":true,"href":"https:\/\/www.europesays.com\/fr\/wp-json\/wp\/v2\/users\/2"}],"replies":[{"embeddable":true,"href":"https:\/\/www.europesays.com\/fr\/wp-json\/wp\/v2\/comments?post=371610"}],"version-history":[{"count":0,"href":"https:\/\/www.europesays.com\/fr\/wp-json\/wp\/v2\/posts\/371610\/revisions"}],"wp:featuredmedia":[{"embeddable":true,"href":"https:\/\/www.europesays.com\/fr\/wp-json\/wp\/v2\/media\/371611"}],"wp:attachment":[{"href":"https:\/\/www.europesays.com\/fr\/wp-json\/wp\/v2\/media?parent=371610"}],"wp:term":[{"taxonomy":"category","embeddable":true,"href":"https:\/\/www.europesays.com\/fr\/wp-json\/wp\/v2\/categories?post=371610"},{"taxonomy":"post_tag","embeddable":true,"href":"https:\/\/www.europesays.com\/fr\/wp-json\/wp\/v2\/tags?post=371610"}],"curies":[{"name":"wp","href":"https:\/\/api.w.org\/{rel}","templated":true}]}}