{"id":371618,"date":"2025-09-06T22:20:30","date_gmt":"2025-09-06T22:20:30","guid":{"rendered":"https:\/\/www.europesays.com\/fr\/371618\/"},"modified":"2025-09-06T22:20:30","modified_gmt":"2025-09-06T22:20:30","slug":"les-13-produits-qui-nous-ont-vraiment-bluffe-cette-annee","status":"publish","type":"post","link":"https:\/\/www.europesays.com\/fr\/371618\/","title":{"rendered":"les 13 produits qui nous ont vraiment bluff\u00e9 cette ann\u00e9e"},"content":{"rendered":"<p>Notre TOP 13 des innovations IFA 2025 ! Tondeuse sans antenne RTK, aspirateur crayon Dyson, transporteur d\u2019escaliers Anker Eufy\u2026 Berlin nous a r\u00e9gal\u00e9s cette ann\u00e9e.<\/p>\n<p><a href=\"https:\/\/images.frandroid.com\/wp-content\/uploads\/2025\/09\/image-20-1.jpg\" target=\"_blank\" class=\"article-content__figure\" rel=\"nofollow noopener\"><img fetchpriority=\"high\" decoding=\"async\" loading=\"eager\" width=\"1200\" height=\"903\" src=\"https:\/\/www.europesays.com\/fr\/wp-content\/uploads\/2025\/09\/image-20-1.jpg\" alt=\"\" class=\"wp-image-2785225 wp-image wp-image\"  \/><\/a><\/p>\n<p><a href=\"https:\/\/www.frandroid.com\/events\/ifa\" rel=\"nofollow noopener\" target=\"_blank\">L\u2019IFA 2025 s\u2019ach\u00e8ve \u00e0 Berlin<\/a>, et comme chaque ann\u00e9e, ce salon reste l\u2019un des rendez-vous tech les plus importants d\u2019Europe avec le MWC. <\/p>\n<p>Pendant une semaine, constructeurs du monde entier, journalistes et grand public se croisent dans les all\u00e9es berlinoises pour d\u00e9couvrir les innovations de demain. <\/p>\n<p>Cette ann\u00e9e, une tendance claire se dessine : la domination chinoise s\u2019intensifie, particuli\u00e8rement dans l\u2019\u00e9lectrom\u00e9nager blanc et la robotique domestique.<\/p>\n<p>Peu d\u2019absents notables cette ann\u00e9e. <a href=\"https:\/\/www.frandroid.com\/produits\/apple\" rel=\"nofollow noopener\" target=\"_blank\">Apple<\/a> brille par son absence habituelle (leur keynote \u00e9tant programm\u00e9 mardi prochain), Sony a quitt\u00e9 le salon depuis quelque temps, Google pr\u00e9f\u00e8re le MWC pour ses annonces mobiles. Pas de Honor, ni de Xiaomi. R\u00e9sultat : moins de smartphones qu\u2019avant, mais une diversit\u00e9 impressionnante sur le reste. De la batterie au four intelligent, en passant par les drones et les aspirateurs, l\u2019IFA reste le terrain de jeu de toutes les innovations.<\/p>\n<p>Voici notre s\u00e9lection des 13 produits qui nous ont marqu\u00e9s cette ann\u00e9e. On vous conseille aussi de faire un petit tour sur notre TikTok, o\u00f9 vous trouverez <a target=\"_blank\" href=\"https:\/\/www.tiktok.com\/@frandroid_?lang=fr\" rel=\"nofollow noopener\">quelques vid\u00e9os de l\u2019IFA<\/a>.<\/p>\n<p>Mammotion Yuka mini Vision : la tondeuse qui enterre l\u2019antenne RTK<\/p>\n<p>Dans la jungle des<a href=\"https:\/\/www.frandroid.com\/guide-dachat\/guide-dachat-maison-connectee\/1351643_quel-robot-tondeuse-acheter\" rel=\"nofollow noopener\" target=\"_blank\"> tondeuses robots <\/a>pr\u00e9sentes \u00e0 l\u2019IFA, <a href=\"https:\/\/www.frandroid.com\/produits-android\/maison-connectee\/robots-tondeuses\/2785127_cette-tondeuse-robot-chinoise-abandonne-enfin-lantenne-rtk-galere-place-a-lia-et-la-vision-pure\" rel=\"nofollow noopener\" target=\"_blank\">la Mammotion Yuka mini Vision<\/a> sort du lot par son approche radicale. Fini le syst\u00e8me RTK (positionnement par satellite) et son antenne p\u00e9nible \u00e0 installer. Cette tondeuse chinoise mise tout sur la vision par ordinateur pour naviguer et d\u00e9limiter automatiquement votre pelouse.<\/p>\n<p><a href=\"https:\/\/images.frandroid.com\/wp-content\/uploads\/2025\/09\/image-19.jpg\" target=\"_blank\" class=\"article-content__figure\" rel=\"nofollow noopener\"><img loading=\"lazy\" decoding=\"async\" width=\"1200\" height=\"903\" src=\"https:\/\/www.europesays.com\/fr\/wp-content\/uploads\/2025\/09\/image-19-1200x903.jpg\" alt=\"\" class=\"wp-image-2785135 wp-image\"  \/><\/a>Mammotion Yuka mini Vision \/\/ Source : Frandroid<\/p>\n<p>Le changement est radical compar\u00e9 aux anciens mod\u00e8les Mammotion qui combinaient RTK et vision. La Yuka mini Vision fonctionne en navigation 100 % visuelle. Plus besoin d\u2019installer une antenne RTK relou, de l\u2019orienter, de calibrer le syst\u00e8me. \u00ab\u00a0Drop &amp; mow\u00a0\u00bb : on la pose et elle se d\u00e9brouille. Une simplification qui pourrait d\u00e9mocratiser ces machines aupr\u00e8s du grand public.<\/p>\n<p>Xgimi Titan : le vid\u00e9oprojecteur chinois qui vise les pros<\/p>\n<p>Xgimi pousse ses pions sur le march\u00e9 professionnel <a href=\"https:\/\/www.frandroid.com\/marques\/xgimi\/2785021_sony-et-jvc-peuvent-trembler-xgimi-debarque-avec-son-titan\" rel=\"nofollow noopener\" target=\"_blank\">avec le Titan<\/a>, un vid\u00e9oprojecteur 4K \u00e0 double source laser con\u00e7u pour les salles de conf\u00e9rence et les installations home cin\u00e9ma haut de gamme. Avec 5000 Lumens ISO et un contraste dynamique de 5 000 000:1, ce projecteur chinois s\u2019attaque frontalement aux acteurs historiques du secteur.<\/p>\n<p><a href=\"https:\/\/images.frandroid.com\/wp-content\/uploads\/2025\/09\/xgimi-titan-ifa2025.jpg\" target=\"_blank\" class=\"article-content__figure\" rel=\"nofollow noopener\"><img loading=\"lazy\" decoding=\"async\" width=\"1200\" height=\"903\" src=\"https:\/\/www.europesays.com\/fr\/wp-content\/uploads\/2025\/09\/xgimi-titan-ifa2025-1200x903.jpg\" alt=\"\" class=\"wp-image-2785039 wp-image\"  \/><\/a>Xgimi Titan \/\/ Source : Sylvain Pichot \u2013 Frandroid<\/p>\n<p>La puce DLP de 0,78 pouce et l\u2019architecture laser garantissent des projections de qualit\u00e9 m\u00eame dans des conditions d\u2019\u00e9clairage d\u00e9favorables. Une incursion remarqu\u00e9e sur un march\u00e9 traditionnellement domin\u00e9 par les marques japonaises.<\/p>\n<p class=\"shortcode-container see-more\">\n    Pour aller plus loin<br \/><a href=\"https:\/\/www.frandroid.com\/marques\/xgimi\/2785021_sony-et-jvc-peuvent-trembler-xgimi-debarque-avec-son-titan\" rel=\"nofollow noopener\" target=\"_blank\">Sony et JVC peuvent trembler, Xgimi d\u00e9barque avec son Titan<\/a>\n            <\/p>\n<p>Valerion VisionMaster Max : la projection domestique repens\u00e9e<\/p>\n<p>Filiale haut de gamme d\u2019AWOL Vision, <a href=\"https:\/\/www.frandroid.com\/marques\/valerion\/2781615_nouveau-videoprojecteur-valerion-visionmaster-max-encore-mieux-que-le-pro-2\" rel=\"nofollow noopener\" target=\"_blank\">Valerion officialise la version finale de son VisionMaster Max<\/a>. Ce projecteur triple laser RGB avec moteur ProVision Engine vise \u00e0 \u00e9tablir de nouveaux standards pour la projection domestique premium.<\/p>\n<p><a href=\"https:\/\/images.frandroid.com\/wp-content\/uploads\/2025\/09\/valerion-visionmaster-max.jpg\" target=\"_blank\" class=\"article-content__figure\" rel=\"nofollow noopener\"><img loading=\"lazy\" decoding=\"async\" width=\"1200\" height=\"962\" src=\"https:\/\/www.europesays.com\/fr\/wp-content\/uploads\/2025\/09\/valerion-visionmaster-max-1200x962.jpg\" alt=\"\" class=\"wp-image-2781623 wp-image\"  \/><\/a>Valerion VisionMaster Max \/\/ Source : Valerion<\/p>\n<p>D\u00e9finition 4K Ultra HD (simul\u00e9e par wobulation), taux de contraste de 15 000:1, luminosit\u00e9 de 3500 Lumens ISO\u2026 Les sp\u00e9cifications impressionnent sur le papier. Reste \u00e0 voir si cette mont\u00e9e en gamme trouvera son public face \u00e0 des acteurs plus \u00e9tablis.<\/p>\n<p class=\"shortcode-container see-more\">\n    Pour aller plus loin<br \/><a href=\"https:\/\/www.frandroid.com\/marques\/valerion\/2781615_nouveau-videoprojecteur-valerion-visionmaster-max-encore-mieux-que-le-pro-2\" rel=\"nofollow noopener\" target=\"_blank\">Nouveau vid\u00e9oprojecteur Valerion VisionMaster Max, encore mieux que le Pro 2\u00a0?<\/a>\n            <\/p>\n<p>Dyson PencilVac : l\u2019aspirateur crayon qui d\u00e9fie la logique<\/p>\n<p>Dyson nous surprend encore <a href=\"https:\/\/www.frandroid.com\/marques\/dyson\/2783541_dyson-pencilvac-jai-essaye-laspirateur-le-plus-fin-au-monde-a-lifa#:~:text=Avec%20ses%201%2C8%20kg,chez%20nous%20avec%20quelques%20am%C3%A9liorations.\" rel=\"nofollow noopener\" target=\"_blank\">avec le PencilVac<\/a>, un aspirateur b\u00e2ton de seulement 38 mm de diam\u00e8tre qui d\u00e9barque enfin en Europe. Test\u00e9 \u00e0 l\u2019IFA, cet appareil d\u00e9routant de 1,8 kg se faufile partout avec ses 95 mm d\u2019\u00e9paisseur une fois aplati.<\/p>\n<p><a href=\"https:\/\/images.frandroid.com\/wp-content\/uploads\/2025\/09\/ifa-frandroid-p1101149.jpg\" target=\"_blank\" class=\"article-content__figure\" rel=\"nofollow noopener\"><img loading=\"lazy\" decoding=\"async\" width=\"1200\" height=\"800\" src=\"https:\/\/www.europesays.com\/fr\/wp-content\/uploads\/2025\/09\/ifa-frandroid-p1101149-1200x800.jpg\" alt=\"\" class=\"wp-image-2783553 wp-image\"  \/><\/a>Dyson PencilVac \/\/ Source : Frandroid<\/p>\n<p>Commercialis\u00e9 en Chine depuis l\u2019\u00e9t\u00e9 \u00e0 3999 CNY (environ 500 euros), le PencilVac r\u00e9pond \u00e0 un vrai besoin urbain : nettoyer efficacement les appartements exigus o\u00f9 chaque centim\u00e8tre compte. Une sp\u00e9cialisation intelligente face \u00e0 la concurrence g\u00e9n\u00e9raliste.<\/p>\n<p class=\"shortcode-container see-more\">\n    Pour aller plus loin<br \/><a href=\"https:\/\/www.frandroid.com\/marques\/dyson\/2783541_dyson-pencilvac-jai-essaye-laspirateur-le-plus-fin-au-monde-a-lifa\" rel=\"nofollow noopener\" target=\"_blank\">Dyson PencilVac : j\u2019ai essay\u00e9 l\u2019aspirateur le plus fin au monde \u00e0 l\u2019IFA<\/a>\n            <\/p>\n<p>Roborock RockMow Z1 : quand les aspirateurs s\u2019attaquent au jardin<\/p>\n<p>Roborock \u00e9tend son terrain de jeu avec <a href=\"https:\/\/www.frandroid.com\/marques\/roborock\/2781835_trois-tondeuses-robots-pour-tous-les-budgets-et-tous-les-jardins-roborock-envoie-du-lourd\" rel=\"nofollow noopener\" target=\"_blank\">les tondeuses RockMow Z1, S1 et RockNeo Q1<\/a>. La Z1, mod\u00e8le phare, grimpe des pentes \u00e0 80%, franchit des obstacles de 6 cm et reste stable gr\u00e2ce \u00e0 une suspension dynamique r\u00e9volutionnaire.<\/p>\n<p><a href=\"https:\/\/images.frandroid.com\/wp-content\/uploads\/2025\/09\/tondeuse-roborock-3.jpg\" target=\"_blank\" class=\"article-content__figure\" rel=\"nofollow noopener\"><img loading=\"lazy\" decoding=\"async\" width=\"1200\" height=\"900\" src=\"https:\/\/www.europesays.com\/fr\/wp-content\/uploads\/2025\/09\/tondeuse-roborock-3-1200x900.jpg\" alt=\"\" class=\"wp-image-2781839 wp-image\"  \/><\/a><\/p>\n<p>Particularit\u00e9 notable : chaque roue avant dispose de son moteur de direction, garantissant une man\u0153uvrabilit\u00e9 in\u00e9dite. Avec sa largeur de coupe de 24 cm et son autonomie pour 5000 m\u00b2 par jour, elle vise clairement les grandes surfaces. Bonus amusant : la possibilit\u00e9 de dessiner des motifs sur la pelouse via l\u2019application.<\/p>\n<p class=\"shortcode-container see-more\">\n    Pour aller plus loin<br \/><a href=\"https:\/\/www.frandroid.com\/marques\/roborock\/2781835_trois-tondeuses-robots-pour-tous-les-budgets-et-tous-les-jardins-roborock-envoie-du-lourd\" rel=\"nofollow noopener\" target=\"_blank\">Trois tondeuses robots pour tous les budgets et tous les jardins : Roborock envoie du lourd<\/a>\n            <\/p>\n<p>Anker Eufy MarsWalker : le transporteur d\u2019aspirateur qui d\u00e9fie la gravit\u00e9<\/p>\n<p>Eufy pousse le concept robotique plus loin <a href=\"https:\/\/www.frandroid.com\/marques\/anker\/2780061_anker-eufy-marswalker-quand-les-robots-aspirateurs-apprennent-a-monter-les-escaliers\" rel=\"nofollow noopener\" target=\"_blank\">avec le MarsWalker<\/a>, pr\u00e9sent\u00e9 comme \u00ab\u00a0le premier transporteur grimpeur d\u2019escaliers au monde pour aspirateur robot\u00a0\u00bb. Cette plateforme \u00e0 chenilles embarque votre aspirateur Omni S2 et le prom\u00e8ne entre les \u00e9tages.<\/p>\n<p><a href=\"https:\/\/images.frandroid.com\/wp-content\/uploads\/2025\/09\/image-19-2.jpg\" target=\"_blank\" class=\"article-content__figure\" rel=\"nofollow noopener\"><img loading=\"lazy\" decoding=\"async\" width=\"1200\" height=\"903\" src=\"https:\/\/www.europesays.com\/fr\/wp-content\/uploads\/2025\/09\/image-19-2-1200x903.jpg\" alt=\"\" class=\"wp-image-2785209 wp-image\"  \/><\/a><\/p>\n<p>Le syst\u00e8me reconna\u00eet automatiquement les types d\u2019escaliers (droits, en L ou en U), cartographie en 3D et planifie ses d\u00e9placements. Quatre bras ind\u00e9pendants s\u2019adaptent dynamiquement aux marches. Une innovation spectaculaire qui r\u00e9pond \u00e0 un vrai probl\u00e8me des maisons \u00e0 \u00e9tages. Enfin, cela sera sans doute moins cher d\u2019acheter deux aspirateurs-robots, du moins, au d\u00e9but.<\/p>\n<p class=\"shortcode-container see-more\">\n    Pour aller plus loin<br \/><a href=\"https:\/\/www.frandroid.com\/marques\/anker\/2780061_anker-eufy-marswalker-quand-les-robots-aspirateurs-apprennent-a-monter-les-escaliers\" rel=\"nofollow noopener\" target=\"_blank\">Anker Eufy MarsWalker : quand les robots aspirateurs apprennent \u00e0 monter les escaliers<\/a>\n            <\/p>\n<p>Dreame aussi avait son robot pour escalier, <a target=\"_blank\" href=\"https:\/\/www.tiktok.com\/@frandroid_\/video\/7546613861286251798?lang=fr\" rel=\"nofollow noopener\">on l\u2019a vu et film\u00e9<\/a>.<\/p>\n<p>                Ce contenu est bloqu\u00e9 car vous n\u2019avez pas accept\u00e9 les cookies et autres traceurs. Ce contenu est fourni par TikTok.<br \/>Pour pouvoir le visualiser, vous devez accepter l\u2019usage \u00e9tant op\u00e9r\u00e9 par TikTok avec vos donn\u00e9es qui pourront \u00eatre utilis\u00e9es pour les finalit\u00e9s suivantes : vous permettre de visualiser et de partager des contenus avec des m\u00e9dias sociaux, favoriser le d\u00e9veloppement et l\u2019am\u00e9lioration des produits d\u2019Humanoid et de ses partenaires, vous afficher des publicit\u00e9s personnalis\u00e9es par rapport \u00e0 votre profil et activit\u00e9, vous d\u00e9finir un profil publicitaire personnalis\u00e9, mesurer la performance des publicit\u00e9s et du contenu de ce site et mesurer l\u2019audience de ce site <a href=\"#\" class=\"js-privacy\" target=\"_blank\">(en savoir plus)<\/a>            <\/p>\n<p>                En cliquant sur \u00ab J\u2019accepte tout \u00bb, vous consentez aux finalit\u00e9s susmentionn\u00e9es pour l\u2019ensemble des cookies et autres traceurs d\u00e9pos\u00e9s par Humanoid et <a class=\"embed-consent-overlay-vendors-link\" href=\"#preferences-vendeurs\">ses partenaires<\/a>.            <\/p>\n<p>                Vous gardez la possibilit\u00e9 de retirer votre consentement \u00e0 tout moment. Pour plus d\u2019informations, nous vous invitons \u00e0 prendre connaissance de notre <a href=\"https:\/\/www.frandroid.com\/politique-cookies\" rel=\"nofollow noopener\" target=\"_blank\">Politique cookies<\/a>.            <\/p>\n<p>            J\u2019accepte tout        <\/p>\n<p class=\"embed-consent-overlay-manage-choices\">            <a href=\"#preferences-publicitaires\">G\u00e9rer mes choix<\/a>        <\/p>\n<p>Dyson V16 Piston Animal : la puissance brute assum\u00e9e<\/p>\n<p>Le <a href=\"https:\/\/www.frandroid.com\/marques\/dyson\/2781603_dyson-v16-piston-animal-laspirateur-qui-veut-tout-faire-bien-aspirer-et-laver-les-sols\" rel=\"nofollow noopener\" target=\"_blank\">V16 Piston Animal <\/a>pousse encore plus loin la performance avec 315 air-watts contre 262 AW pour le Gen5 Detect pr\u00e9c\u00e9dent. L\u2019innovation majeure ? Un compacteur de poussi\u00e8re qui compresse les d\u00e9bris, permettant de tenir 30 jours selon Dyson, soit trois fois plus que la s\u00e9rie V15.<\/p>\n<p><a href=\"https:\/\/images.frandroid.com\/wp-content\/uploads\/2025\/09\/ifa-frandroid-p1101160.jpg\" target=\"_blank\" class=\"article-content__figure\" rel=\"nofollow noopener\"><img loading=\"lazy\" decoding=\"async\" width=\"1200\" height=\"800\" src=\"https:\/\/www.europesays.com\/fr\/wp-content\/uploads\/2025\/09\/ifa-frandroid-p1101160-1200x800.jpg\" alt=\"\" class=\"wp-image-2783527 wp-image\"  \/><\/a><\/p>\n<p>Performances anti-emm\u00ealement am\u00e9lior\u00e9es, version eau et poussi\u00e8re disponible (V16 Piston Animal Submarine)\u2026 Dyson continue sa mont\u00e9e en puissance face \u00e0 la concurrence chinoise.<\/p>\n<p class=\"shortcode-container see-more\">\n    Pour aller plus loin<br \/><a href=\"https:\/\/www.frandroid.com\/marques\/dyson\/2781603_dyson-v16-piston-animal-laspirateur-qui-veut-tout-faire-bien-aspirer-et-laver-les-sols\" rel=\"nofollow noopener\" target=\"_blank\">Dyson V16 Piston Animal : l\u2019aspirateur qui veut tout faire bien, aspirer et laver les sols<\/a>\n            <\/p>\n<p>Samsung Galaxy S25 FE : l\u2019IA accessible<\/p>\n<p>Samsung d\u00e9mocratise son Galaxy AI avec le <a href=\"https:\/\/www.frandroid.com\/marques\/samsung\/2775211_prise-en-main-du-galaxy-s25-fe-la-fiche-technique-dun-s25-a-un-prix-plus-doux-le-compromis-parfait\" rel=\"nofollow noopener\" target=\"_blank\">S25 FE<\/a>, qui offre les fonctionnalit\u00e9s phares de la s\u00e9rie S25 \u00e0 prix plus abordable. Assistant de notes, traduction d\u2019appels en temps r\u00e9el, retouche photo avanc\u00e9e\u2026 L\u2019IA devient accessible.<\/p>\n<p class=\"bottom-text\">                <a href=\"https:\/\/youtu.be\/2lQ52E9v8lw\" target=\"_blank\" rel=\"nofollow noopener\">Lien YouTube<\/a>                                    <a href=\"https:\/\/www.youtube.com\/subscription_center?add_user=FrAndroidTube\" target=\"_blank\" rel=\"nofollow noopener\">S\u2019abonner \u00e0 Frandroid<\/a>                            <\/p>\n<p>                Ce contenu est bloqu\u00e9 car vous n\u2019avez pas accept\u00e9 les cookies et autres traceurs. Ce contenu est fourni par YouTube.<br \/>Pour pouvoir le visualiser, vous devez accepter l\u2019usage \u00e9tant op\u00e9r\u00e9 par YouTube avec vos donn\u00e9es qui pourront \u00eatre utilis\u00e9es pour les finalit\u00e9s suivantes : vous permettre de visualiser et de partager des contenus avec des m\u00e9dias sociaux, favoriser le d\u00e9veloppement et l\u2019am\u00e9lioration des produits d\u2019Humanoid et de ses partenaires, vous afficher des publicit\u00e9s personnalis\u00e9es par rapport \u00e0 votre profil et activit\u00e9, vous d\u00e9finir un profil publicitaire personnalis\u00e9, mesurer la performance des publicit\u00e9s et du contenu de ce site et mesurer l\u2019audience de ce site <a href=\"#\" class=\"js-privacy\" target=\"_blank\">(en savoir plus)<\/a>            <\/p>\n<p>                En cliquant sur \u00ab J\u2019accepte tout \u00bb, vous consentez aux finalit\u00e9s susmentionn\u00e9es pour l\u2019ensemble des cookies et autres traceurs d\u00e9pos\u00e9s par Humanoid et <a class=\"embed-consent-overlay-vendors-link\" href=\"#preferences-vendeurs\">ses partenaires<\/a>.            <\/p>\n<p>                Vous gardez la possibilit\u00e9 de retirer votre consentement \u00e0 tout moment. Pour plus d\u2019informations, nous vous invitons \u00e0 prendre connaissance de notre <a href=\"https:\/\/www.frandroid.com\/politique-cookies\" rel=\"nofollow noopener\" target=\"_blank\">Politique cookies<\/a>.            <\/p>\n<p>            J\u2019accepte tout        <\/p>\n<p class=\"embed-consent-overlay-manage-choices\">            <a href=\"#preferences-publicitaires\">G\u00e9rer mes choix<\/a>        <\/p>\n<p>Bordures plus fines, bo\u00eetier plus compact (190g contre 201g), mat\u00e9riaux premium (aluminium Armor, Gorilla Glass Victus 2)\u2026 Le S25 FE pourrait \u00eatre une excellente porte d\u2019entr\u00e9e dans l\u2019\u00e9cosyst\u00e8me Galaxy.<\/p>\n<p class=\"shortcode-container see-more\">\n    Pour aller plus loin<br \/><a href=\"https:\/\/www.frandroid.com\/marques\/samsung\/2775211_prise-en-main-du-galaxy-s25-fe-la-fiche-technique-dun-s25-a-un-prix-plus-doux-le-compromis-parfait\" rel=\"nofollow noopener\" target=\"_blank\">Prise en main du Galaxy S25 FE : la fiche technique d\u2019un S25+ \u00e0 un prix plus doux, le compromis parfait\u00a0?<\/a>\n            <\/p>\n<p>Antigravity A1 : le premier drone 360\u00b0 qui vous rend invisible<\/p>\n<p><a href=\"https:\/\/www.frandroid.com\/marques\/insta360\/2760111_insta360-lance-un-drone-fpv-hyper-original-pour-concurrencer-dji-avec-une-excellente-idee#:~:text=Un%20lancement%20pr%C3%A9vu%20en%20janvier,premier%20drone%20%C3%A0%20360%20degr%C3%A9s.\" rel=\"nofollow noopener\" target=\"_blank\">Antigravity<\/a>, filiale d\u2019Insta360, frappe fort avec l\u2019A1, pr\u00e9sent\u00e9 comme le premier drone \u00e0 360 degr\u00e9s au monde. Avec ses 249 grammes, il reste sous la limite r\u00e9glementaire et capture de la vid\u00e9o 8K gr\u00e2ce \u00e0 un double objectif plac\u00e9 au-dessus et en dessous.<\/p>\n<p><a href=\"https:\/\/images.frandroid.com\/wp-content\/uploads\/2025\/08\/4.jpg\" target=\"_blank\" class=\"article-content__figure\" rel=\"nofollow noopener\"><img loading=\"lazy\" decoding=\"async\" width=\"1200\" height=\"800\" src=\"https:\/\/www.europesays.com\/fr\/wp-content\/uploads\/2025\/09\/4-1200x800.jpg\" alt=\"L'Antigravity A1\" class=\"wp-image-2760263 wp-image\"  \/><\/a>L\u2019Antigravity\u00a0A1 \/\/ Source\u00a0: Antigravity<\/p>\n<p>Le syst\u00e8me capture tout l\u2019environnement visible tout en rendant le drone invisible dans vos images. Les lunettes Immersive Vision permettent de visualiser en temps r\u00e9el une exp\u00e9rience compl\u00e8te \u00e0 360 degr\u00e9s. La poign\u00e9e antigravit\u00e9 contr\u00f4le le drone intuitivement : il suffit de pointer dans la direction souhait\u00e9e. Un \u00e9cran sur les lunettes permet m\u00eame aux autres de voir ce que vous observez.<\/p>\n<p class=\"shortcode-container see-more\">\n    Pour aller plus loin<br \/><a href=\"https:\/\/www.frandroid.com\/marques\/insta360\/2760111_insta360-lance-un-drone-fpv-hyper-original-pour-concurrencer-dji-avec-une-excellente-idee\" rel=\"nofollow noopener\" target=\"_blank\">Insta360 lance un drone FPV hyper original pour concurrencer DJI avec une excellente id\u00e9e<\/a>\n            <\/p>\n<p>NexLawn Master X Series : la tondeuse robot avec un bras<\/p>\n<p>Mova applique le concept des bras robotiques des aspirateurs aux tondeuses avec ce concept <a href=\"https:\/\/www.frandroid.com\/produits-android\/maison-connectee\/robots-tondeuses\/2778759_cette-nouvelle-marque-devoile-des-robots-tondeuses-a-bras-articule\" rel=\"nofollow noopener\" target=\"_blank\">NexLawn Master X Series.<\/a> Pas encore en production, mais le bras peut atteindre un m\u00e8tre de port\u00e9e pour attraper les branches tomb\u00e9es sur son passage.<\/p>\n<p><a href=\"https:\/\/images.frandroid.com\/wp-content\/uploads\/2025\/09\/pxl-20250905-075849279-grande.jpeg\" target=\"_blank\" class=\"article-content__figure\" rel=\"nofollow noopener\"><img loading=\"lazy\" decoding=\"async\" width=\"1200\" height=\"903\" src=\"https:\/\/www.europesays.com\/fr\/wp-content\/uploads\/2025\/09\/pxl-20250905-075849279-grande-1200x903.jpeg\" alt=\"\" class=\"wp-image-2785219 wp-image\"  \/><\/a><\/p>\n<p>Dot\u00e9 de multiples accessoires, il peut \u00e9galement servir \u00e0 cueillir des fruits dans un arbre ou jouer \u00e0 rapporter avec votre chien. Une extension logique des innovations robotiques domestiques vers l\u2019ext\u00e9rieur.<\/p>\n<p class=\"shortcode-container see-more\">\n    Pour aller plus loin<br \/><a href=\"https:\/\/www.frandroid.com\/produits-android\/maison-connectee\/robots-tondeuses\/2778759_cette-nouvelle-marque-devoile-des-robots-tondeuses-a-bras-articule\" rel=\"nofollow noopener\" target=\"_blank\">Cette nouvelle marque d\u00e9voile des robots tondeuses \u00e0 bras articul\u00e9<\/a>\n            <\/p>\n<p>Anker Prime 26K : la batterie externe qui alimente tout<\/p>\n<p>Avec ses 26 250 mAh et 300W de puissance, la nouvelle batterie externe Prime d\u2019Anker peut recharger simultan\u00e9ment deux ordinateurs portables gourmands et un smartphone. Parfait pour le travail en d\u00e9placement.<\/p>\n<p><a href=\"https:\/\/images.frandroid.com\/wp-content\/uploads\/2025\/09\/image-20.jpg\" target=\"_blank\" class=\"article-content__figure\" rel=\"nofollow noopener\"><img loading=\"lazy\" decoding=\"async\" width=\"1200\" height=\"934\" src=\"https:\/\/www.europesays.com\/fr\/wp-content\/uploads\/2025\/09\/image-20-1200x934.jpg\" alt=\"\" class=\"wp-image-2785221 wp-image\"  \/><\/a><\/p>\n<p>La base de charge la recharge \u00e0 150W, mais en urgence, deux chargeurs USB-C PD 3.1 de 140W portent la puissance \u00e0 250W, permettant une charge de 0 \u00e0 80% en seulement 35 minutes.<\/p>\n<p>Concept Lenovo ThinkBook VertiFlex : l\u2019\u00e9cran pivotant qui change tout<\/p>\n<p>Parmi les nombreux formats d\u2019\u00e9cran cr\u00e9atifs vus ces derni\u00e8res ann\u00e9es, <a href=\"https:\/\/www.frandroid.com\/marques\/lenovo\/2781447_le-nouveau-pc-concept-de-lenovo-peut-faire-passer-son-ecran-en-mode-portrait\" rel=\"nofollow noopener\" target=\"_blank\">le concept VertiFlex de Lenovo<\/a> se d\u00e9marque par sa simplicit\u00e9. Il suffit de pousser ou tirer l\u2019un des coins pour faire pivoter l\u2019\u00e9cran et passer instantan\u00e9ment d\u2019horizontal \u00e0 vertical.<\/p>\n<p><a href=\"https:\/\/images.frandroid.com\/wp-content\/uploads\/2025\/09\/pc-vertical-lenovo-1.jpeg\" target=\"_blank\" class=\"article-content__figure\" rel=\"nofollow noopener\"><img loading=\"lazy\" decoding=\"async\" width=\"1200\" height=\"800\" src=\"https:\/\/www.europesays.com\/fr\/wp-content\/uploads\/2025\/09\/pc-vertical-lenovo-1-1200x800.jpeg\" alt=\"\" class=\"wp-image-2783447 wp-image\"  \/><\/a>Source : Hugo Clery pour Frandroid<\/p>\n<p>Des charni\u00e8res dissimul\u00e9es dans le couvercle permettent ce changement d\u2019orientation fluide. Solution \u00e9l\u00e9gante pour consulter documents longs, feuilles de calcul ou fen\u00eatres de codage. Pas encore commercialis\u00e9, mais l\u2019id\u00e9e m\u00e9rite d\u2019\u00eatre creus\u00e9e.<\/p>\n<p class=\"shortcode-container see-more\">\n    Pour aller plus loin<br \/><a href=\"https:\/\/www.frandroid.com\/marques\/lenovo\/2781447_le-nouveau-pc-concept-de-lenovo-peut-faire-passer-son-ecran-en-mode-portrait\" rel=\"nofollow noopener\" target=\"_blank\">Le nouveau PC concept de Lenovo peut faire passer son \u00e9cran en mode portrait<\/a>\n            <\/p>\n<p>Acer Swift Air 16 : l\u2019anti-MacBook Air qui p\u00e8se moins d\u2019un kilo<\/p>\n<p>L\u2019ordinateur portable <a href=\"https:\/\/www.frandroid.com\/marques\/acer\/2780293_prise-en-main-acer-swift-air-16-une-premiere-impression-de-lanti-macbook-air\" rel=\"nofollow noopener\" target=\"_blank\">Acer Swift Air 16<\/a> allie portabilit\u00e9 et performances dans un format qui d\u00e9fie la logique. Exceptionnellement l\u00e9ger pour un 16 pouces, ce mod\u00e8le avec \u00e9cran IPS p\u00e8se un peu moins d\u2019un kilo, le rendant \u00e9tonnamment facile \u00e0 porter.<\/p>\n<p><a href=\"https:\/\/images.frandroid.com\/wp-content\/uploads\/2025\/09\/acer-frandroid-p1090924.jpg\" target=\"_blank\" class=\"article-content__figure\" rel=\"nofollow noopener\"><img loading=\"lazy\" decoding=\"async\" width=\"1200\" height=\"800\" src=\"https:\/\/www.europesays.com\/fr\/wp-content\/uploads\/2025\/09\/acer-frandroid-p1090924-1200x800.jpg\" alt=\"\" class=\"wp-image-2780347 wp-image\"  \/><\/a>Acer Swift Air 16 \/\/ Source : Frandroid<\/p>\n<p>\u00c9quip\u00e9 de processeurs AMD Ryzen AI s\u00e9rie 300, ce PC Copilot+ offre pas mal de puissance. Une bonne quantit\u00e9 de ports, autonomie tr\u00e8s correcte et \u00e9cran Oled haute d\u00e9finition en option\u2026 La preuve qu\u2019il n\u2019est pas n\u00e9cessaire de faire des compromis sur les fonctionnalit\u00e9s pour un design ultra-l\u00e9ger. Une alternative (sous Windows 11) int\u00e9ressante au MacBook Air.<\/p>\n<p class=\"shortcode-container see-more\">\n    Pour aller plus loin<br \/><a href=\"https:\/\/www.frandroid.com\/marques\/acer\/2780293_prise-en-main-acer-swift-air-16-une-premiere-impression-de-lanti-macbook-air\" rel=\"nofollow noopener\" target=\"_blank\">Prise en main Acer Swift Air 16 : une premi\u00e8re impression de l\u2019anti-MacBook Air<\/a>\n            <\/p>\n<p>                Ce contenu est bloqu\u00e9 car vous n\u2019avez pas accept\u00e9 les cookies et autres traceurs. Ce contenu est fourni par TikTok.<br \/>Pour pouvoir le visualiser, vous devez accepter l\u2019usage \u00e9tant op\u00e9r\u00e9 par TikTok avec vos donn\u00e9es qui pourront \u00eatre utilis\u00e9es pour les finalit\u00e9s suivantes : vous permettre de visualiser et de partager des contenus avec des m\u00e9dias sociaux, favoriser le d\u00e9veloppement et l\u2019am\u00e9lioration des produits d\u2019Humanoid et de ses partenaires, vous afficher des publicit\u00e9s personnalis\u00e9es par rapport \u00e0 votre profil et activit\u00e9, vous d\u00e9finir un profil publicitaire personnalis\u00e9, mesurer la performance des publicit\u00e9s et du contenu de ce site et mesurer l\u2019audience de ce site <a href=\"#\" class=\"js-privacy\" target=\"_blank\">(en savoir plus)<\/a>            <\/p>\n<p>                En cliquant sur \u00ab J\u2019accepte tout \u00bb, vous consentez aux finalit\u00e9s susmentionn\u00e9es pour l\u2019ensemble des cookies et autres traceurs d\u00e9pos\u00e9s par Humanoid et <a class=\"embed-consent-overlay-vendors-link\" href=\"#preferences-vendeurs\">ses partenaires<\/a>.            <\/p>\n<p>                Vous gardez la possibilit\u00e9 de retirer votre consentement \u00e0 tout moment. Pour plus d\u2019informations, nous vous invitons \u00e0 prendre connaissance de notre <a href=\"https:\/\/www.frandroid.com\/politique-cookies\" rel=\"nofollow noopener\" target=\"_blank\">Politique cookies<\/a>.            <\/p>\n<p>            J\u2019accepte tout        <\/p>\n<p class=\"embed-consent-overlay-manage-choices\">            <a href=\"#preferences-publicitaires\">G\u00e9rer mes choix<\/a>        <\/p>\n<p>            <script async src=\"\/\/www.tiktok.com\/embed.js\"><\/script><\/p>\n","protected":false},"excerpt":{"rendered":"Notre TOP 13 des innovations IFA 2025 ! Tondeuse sans antenne RTK, aspirateur crayon Dyson, transporteur d\u2019escaliers Anker&hellip;\n","protected":false},"author":2,"featured_media":371619,"comment_status":"","ping_status":"","sticky":false,"template":"","format":"standard","meta":{"footnotes":""},"categories":[7],"tags":[1011,27,50034,43,40,41,39,42,44],"class_list":{"0":"post-371618","1":"post","2":"type-post","3":"status-publish","4":"format-standard","5":"has-post-thumbnail","7":"category-sciences-et-technologies","8":"tag-fr","9":"tag-france","10":"tag-ifa-2025","11":"tag-science","12":"tag-science-and-technology","13":"tag-sciences","14":"tag-sciences-et-technologies","15":"tag-technologies","16":"tag-technology"},"share_on_mastodon":{"url":"https:\/\/pubeurope.com\/@fr\/115159684728094991","error":""},"_links":{"self":[{"href":"https:\/\/www.europesays.com\/fr\/wp-json\/wp\/v2\/posts\/371618","targetHints":{"allow":["GET"]}}],"collection":[{"href":"https:\/\/www.europesays.com\/fr\/wp-json\/wp\/v2\/posts"}],"about":[{"href":"https:\/\/www.europesays.com\/fr\/wp-json\/wp\/v2\/types\/post"}],"author":[{"embeddable":true,"href":"https:\/\/www.europesays.com\/fr\/wp-json\/wp\/v2\/users\/2"}],"replies":[{"embeddable":true,"href":"https:\/\/www.europesays.com\/fr\/wp-json\/wp\/v2\/comments?post=371618"}],"version-history":[{"count":0,"href":"https:\/\/www.europesays.com\/fr\/wp-json\/wp\/v2\/posts\/371618\/revisions"}],"wp:featuredmedia":[{"embeddable":true,"href":"https:\/\/www.europesays.com\/fr\/wp-json\/wp\/v2\/media\/371619"}],"wp:attachment":[{"href":"https:\/\/www.europesays.com\/fr\/wp-json\/wp\/v2\/media?parent=371618"}],"wp:term":[{"taxonomy":"category","embeddable":true,"href":"https:\/\/www.europesays.com\/fr\/wp-json\/wp\/v2\/categories?post=371618"},{"taxonomy":"post_tag","embeddable":true,"href":"https:\/\/www.europesays.com\/fr\/wp-json\/wp\/v2\/tags?post=371618"}],"curies":[{"name":"wp","href":"https:\/\/api.w.org\/{rel}","templated":true}]}}