{"id":371624,"date":"2025-09-06T22:23:14","date_gmt":"2025-09-06T22:23:14","guid":{"rendered":"https:\/\/www.europesays.com\/fr\/371624\/"},"modified":"2025-09-06T22:23:14","modified_gmt":"2025-09-06T22:23:14","slug":"comment-macron-a-remis-les-mains-dans-le-cambouis-national-avant-meme-la-chute-de-bayrou","status":"publish","type":"post","link":"https:\/\/www.europesays.com\/fr\/371624\/","title":{"rendered":"Comment Macron a remis les mains dans le cambouis national, avant m\u00eame la chute de Bayrou"},"content":{"rendered":"<p>        <img decoding=\"async\" loading=\"lazy\" src=\"https:\/\/www.europesays.com\/fr\/wp-content\/uploads\/2025\/09\/a4917eb_upload-1-jst49gbttsqu-afp-20250829-72uj8lt-v1-highres-francegermanypoliticsgovernment.jpg\"  width=\"728\" height=\"409\" alt=\"En cas de chute de Fran\u00e7ois Bayrou, Emmanuel Macron devra nommer un nouveau Premier ministre.\"\/>  <\/p>\n<p>MANON CRUZ \/ AFP<\/p>\n<p>En cas de chute de Fran\u00e7ois Bayrou, Emmanuel Macron devra nommer un nouveau Premier ministre.<\/p>\n<p class=\"asset asset-text\">POLITIQUE &#8211; Une main tendue aux socialistes, le pied sur le frein face \u00e0 leur programme \u00e9conomique, et un \u0153il ouvert sur de probables remous sociaux et financiers. <a href=\"https:\/\/www.huffingtonpost.fr\/politique\/video\/j-ai-toujours-ma-carte-ce-message-d-emmanuel-macron-a-surpris-tous-les-fans-de-yu-gi-oh_254195.html\" target=\"_blank\" rel=\"noopener\">Emmanuel Macron <\/a>pr\u00e9pare <a href=\"https:\/\/www.huffingtonpost.fr\/politique\/article\/apres-la-chute-de-francois-bayrou-le-8-septembre-voici-les-scenarios-qui-sont-sur-la-table_254101.html\" target=\"_blank\" rel=\"noopener\">l\u2019apr\u00e8s-Bayrou<\/a>, en qu\u00eate d\u2019un Premier ministre ouvert sur sa gauche\u2026 Mais capable aussi de le prot\u00e9ger.<\/p>\n<p class=\"asset asset-text\">Lundi 8\u00a0septembre, tout le monde s\u2019attend \u00e0 ce que le gouvernement de Fran\u00e7ois Bayrou soit renvers\u00e9 \u00e0 l\u2019Assembl\u00e9e nationale. D\u00e8s le soir, les regards se tourneront vers l\u2019\u00c9lys\u00e9e. Le chef de l\u2019\u00c9tat prendra-t-il la parole\u00a0? Recevra-t-il les partis\u00a0? Les questions, et le sentiment de d\u00e9j\u00e0-vu, sont les m\u00eames \u00e0 chaque \u00e9pisode du feuilleton de l\u2019instabilit\u00e9 politique n\u00e9e de la dissolution rat\u00e9e de l\u2019Assembl\u00e9e nationale l\u2019an dernier.<\/p>\n<p class=\"asset asset-text\">\u00ab\u00a0Le pr\u00e9sident (Macron) proclame qu\u2019il veut aller vite\u00a0\u00bb, rapporte un macroniste historique. \u00ab\u00a0Il l\u2019a d\u00e9j\u00e0 dit par le pass\u00e9\u00a0\u00bb, temp\u00e8re un autre proche, rappelant sa tendance \u00e0 procrastiner lorsqu\u2019il s\u2019agit de nommer. Au final, \u00ab\u00a0je n\u2019ai pas l\u2019impression qu\u2019il ait tranch\u00e9\u00a0\u00bb, assure un ministre. \u00ab\u00a0Ce qui l\u2019int\u00e9resse, c\u2019est l\u2019international, et il a besoin de stabilit\u00e9 pour \u00e7a\u00a0\u00bb, th\u00e9orise un d\u00e9put\u00e9 socialiste.<\/p>\n<p class=\"asset asset-text\">Les strat\u00e8ges pr\u00e9sidentiels ont plusieurs \u00e9ch\u00e9ances en t\u00eate qui devraient l\u2019inciter \u00e0 brusquer son naturel\u00a0: le mouvement \u00ab\u00a0Bloquons tout\u00a0\u00bb mercredi\u00a010, suivi le 18\u00a0septembre d\u2019une mobilisation syndicale\u00a0; entre les deux, l\u2019agence Fitch pourrait d\u00e9grader vendredi la note de la dette, envoyant un signal inqui\u00e9tant aux march\u00e9s financiers. Puis, le 22\u00a0septembre, depuis la tribune de l\u2019ONU \u00e0 New York, Emmanuel Macron doit reconna\u00eetre l\u2019\u00c9tat de Palestine, son grand rendez-vous diplomatique qu\u2019il pr\u00e9pare depuis des mois.<\/p>\n<p>                     Macron pr\u00e9pare la suite    <\/p>\n<p class=\"asset asset-text\">D\u2019autant que son impopularit\u00e9 bat des records depuis 2017 et que les appels de LFI et du RN \u00e0 sa d\u00e9mission connaissent un \u00e9cho croissant dans l\u2019opinion\u00a0: 64\u00a0% des Fran\u00e7ais la souhaitent, selon un sondage.<\/p>\n<p class=\"asset asset-text\">De fait, le pr\u00e9sident de la R\u00e9publique s\u2019est born\u00e9 \u00e0 invoquer la \u00ab\u00a0responsabilit\u00e9\u00a0\u00bb et la \u00ab\u00a0stabilit\u00e9\u00a0\u00bb, prenant soin de ne pas devancer la chute de son alli\u00e9 historique. Mais dans le huis clos \u00e9lys\u00e9en, il pr\u00e9pare la suite, et exhorte la coalition gouvernementale \u00e0 \u00ab\u00a0travailler avec les socialistes\u00a0\u00bb.<\/p>\n<p class=\"asset asset-text\">Justement, leur patron, Olivier Faure, a fait acte de candidature pour Matignon, \u00e0 la t\u00eate d\u2019un gouvernement de gauche, sans LFI, mais aussi sans les macronistes, avec lesquels il serait seulement pr\u00eat \u00e0 n\u00e9gocier des compromis. Sans qu\u2019on en connaisse l\u2019origine, l\u2019id\u00e9e a flott\u00e9 ces derniers jours qu\u2019Emmanuel Macron caresserait l\u2019id\u00e9e de le nommer. Pourtant, aucun des nombreux proches et interlocuteurs du pr\u00e9sident interrog\u00e9s par l\u2019AFP ne l\u2019imaginent emprunter cette voie.<\/p>\n<p class=\"asset asset-text\">\u00ab\u00a0Si Faure expliquait qu\u2019il veut prendre le pouvoir avec nous\u00a0\u00bb, dans une nouvelle alliance entre les socialistes et la macronie, \u00ab\u00a0\u00e7a pourrait avoir de la valeur\u00a0\u00bb, explique un cadre du camp pr\u00e9sidentiel. \u00ab\u00a0Mais ce n\u2019est pas du tout ce qu\u2019il dit.\u00a0\u00bb Ce sera \u00ab\u00a0difficile pour les gens du bloc central de conc\u00e9der le soutien voire seulement la neutralit\u00e9 \u00e0 ceux-l\u00e0 m\u00eames qui ont vot\u00e9 contre\u00a0\u00bb l\u2019\u00e9quipe Bayrou, abonde un ministre.<\/p>\n<p class=\"asset asset-text\">Ces m\u00eames sources voient plut\u00f4t le locataire de l\u2019\u00c9lys\u00e9e se tourner, \u00e0 nouveau, vers un profil de la droite ou du centre. \u00ab\u00a0Quelqu\u2019un dans le bloc central, plut\u00f4t proche du pr\u00e9sident, mais qui sait discuter avec le PS\u00a0\u00bb pour n\u00e9gocier un pacte de non-censure plus durable que sous Fran\u00e7ois Bayrou, r\u00e9sume un t\u00e9nor du gouvernement.<\/p>\n<p>    Troisi\u00e8me Premier ministre en un an    <\/p>\n<p class=\"asset asset-text\">Il s\u2019agira du troisi\u00e8me Premier ministre en un an dans ce p\u00e9rim\u00e8tre et les m\u00eames noms circulent que lors des pr\u00e9c\u00e9dentes nominations. Parmi eux, les ministres S\u00e9bastien Lecornu (Arm\u00e9es), G\u00e9rald Darmanin (Justice), Catherine Vautrin (Travail et Sant\u00e9) et \u00c9ric Lombard (\u00c9conomie). Ou encore le pr\u00e9sident LR des Hauts-de-France Xavier Bertrand.<\/p>\n<p class=\"asset asset-text\">Ces derni\u00e8res heures, une source au fait de la r\u00e9flexion pr\u00e9sidentielle \u00e9voquait un pressing important aupr\u00e8s de l\u2019ex-chef de la diplomatie fran\u00e7aise Jean-Yves Le\u00a0Drian, 78\u00a0ans et retir\u00e9 de la politique active. Emmanuel Macron avait d\u00e9j\u00e0 tent\u00e9 en d\u00e9cembre de convaincre son ami breton d\u2019aller \u00e0 Matignon, en vain. Aujourd\u2019hui, l\u2019ex-socialiste serait moins ferme dans son refus, selon cette source.<\/p>\n<p class=\"asset asset-text\">\u00ab\u00a0En r\u00e9alit\u00e9, \u00e7a d\u00e9pendra de ce que le PS accepte\u00a0\u00bb, glisse un proche du pr\u00e9sident. Tous pr\u00e9viennent que pour obtenir la non-censure du PS, il faudra lui \u00ab\u00a0offrir de vraies victoires politiques\u00a0\u00bb. Parmi les totems que les socialistes esp\u00e8rent d\u00e9crocher, un effort budg\u00e9taire revu \u00e0 la baisse, mais aussi une remise en cause de la retraite \u00e0 64\u00a0ans et une taxation substantielle des plus riches. Or sur ces deux derniers points, Emmanuel Macron \u00ab\u00a0n\u2019acceptera jamais\u00a0\u00bb, pr\u00e9vient un fid\u00e8le de la premi\u00e8re heure. C\u2019est pour cela qu\u2019il veut choisir un Premier ministre \u00ab\u00a0dans sa zone de confort\u00a0\u00bb.<\/p>\n","protected":false},"excerpt":{"rendered":"MANON CRUZ \/ AFP En cas de chute de Fran\u00e7ois Bayrou, Emmanuel Macron devra nommer un nouveau Premier&hellip;\n","protected":false},"author":2,"featured_media":371625,"comment_status":"","ping_status":"","sticky":false,"template":"","format":"standard","meta":{"footnotes":""},"categories":[4],"tags":[11,1073,1011,27,431,12,316,25],"class_list":{"0":"post-371624","1":"post","2":"type-post","3":"status-publish","4":"format-standard","5":"has-post-thumbnail","7":"category-france","8":"tag-actualites","9":"tag-emmanuel-macron","10":"tag-fr","11":"tag-france","12":"tag-francois-bayrou","13":"tag-news","14":"tag-politique","15":"tag-republique-francaise"},"share_on_mastodon":{"url":"https:\/\/pubeurope.com\/@fr\/115159695669998095","error":""},"_links":{"self":[{"href":"https:\/\/www.europesays.com\/fr\/wp-json\/wp\/v2\/posts\/371624","targetHints":{"allow":["GET"]}}],"collection":[{"href":"https:\/\/www.europesays.com\/fr\/wp-json\/wp\/v2\/posts"}],"about":[{"href":"https:\/\/www.europesays.com\/fr\/wp-json\/wp\/v2\/types\/post"}],"author":[{"embeddable":true,"href":"https:\/\/www.europesays.com\/fr\/wp-json\/wp\/v2\/users\/2"}],"replies":[{"embeddable":true,"href":"https:\/\/www.europesays.com\/fr\/wp-json\/wp\/v2\/comments?post=371624"}],"version-history":[{"count":0,"href":"https:\/\/www.europesays.com\/fr\/wp-json\/wp\/v2\/posts\/371624\/revisions"}],"wp:featuredmedia":[{"embeddable":true,"href":"https:\/\/www.europesays.com\/fr\/wp-json\/wp\/v2\/media\/371625"}],"wp:attachment":[{"href":"https:\/\/www.europesays.com\/fr\/wp-json\/wp\/v2\/media?parent=371624"}],"wp:term":[{"taxonomy":"category","embeddable":true,"href":"https:\/\/www.europesays.com\/fr\/wp-json\/wp\/v2\/categories?post=371624"},{"taxonomy":"post_tag","embeddable":true,"href":"https:\/\/www.europesays.com\/fr\/wp-json\/wp\/v2\/tags?post=371624"}],"curies":[{"name":"wp","href":"https:\/\/api.w.org\/{rel}","templated":true}]}}