{"id":371626,"date":"2025-09-06T22:24:16","date_gmt":"2025-09-06T22:24:16","guid":{"rendered":"https:\/\/www.europesays.com\/fr\/371626\/"},"modified":"2025-09-06T22:24:16","modified_gmt":"2025-09-06T22:24:16","slug":"soupcons-de-connivence-lextreme-droite-manoeuvre-dati-enfonce-thomas-legrand-et-patrick-cohen-mediapart","status":"publish","type":"post","link":"https:\/\/www.europesays.com\/fr\/371626\/","title":{"rendered":"Soup\u00e7ons de connivence : l\u2019extr\u00eame droite man\u0153uvre, Dati enfonce Thomas Legrand et Patrick Cohen &#8211; Mediapart"},"content":{"rendered":"<ol>\n<li><a href=\"https:\/\/news.google.com\/rss\/articles\/CBMi3AFBVV95cUxNT0o1MlpwWDluejluUUV2ZVJfR28zSW5FTTdEY0huOV9UWEplRzFkRko3Y2JLVmhSdzZsaF9nZDlfcGNtSFRValBCTEZLX0kxZVZTVUNKN180NFdJLUtQeHJlcDlmdHRUU0gwcFdNWmRrOTY2bDRFSFBpMkwzUUlGbzktS2NNbnhwbVpfejdXaHVYRnFwcmRwZVJmWGNNOHB1aTJGREx3SXE5T3kwRlVQYnYtZGYxT0VJcDUyNHlLbnk0dC1vWDBQalNxb2hnSHRMdUFxQXNQR01FUzU5?oc=5\" target=\"_blank\" rel=\"nofollow noopener\">Soup\u00e7ons de connivence : l\u2019extr\u00eame droite man\u0153uvre, Dati enfonce Thomas Legrand et Patrick Cohen<\/a>&nbsp;&nbsp;Mediapart<\/li>\n<li><a href=\"https:\/\/news.google.com\/rss\/articles\/CBMipgJBVV95cUxQZTBJWjhUTmM1WjRQX1djdl9zbXU4TTlsczloWExVRmEwYm9xMUd6OFZDX3NDb1dyUGVLVncyN0o0c2wzU1ZyVDBFdVhMWGZEdUdfZmRnNXZiWkpfendiNkljQlNuN2poVHBadm1ZV2QzdnFqeHZpZlpFY0cxSnF3TmFpaGE0RG9YVEI1Z0JkTXdPcmV4aE1PSnJuODMtTzNMUVFTTkRNcjNVREQ0MWNlM29aVVBVWGRDaUVBWmhqTjl0R0xtTjJTN0M0Y3llcF9DSnN0Tkh6aEdWVzJacmhMWlJKZHpVdDUtcGQwN29pZVRnT1pGMVUyV0c3eXZmZmJ2ZmFES2tLaUk5MjUtYzBYV0l3b0lFdEVVVnA0RmxBbThiRFU5OEE?oc=5\" target=\"_blank\" rel=\"nofollow noopener\">Thomas Legrand et Patrick Cohen accus\u00e9s de connivence avec le PS contre Rachida Dati : \u00ab Ce rendez-vous n\u2019\u00e9tait pas un caf\u00e9 entre amis \u00bb<\/a>&nbsp;&nbsp;Le Monde.fr<\/li>\n<li><a href=\"https:\/\/news.google.com\/rss\/articles\/CBMihwJBVV95cUxQOXdyQ29XWk5mU1lhZXFYa3Fucl96NUJmaXZneHN3WnlxWmkzNlZOZmRtcHNJcklhQVdIZVNJQVBQQWNPQVJyNE91X0N5dHotdmhtZjFNNlhwS0pFdXdpcVZwMGI0NC1NZFJvYjREcnBfTkV3R25OdVhpOHdBT2c0RUM1bjhkXzA0UGtpTlpFVnVQd1hzNHg1X2RIQVo3OTljdHZfanZpQzFmU2psaDh0QTlkcHZ6RU5YbXVaY0lIT29PT0R3Yk9VS3dGNVprOGZBUDc0M1h4TjFMN0xnclFDTmU2bkNSMW9jY1BPNUdsY0sxN3M4NDdEakl1OFVsTFVvVGRMaEFIMA?oc=5\" target=\"_blank\" rel=\"nofollow noopener\">Pol\u00e9mique \u00e0 France Inter. \u00ab Il y a une plainte qui va \u00eatre d\u00e9pos\u00e9e \u00bb : Patrick Cohen invoque le droit \u00e0 la vie priv\u00e9e<\/a>&nbsp;&nbsp;La Tribune<\/li>\n<li><a href=\"https:\/\/news.google.com\/rss\/articles\/CBMixwFBVV95cUxONjNxTk9wb0NLWUVzcHNSdkliS3pEcWhoRnRnWFIwaFl0andQZ2pvam9JTzZpU3FvdUxtdFlBb24xVjZBQXQtX3ktdzA2QXo3S09ZRWlnOVhJX29pbTBPNkpXM2hsMU93RFV6UGI1YWdLLVdfdUx0SndScG1MOGFnbmhFN3NZcWxMM09NSUZuNl9zMU1WZzVfaW5lYUwxeHRXOElmeTZRM0RETmRXMXNIaDRRWnBDVGdBeTNQaGtNUThZUDRIdVdv?oc=5\" target=\"_blank\" rel=\"nofollow noopener\">Le journaliste Thomas Legrand suspendu par France Inter apr\u00e8s des propos litigieux sur Rachida Dati<\/a>&nbsp;&nbsp;Le Figaro<\/li>\n<li><a href=\"https:\/\/news.google.com\/rss\/articles\/CBMi5AFBVV95cUxNczFEVlhmV3JteGwyMFZ5ZFpvaG1yb0NqbmV0RUdZaWV1bjVNRVpGZHVJWG96TjhydUc5U1ZyQ0RhTkc3SjFYV1N6U0N0RzhLTVRzTHM1emdMUnBDMFZQTVlVQnI3dVphcTNMMnVuSG5OcldCbmJLN1NhMFM2QnE1MFFmQTJTakRXTHM2UjZCbU11LWsydG9RSDZjV1JnSXFUb1F2dzIzdklreElvTzd2RGJ0TXVNeGtTdHlIcExERmFoejVQd3JSODNQMGdhTVNTVkxHZzJ4YXZCRlNLWmxrM1J5WGk?oc=5\" target=\"_blank\" rel=\"nofollow noopener\">Affaire Thomas Legrand : les journalistes peuvent-ils encore avoir des conversations de bistrot ?<\/a>&nbsp;&nbsp;Le Point<\/li>\n<\/ol>\n","protected":false},"excerpt":{"rendered":"Soup\u00e7ons de connivence : l\u2019extr\u00eame droite man\u0153uvre, Dati enfonce Thomas Legrand et Patrick Cohen&nbsp;&nbsp;Mediapart Thomas Legrand et Patrick&hellip;\n","protected":false},"author":2,"featured_media":371627,"comment_status":"","ping_status":"","sticky":false,"template":"","format":"standard","meta":{"footnotes":""},"categories":[2],"tags":[11,1011,27,500,12,3541,13960,15923,50571],"class_list":{"0":"post-371626","1":"post","2":"type-post","3":"status-publish","4":"format-standard","5":"has-post-thumbnail","7":"category-actualites","8":"tag-actualites","9":"tag-fr","10":"tag-france","11":"tag-medias","12":"tag-news","13":"tag-parti-socialiste","14":"tag-patrick-cohen","15":"tag-raphael-glucksmann","16":"tag-thomas-legrand"},"share_on_mastodon":{"url":"https:\/\/pubeurope.com\/@fr\/115159699555863131","error":""},"_links":{"self":[{"href":"https:\/\/www.europesays.com\/fr\/wp-json\/wp\/v2\/posts\/371626","targetHints":{"allow":["GET"]}}],"collection":[{"href":"https:\/\/www.europesays.com\/fr\/wp-json\/wp\/v2\/posts"}],"about":[{"href":"https:\/\/www.europesays.com\/fr\/wp-json\/wp\/v2\/types\/post"}],"author":[{"embeddable":true,"href":"https:\/\/www.europesays.com\/fr\/wp-json\/wp\/v2\/users\/2"}],"replies":[{"embeddable":true,"href":"https:\/\/www.europesays.com\/fr\/wp-json\/wp\/v2\/comments?post=371626"}],"version-history":[{"count":0,"href":"https:\/\/www.europesays.com\/fr\/wp-json\/wp\/v2\/posts\/371626\/revisions"}],"wp:featuredmedia":[{"embeddable":true,"href":"https:\/\/www.europesays.com\/fr\/wp-json\/wp\/v2\/media\/371627"}],"wp:attachment":[{"href":"https:\/\/www.europesays.com\/fr\/wp-json\/wp\/v2\/media?parent=371626"}],"wp:term":[{"taxonomy":"category","embeddable":true,"href":"https:\/\/www.europesays.com\/fr\/wp-json\/wp\/v2\/categories?post=371626"},{"taxonomy":"post_tag","embeddable":true,"href":"https:\/\/www.europesays.com\/fr\/wp-json\/wp\/v2\/tags?post=371626"}],"curies":[{"name":"wp","href":"https:\/\/api.w.org\/{rel}","templated":true}]}}