{"id":371630,"date":"2025-09-06T22:26:29","date_gmt":"2025-09-06T22:26:29","guid":{"rendered":"https:\/\/www.europesays.com\/fr\/371630\/"},"modified":"2025-09-06T22:26:29","modified_gmt":"2025-09-06T22:26:29","slug":"le-10-septembre-greve-a-st-etienne-et-roanne","status":"publish","type":"post","link":"https:\/\/www.europesays.com\/fr\/371630\/","title":{"rendered":"LE 10 SEPTEMBRE : GR\u00c8VE \u00c0 ST-\u00c9TIENNE ET ROANNE"},"content":{"rendered":"<p>                <a href=\"https:\/\/42info.fr\/terminator-2-au-megarama-chavanelle-hasta-la-vista-baby\/\" target=\"_blank\" aria-label=\"Banni\u00e8re Cin\u00e9ma\" rel=\"noopener\"><img loading=\"lazy\" decoding=\"async\" src=\"https:\/\/www.europesays.com\/fr\/wp-content\/uploads\/2025\/09\/Banniere-Cinema.jpg\" alt=\"\"   width=\"2000\" height=\"902\"\/><\/a><\/p>\n<p>Les grandes centrales syndicales CGT, Solidaires, Force Ouvri\u00e8re et SUD-Rail figurent en premi\u00e8re ligne de cette offensive sociale. Bien que l\u2019intersyndicale nationale privil\u00e9gie plut\u00f4t une action pour le 18 septembre, ces mouvements entendent marquer les esprits d\u00e8s le 10 avec une strat\u00e9gie assum\u00e9e : Paralyser le pays.<\/p>\n<p>Les pr\u00e9avis de gr\u00e8ve d\u00e9pos\u00e9s par la CGT et FO s\u2019\u00e9tendent jusqu\u2019\u00e0 fin novembre, sugg\u00e9rant que cette journ\u00e9e pourrait n\u2019\u00eatre que le pr\u00e9lude \u00e0 une s\u00e9rie d\u2019actions plus importantes. Le transport ferroviaire sera particuli\u00e8rement touch\u00e9 : la CGT-Cheminots et SUD-Rail ont lanc\u00e9 un appel \u00e0 une gr\u00e8ve g\u00e9n\u00e9rale. Les voyageurs doivent s\u2019attendre \u00e0 des perturbations majeures sur l\u2019ensemble du r\u00e9seau. Les d\u00e9placements a\u00e9riens ne seront pas \u00e9pargn\u00e9s non plus. Sud A\u00e9rien a \u00e9galement donn\u00e9 ses consignes de gr\u00e8ve, avec des dysfonctionnements pr\u00e9vus dans plusieurs a\u00e9roports fran\u00e7ais.<\/p>\n<p><strong>Les Lig\u00e9riens sont convi\u00e9s \u00e0 deux temps forts distincts le 10 septembre<\/strong>.<\/p>\n<p><strong>\u00c0 Roanne<\/strong>, le cort\u00e8ge s\u2019\u00e9lancera \u00e0 10h30 depuis la Bourse du travail pour converger vers la Sous-Pr\u00e9fecture.<\/p>\n<p><strong>\u00c0 Saint-\u00c9tienne<\/strong>, la protestation d\u00e9marrera \u00e0 15h00 depuis la Bourse du travail locale, direction l\u2019H\u00f4tel de Ville.<\/p>\n<p>Cette vague de protestation vise principalement \u00e0 contester le \u00ab\u00a0plan Bayrou\u00a0\u00bb, accus\u00e9 de programmer plus de 40 milliards d\u2019euros de restrictions budg\u00e9taires. Les manifestants d\u00e9noncent notamment les coupes annonc\u00e9es dans le financement de la protection sociale et de l\u2019administration publique, sans oublier la suppression envisag\u00e9e de deux jours de cong\u00e9s pay\u00e9s.<\/p>\n<p><strong>Une mobilisation qui s\u2019annonce d\u00e9termin\u00e9e<\/strong><\/p>\n<p>Les organisateurs comptent sur l\u2019effet de surprise de cette premi\u00e8re salve pour marquer l\u2019opinion publique et le gouvernement. Cette journ\u00e9e du 10 septembre pourrait bien donner le ton d\u2019un automne social agit\u00e9, d\u2019autant que les pr\u00e9avis d\u00e9j\u00e0 d\u00e9pos\u00e9s laissent pr\u00e9sager d\u2019autres \u00e9pisodes de mobilisation dans les semaines \u00e0 venir.<\/p>\n","protected":false},"excerpt":{"rendered":"Les grandes centrales syndicales CGT, Solidaires, Force Ouvri\u00e8re et SUD-Rail figurent en premi\u00e8re ligne de cette offensive sociale.&hellip;\n","protected":false},"author":2,"featured_media":371631,"comment_status":"","ping_status":"","sticky":false,"template":"","format":"standard","meta":{"footnotes":""},"categories":[9653],"tags":[1111,11,2430,1777,674,1011,27,3367,12,25,9838,4001],"class_list":{"0":"post-371630","1":"post","2":"type-post","3":"status-publish","4":"format-standard","5":"has-post-thumbnail","7":"category-saint-etienne","8":"tag-actu","9":"tag-actualites","10":"tag-auvergne-rhone-alpes","11":"tag-eu","12":"tag-europe","13":"tag-fr","14":"tag-france","15":"tag-loire","16":"tag-news","17":"tag-republique-francaise","18":"tag-roanne","19":"tag-saint-etienne"},"share_on_mastodon":{"url":"https:\/\/pubeurope.com\/@fr\/115159707409875311","error":""},"_links":{"self":[{"href":"https:\/\/www.europesays.com\/fr\/wp-json\/wp\/v2\/posts\/371630","targetHints":{"allow":["GET"]}}],"collection":[{"href":"https:\/\/www.europesays.com\/fr\/wp-json\/wp\/v2\/posts"}],"about":[{"href":"https:\/\/www.europesays.com\/fr\/wp-json\/wp\/v2\/types\/post"}],"author":[{"embeddable":true,"href":"https:\/\/www.europesays.com\/fr\/wp-json\/wp\/v2\/users\/2"}],"replies":[{"embeddable":true,"href":"https:\/\/www.europesays.com\/fr\/wp-json\/wp\/v2\/comments?post=371630"}],"version-history":[{"count":0,"href":"https:\/\/www.europesays.com\/fr\/wp-json\/wp\/v2\/posts\/371630\/revisions"}],"wp:featuredmedia":[{"embeddable":true,"href":"https:\/\/www.europesays.com\/fr\/wp-json\/wp\/v2\/media\/371631"}],"wp:attachment":[{"href":"https:\/\/www.europesays.com\/fr\/wp-json\/wp\/v2\/media?parent=371630"}],"wp:term":[{"taxonomy":"category","embeddable":true,"href":"https:\/\/www.europesays.com\/fr\/wp-json\/wp\/v2\/categories?post=371630"},{"taxonomy":"post_tag","embeddable":true,"href":"https:\/\/www.europesays.com\/fr\/wp-json\/wp\/v2\/tags?post=371630"}],"curies":[{"name":"wp","href":"https:\/\/api.w.org\/{rel}","templated":true}]}}