{"id":371636,"date":"2025-09-06T22:30:15","date_gmt":"2025-09-06T22:30:15","guid":{"rendered":"https:\/\/www.europesays.com\/fr\/371636\/"},"modified":"2025-09-06T22:30:15","modified_gmt":"2025-09-06T22:30:15","slug":"toulon-tressaillir-de-maria-pourchet","status":"publish","type":"post","link":"https:\/\/www.europesays.com\/fr\/371636\/","title":{"rendered":"TOULON : \u00ab\u00a0Tressaillir\u00a0\u00bb, de Maria POURCHET"},"content":{"rendered":"<p style=\"text-align: left;\"><strong>C\u2019est la rentr\u00e9e litt\u00e9raire !<\/strong><\/p>\n<p style=\"text-align: left;\">Au programme de la premi\u00e8re \u00e9mission de cette dix-huiti\u00e8me saison : \u00e9v\u00e8nements, surprises et d\u00e9couvertes !<\/p>\n<p style=\"text-align: left;\"><strong>Retrouvez les livres de l\u2019\u00e9mission dans notre librairie !<\/strong><\/p>\n<p style=\"text-align: left;\">La peur qui est au c\u0153ur du nouveau roman de l\u2019incandescente Maria Pourchet \u00e0 qui l\u2019on doit notamment Toutes les femmes sauf une, ou encore Feu. Dans Tressaillir, elle nous immerge dans la psych\u00e9 d\u2019une quadrag\u00e9naire habit\u00e9e par une peur sans nom et qui d\u00e9cide de s\u2019arracher \u00e0 sa vie bien rang\u00e9e, quel qu\u2019en soit le prix \u00e0 payer. Port\u00e9 par une langue corrosive et percutante, c\u2019est l\u2019aventure existentielle d\u2019une femme d\u00e9boussol\u00e9e qui apprend \u00e0 dompter ses d\u00e9mons et les terreurs d\u2019enfant qui l\u2019ont fa\u00e7onn\u00e9e. Quels impacts les r\u00e9cits, intimes ou collectifs, ont-ils sur nos vies ?<\/p>\n<p style=\"text-align: left;\"><a href=\"https:\/\/t.communication.libraires-ensemble.com\/l2\/82rcHfPdq27\/358228\/4129938739.html?s=20\" rel=\"nofollow noopener\" target=\"_blank\">Commander le livre<\/a><\/p>\n<p style=\"text-align: left;\"><strong>SOURCE : Librairie Charlemagne Toulon. <\/strong><\/p>\n","protected":false},"excerpt":{"rendered":"C\u2019est la rentr\u00e9e litt\u00e9raire ! Au programme de la premi\u00e8re \u00e9mission de cette dix-huiti\u00e8me saison : \u00e9v\u00e8nements, surprises&hellip;\n","protected":false},"author":2,"featured_media":371637,"comment_status":"","ping_status":"","sticky":false,"template":"","format":"standard","meta":{"footnotes":""},"categories":[9619],"tags":[1111,11,1777,674,1011,27,12,882,25,2310],"class_list":{"0":"post-371636","1":"post","2":"type-post","3":"status-publish","4":"format-standard","5":"has-post-thumbnail","7":"category-toulon","8":"tag-actu","9":"tag-actualites","10":"tag-eu","11":"tag-europe","12":"tag-fr","13":"tag-france","14":"tag-news","15":"tag-provence-alpes-cote-dazur","16":"tag-republique-francaise","17":"tag-toulon"},"share_on_mastodon":{"url":"https:\/\/pubeurope.com\/@fr\/115159723108205793","error":""},"_links":{"self":[{"href":"https:\/\/www.europesays.com\/fr\/wp-json\/wp\/v2\/posts\/371636","targetHints":{"allow":["GET"]}}],"collection":[{"href":"https:\/\/www.europesays.com\/fr\/wp-json\/wp\/v2\/posts"}],"about":[{"href":"https:\/\/www.europesays.com\/fr\/wp-json\/wp\/v2\/types\/post"}],"author":[{"embeddable":true,"href":"https:\/\/www.europesays.com\/fr\/wp-json\/wp\/v2\/users\/2"}],"replies":[{"embeddable":true,"href":"https:\/\/www.europesays.com\/fr\/wp-json\/wp\/v2\/comments?post=371636"}],"version-history":[{"count":0,"href":"https:\/\/www.europesays.com\/fr\/wp-json\/wp\/v2\/posts\/371636\/revisions"}],"wp:featuredmedia":[{"embeddable":true,"href":"https:\/\/www.europesays.com\/fr\/wp-json\/wp\/v2\/media\/371637"}],"wp:attachment":[{"href":"https:\/\/www.europesays.com\/fr\/wp-json\/wp\/v2\/media?parent=371636"}],"wp:term":[{"taxonomy":"category","embeddable":true,"href":"https:\/\/www.europesays.com\/fr\/wp-json\/wp\/v2\/categories?post=371636"},{"taxonomy":"post_tag","embeddable":true,"href":"https:\/\/www.europesays.com\/fr\/wp-json\/wp\/v2\/tags?post=371636"}],"curies":[{"name":"wp","href":"https:\/\/api.w.org\/{rel}","templated":true}]}}