{"id":371640,"date":"2025-09-06T22:32:17","date_gmt":"2025-09-06T22:32:17","guid":{"rendered":"https:\/\/www.europesays.com\/fr\/371640\/"},"modified":"2025-09-06T22:32:17","modified_gmt":"2025-09-06T22:32:17","slug":"toulon-simpose-en-patron-a-montpellier","status":"publish","type":"post","link":"https:\/\/www.europesays.com\/fr\/371640\/","title":{"rendered":"Toulon s\u2019impose en patron \u00e0 Montpellier"},"content":{"rendered":"<p>Auteurs d\u2019une belle premi\u00e8re p\u00e9riode, les Toulonnais l\u2019ont emport\u00e9 \u00e0 Montpellier ce samedi, lors de la premi\u00e8re lev\u00e9e.<\/p>\n<p class=\"fig-paragraph\">Tout bon pour Toulon. \u00c0 d\u00e9faut d\u2019avoir tenu le bonus offensif, qu\u2019ils ont virtuellement eu pendant longtemps, les joueurs du RCT ont dispos\u00e9 de Montpellier (17-27) ce samedi, dans l\u2019H\u00e9rault, pour le compte de\u00a0<a href=\"https:\/\/www.lefigaro.fr\/sports\/rugby\/top-14\/calendrier-resultats?journee=1\" target=\"_blank\" rel=\"sponsored noopener\" data-gtm-custom-categorie=\"navigation\" data-gtm-custom-action=\"crossclick\" data-gtm-custom-label=\"Contextuel\" data-gtm-event=\"customEventSPE\">la premi\u00e8re journ\u00e9e du Top 14<\/a>. Les Varois menaient 24-3 \u00e0 la mi-temps, avant d\u2019\u00eatre un peu bouscul\u00e9s en seconde p\u00e9riode. Un peu. Pas assez en tout cas\u2026 Pas de bonus d\u00e9fensif pour le MHR, qui a pourtant eu les occasions pour cela en fin de rencontre, alors que le RCT \u00e9tait moins souverain qu\u2019en premi\u00e8re p\u00e9riode.<\/p>\n<p class=\"fig-paragraph\">Rappelons que le Stade fran\u00e7ais, Bayonne, Pau et le Lou \u00e9taient les premiers vainqueurs de cette journ\u00e9e inaugurale, ce samedi. \u00c0 suivre, le choc entre Bordeaux-B\u00e8gles et La Rochelle (21h05,\u00a0<a href=\"https:\/\/www.lefigaro.fr\/sports\/rugby\/live\/top-14\/2026\/947929\/bordeaux-begles-la-rochelle\" target=\"_blank\" data-fig-type=\"Live\" rel=\"noopener\" data-gtm-custom-categorie=\"navigation\" data-gtm-custom-action=\"crossclick\" data-gtm-custom-label=\"Contextuel\" data-gtm-event=\"customEventSPE\" data-fig-domain=\"LEFIGARO\">en direct comment\u00e9<\/a>).<\/p>\n","protected":false},"excerpt":{"rendered":"Auteurs d\u2019une belle premi\u00e8re p\u00e9riode, les Toulonnais l\u2019ont emport\u00e9 \u00e0 Montpellier ce samedi, lors de la premi\u00e8re lev\u00e9e.&hellip;\n","protected":false},"author":2,"featured_media":371641,"comment_status":"","ping_status":"","sticky":false,"template":"","format":"standard","meta":{"footnotes":""},"categories":[9599],"tags":[1111,11,1777,674,1011,27,2208,20044,12,2680,8177,25,478],"class_list":{"0":"post-371640","1":"post","2":"type-post","3":"status-publish","4":"format-standard","5":"has-post-thumbnail","7":"category-montpellier","8":"tag-actu","9":"tag-actualites","10":"tag-eu","11":"tag-europe","12":"tag-fr","13":"tag-france","14":"tag-montpellier","15":"tag-montpellier-herault-rugby","16":"tag-news","17":"tag-occitanie","18":"tag-rc-toulon","19":"tag-republique-francaise","20":"tag-top-14"},"share_on_mastodon":{"url":"https:\/\/pubeurope.com\/@fr\/115159730919357105","error":""},"_links":{"self":[{"href":"https:\/\/www.europesays.com\/fr\/wp-json\/wp\/v2\/posts\/371640","targetHints":{"allow":["GET"]}}],"collection":[{"href":"https:\/\/www.europesays.com\/fr\/wp-json\/wp\/v2\/posts"}],"about":[{"href":"https:\/\/www.europesays.com\/fr\/wp-json\/wp\/v2\/types\/post"}],"author":[{"embeddable":true,"href":"https:\/\/www.europesays.com\/fr\/wp-json\/wp\/v2\/users\/2"}],"replies":[{"embeddable":true,"href":"https:\/\/www.europesays.com\/fr\/wp-json\/wp\/v2\/comments?post=371640"}],"version-history":[{"count":0,"href":"https:\/\/www.europesays.com\/fr\/wp-json\/wp\/v2\/posts\/371640\/revisions"}],"wp:featuredmedia":[{"embeddable":true,"href":"https:\/\/www.europesays.com\/fr\/wp-json\/wp\/v2\/media\/371641"}],"wp:attachment":[{"href":"https:\/\/www.europesays.com\/fr\/wp-json\/wp\/v2\/media?parent=371640"}],"wp:term":[{"taxonomy":"category","embeddable":true,"href":"https:\/\/www.europesays.com\/fr\/wp-json\/wp\/v2\/categories?post=371640"},{"taxonomy":"post_tag","embeddable":true,"href":"https:\/\/www.europesays.com\/fr\/wp-json\/wp\/v2\/tags?post=371640"}],"curies":[{"name":"wp","href":"https:\/\/api.w.org\/{rel}","templated":true}]}}