{"id":371642,"date":"2025-09-06T22:34:12","date_gmt":"2025-09-06T22:34:12","guid":{"rendered":"https:\/\/www.europesays.com\/fr\/371642\/"},"modified":"2025-09-06T22:34:12","modified_gmt":"2025-09-06T22:34:12","slug":"seine-maritime-une-course-poursuite-avec-la-police-se-termine-en-accident-a-rouen-quatre-blesses-2","status":"publish","type":"post","link":"https:\/\/www.europesays.com\/fr\/371642\/","title":{"rendered":"Seine-Maritime. Une course-poursuite avec la police se termine en accident \u00e0 Rouen, quatre bless\u00e9s"},"content":{"rendered":"<p>Dans une vid\u00e9o relay\u00e9e par <a href=\"https:\/\/www.francebleu.fr\/infos\/faits-divers-justice\/video-un-accident-spectaculaire-dans-les-rues-de-rouen-lors-d-une-course-poursuite-avec-la-police-4044587\" target=\"_blank\" rel=\"nofollow noopener\">Ici Normandie<\/a>, une voiture roulant \u00e0 vive allure pour fuir la police dans les rues de Rouen a percut\u00e9 un v\u00e9hicule arrivant en sens inverse. L&rsquo;accident, qui s&rsquo;est produit samedi \u00e0 3h30 du matin, a \u00e9t\u00e9 film\u00e9 par une cam\u00e9ra de vid\u00e9osurveillance.<\/p>\n<p>D&rsquo;apr\u00e8s le m\u00e9dia local, quatre personnes ont \u00e9t\u00e9 bless\u00e9es. Un homme de 25 ans, dans la voiture en fuite, est gravement bless\u00e9, tandis qu&rsquo;un passager est l\u00e9g\u00e8rement bless\u00e9. Dans le second v\u00e9hicule, deux hommes ont \u00e9t\u00e9 pris en charge par les pompiers et le Smur.<\/p>\n<p>Ce contenu est bloqu\u00e9 car vous n&rsquo;avez pas accept\u00e9 les cookies et autres traceurs.<\/p>\n<p>En cliquant sur \u00ab J\u2019accepte \u00bb, les cookies et autres traceurs seront d\u00e9pos\u00e9s et vous pourrez visualiser les contenus  (<a href=\"\" class=\"consentModule_policy\" target=\"_blank\" title=\"Consulter la politique de protection des donn\u00e9es du fournisseur\">plus d&rsquo;informations<\/a>).<\/p>\n<p>En cliquant sur \u00ab J\u2019accepte tous les cookies \u00bb, vous autorisez des d\u00e9p\u00f4ts de cookies et autres traceurs pour le stockage de vos donn\u00e9es sur nos sites et applications \u00e0 des fins de personnalisation et de ciblage publicitaire.<\/p>\n<p class=\"consentModule_secondaryText\">Vous gardez la possibilit\u00e9 de retirer votre consentement \u00e0 tout moment en consultant notre <a href=\"https:\/\/www.dna.fr\/protection-des-donnees\" target=\"_blank\" title=\"Consulter notre politique de protection des donn\u00e9es\" rel=\"noopener\">politique de protection des donn\u00e9es<\/a>. <br \/>&#13;<br \/>\n            <a href=\"https:\/\/www.dna.fr\/faits-divers-justice\/2025\/09\/06\/javascript:Didomi.notice.show()\" class=\"consentModule_cmp\" target=\"_blank\" rel=\"noopener\">G\u00e9rer mes choix<\/a>&#13;\n        <\/p>\n<p>&#13;<br \/>\n                        J&rsquo;accepte&#13;<br \/>\n            J&rsquo;accepte tous les cookies&#13;\n        <\/p>\n<p>Lors du choc, la voiture noire en fuite a pris feu. L&rsquo;incendie a \u00e9t\u00e9 rapidement \u00e9teint par les secours. Suivi par la police pour exc\u00e8s de vitesse, le fuyard est d\u00e9j\u00e0 connu de la justice pour des faits similaires.<\/p>\n","protected":false},"excerpt":{"rendered":"Dans une vid\u00e9o relay\u00e9e par Ici Normandie, une voiture roulant \u00e0 vive allure pour fuir la police dans&hellip;\n","protected":false},"author":2,"featured_media":371397,"comment_status":"","ping_status":"","sticky":false,"template":"","format":"standard","meta":{"footnotes":""},"categories":[9587],"tags":[119,1111,11,271,272,1777,674,274,107,1011,27,329,12,5161,25,9590],"class_list":{"0":"post-371642","1":"post","2":"type-post","3":"status-publish","4":"format-standard","5":"has-post-thumbnail","7":"category-rouen","8":"tag-accident","9":"tag-actu","10":"tag-actualites","11":"tag-crime","12":"tag-delit-et-contravention","13":"tag-eu","14":"tag-europe","15":"tag-faits-divers-justice","16":"tag-fil-info","17":"tag-fr","18":"tag-france","19":"tag-france-monde","20":"tag-news","21":"tag-normandie","22":"tag-republique-francaise","23":"tag-rouen"},"share_on_mastodon":{"url":"https:\/\/pubeurope.com\/@fr\/115159738829380798","error":""},"_links":{"self":[{"href":"https:\/\/www.europesays.com\/fr\/wp-json\/wp\/v2\/posts\/371642","targetHints":{"allow":["GET"]}}],"collection":[{"href":"https:\/\/www.europesays.com\/fr\/wp-json\/wp\/v2\/posts"}],"about":[{"href":"https:\/\/www.europesays.com\/fr\/wp-json\/wp\/v2\/types\/post"}],"author":[{"embeddable":true,"href":"https:\/\/www.europesays.com\/fr\/wp-json\/wp\/v2\/users\/2"}],"replies":[{"embeddable":true,"href":"https:\/\/www.europesays.com\/fr\/wp-json\/wp\/v2\/comments?post=371642"}],"version-history":[{"count":0,"href":"https:\/\/www.europesays.com\/fr\/wp-json\/wp\/v2\/posts\/371642\/revisions"}],"wp:featuredmedia":[{"embeddable":true,"href":"https:\/\/www.europesays.com\/fr\/wp-json\/wp\/v2\/media\/371397"}],"wp:attachment":[{"href":"https:\/\/www.europesays.com\/fr\/wp-json\/wp\/v2\/media?parent=371642"}],"wp:term":[{"taxonomy":"category","embeddable":true,"href":"https:\/\/www.europesays.com\/fr\/wp-json\/wp\/v2\/categories?post=371642"},{"taxonomy":"post_tag","embeddable":true,"href":"https:\/\/www.europesays.com\/fr\/wp-json\/wp\/v2\/tags?post=371642"}],"curies":[{"name":"wp","href":"https:\/\/api.w.org\/{rel}","templated":true}]}}