{"id":371645,"date":"2025-09-06T22:37:13","date_gmt":"2025-09-06T22:37:13","guid":{"rendered":"https:\/\/www.europesays.com\/fr\/371645\/"},"modified":"2025-09-06T22:37:13","modified_gmt":"2025-09-06T22:37:13","slug":"expulse-face-a-lasse-mouyokolo-connait-sa-sanction","status":"publish","type":"post","link":"https:\/\/www.europesays.com\/fr\/371645\/","title":{"rendered":"Expuls\u00e9 face \u00e0 l&rsquo;ASSE, Mouyokolo conna\u00eet sa sanction !"},"content":{"rendered":"<p data-start=\"234\" data-end=\"272\"><strong>Samedi dernier, les Verts ont \u00e9t\u00e9 contraints de conc\u00e9der le nul face \u00e0 Grenoble. Mouyokolo, expuls\u00e9, conna\u00eet sa sanction apr\u00e8s que la commission de discipline se soit r\u00e9unie hier soir.<\/strong><\/p>\n<p data-start=\"274\" data-end=\"752\">Le choc entre l\u2019AS Saint-\u00c9tienne et Grenoble a laiss\u00e9 un go\u00fbt amer aux Verts. Malgr\u00e9 une domination \u00e9crasante, les St\u00e9phanois n\u2019ont pas r\u00e9ussi \u00e0 faire le break et ont \u00e9t\u00e9 punis sur la seule v\u00e9ritable occasion grenobloise en seconde p\u00e9riode. Yadaly Diaby a ainsi \u00e9galis\u00e9 contre le cours du jeu, privant le Chaudron d\u2019une victoire pourtant largement m\u00e9rit\u00e9e. L\u2019ASSE reste invaincue et conserve la t\u00eate du championnat, mais la frustration \u00e9tait bien pr\u00e9sente \u00e0 Geoffroy-Guichard.<\/p>\n<p>Mouyokolo laisse ses co\u00e9quipiers \u00e0 10 dans les arr\u00eats de jeu<\/p>\n<p data-start=\"802\" data-end=\"1269\">Dans cette rencontre tendue, le d\u00e9fenseur grenoblois Loris Mouyokolo s\u2019est illustr\u00e9 malgr\u00e9 lui en fin de partie. D\u00e9j\u00e0 averti en premi\u00e8re p\u00e9riode pour un croc-en-jambe sur Joshua Duffus, il a commis une nouvelle faute sur <a href=\"https:\/\/peuple-vert.fr\/joueurs\/lucas-stassin\/\" rel=\"nofollow noopener\" target=\"_blank\">Lucas Stassin<\/a> dans le temps additionnel. D\u2019abord oubli\u00e9 par l\u2019arbitre, le second carton jaune lui a finalement \u00e9t\u00e9 inflig\u00e9 apr\u00e8s un rappel tardif de l\u2019officiel. Grenoble a termin\u00e9 la partie \u00e0 dix, sous les sifflets nourris du public st\u00e9phanois.<\/p>\n<p data-start=\"1300\" data-end=\"1669\">La commission de discipline n\u2019a pas tard\u00e9 \u00e0 statuer. R\u00e9unie hier soir, elle a communiqu\u00e9 la suspension inflig\u00e9e au joueur grenoblois. Loris Mouyokolo a \u00e9cop\u00e9 d\u2019un match de suspension ferme. Une sanction logique pour un joueur averti \u00e0 deux reprises et qui manquera la prochaine rencontre du GF38. Pour Grenoble, d\u00e9j\u00e0 en difficult\u00e9 en ce d\u00e9but de saison, c\u2019est un coup dur suppl\u00e9mentaire dans un secteur d\u00e9fensif qui peine \u00e0 trouver de la stabilit\u00e9.<\/p>\n<p>L\u2019ASSE doit am\u00e9liorer son r\u00e9alisme<\/p>\n<p data-start=\"1712\" data-end=\"2099\">\u00c0 Saint-\u00c9tienne, on retient surtout les regrets d\u2019un match qui aurait d\u00fb \u00eatre pli\u00e9 bien avant l\u2019\u00e9galisation adverse. Avec 18 tirs tent\u00e9s, dont 6 cadr\u00e9s, et une possession de balle largement en leur faveur, les Verts ont eu toutes les cartes pour s\u2019imposer. Ils devront d\u00e9sormais transformer leur domination en efficacit\u00e9, condition indispensable pour atteindre l\u2019objectif de la mont\u00e9e. Il faut toutefois noter qu&rsquo;en 4 rencontres cette saison, c&rsquo;est d\u00e9j\u00e0 la 2\u00e8me fois qu&rsquo;un adversaire des Verts termine \u00e0 10 !<\/p>\n","protected":false},"excerpt":{"rendered":"Samedi dernier, les Verts ont \u00e9t\u00e9 contraints de conc\u00e9der le nul face \u00e0 Grenoble. Mouyokolo, expuls\u00e9, conna\u00eet sa&hellip;\n","protected":false},"author":2,"featured_media":371646,"comment_status":"","ping_status":"","sticky":false,"template":"","format":"standard","meta":{"footnotes":""},"categories":[9566],"tags":[1111,11,2430,1777,674,1011,27,2731,12,25],"class_list":{"0":"post-371645","1":"post","2":"type-post","3":"status-publish","4":"format-standard","5":"has-post-thumbnail","7":"category-grenoble","8":"tag-actu","9":"tag-actualites","10":"tag-auvergne-rhone-alpes","11":"tag-eu","12":"tag-europe","13":"tag-fr","14":"tag-france","15":"tag-grenoble","16":"tag-news","17":"tag-republique-francaise"},"share_on_mastodon":{"url":"https:\/\/pubeurope.com\/@fr\/115159750582531880","error":""},"_links":{"self":[{"href":"https:\/\/www.europesays.com\/fr\/wp-json\/wp\/v2\/posts\/371645","targetHints":{"allow":["GET"]}}],"collection":[{"href":"https:\/\/www.europesays.com\/fr\/wp-json\/wp\/v2\/posts"}],"about":[{"href":"https:\/\/www.europesays.com\/fr\/wp-json\/wp\/v2\/types\/post"}],"author":[{"embeddable":true,"href":"https:\/\/www.europesays.com\/fr\/wp-json\/wp\/v2\/users\/2"}],"replies":[{"embeddable":true,"href":"https:\/\/www.europesays.com\/fr\/wp-json\/wp\/v2\/comments?post=371645"}],"version-history":[{"count":0,"href":"https:\/\/www.europesays.com\/fr\/wp-json\/wp\/v2\/posts\/371645\/revisions"}],"wp:featuredmedia":[{"embeddable":true,"href":"https:\/\/www.europesays.com\/fr\/wp-json\/wp\/v2\/media\/371646"}],"wp:attachment":[{"href":"https:\/\/www.europesays.com\/fr\/wp-json\/wp\/v2\/media?parent=371645"}],"wp:term":[{"taxonomy":"category","embeddable":true,"href":"https:\/\/www.europesays.com\/fr\/wp-json\/wp\/v2\/categories?post=371645"},{"taxonomy":"post_tag","embeddable":true,"href":"https:\/\/www.europesays.com\/fr\/wp-json\/wp\/v2\/tags?post=371645"}],"curies":[{"name":"wp","href":"https:\/\/api.w.org\/{rel}","templated":true}]}}