{"id":371647,"date":"2025-09-06T22:39:10","date_gmt":"2025-09-06T22:39:10","guid":{"rendered":"https:\/\/www.europesays.com\/fr\/371647\/"},"modified":"2025-09-06T22:39:10","modified_gmt":"2025-09-06T22:39:10","slug":"n2f-pour-taule-carantec-une-premiere-victoire-a-rennes-malgre-les-difficultes","status":"publish","type":"post","link":"https:\/\/www.europesays.com\/fr\/371647\/","title":{"rendered":"N2F\u00a0: pour Taul\u00e9-Carantec, une premi\u00e8re victoire \u00e0 Rennes malgr\u00e9 les difficult\u00e9s"},"content":{"rendered":"<p>N2F. CPB Rennes &#8211; Taul\u00e9\/Carantec Handball\u00a0: 25-28<\/p>\n<p>Pour leur premier match de la saison, ce samedi soir, les joueuses du Taul\u00e9\/Carantec Handball (N2F) reviennent de Rennes avec un beau succ\u00e8s face au CPB Rennes Handball. Le coach Romain Dusserre se dit \u00ab content de la victoire \u00bb dans un contexte tr\u00e8s compliqu\u00e9 pour le club suite \u00e0 un \u00e9t\u00e9 avec beaucoup de d\u00e9parts. Coh\u00e9rentes et appliqu\u00e9es durant toute la rencontre, les Finist\u00e9riennes n\u2019ont jamais vraiment \u00e9t\u00e9 inqui\u00e9t\u00e9es lors des 60 minutes. Tr\u00e8s rapidement en t\u00eate, avec plus de six buts d\u2019avance au premier quart d\u2019heure, elles n\u2019ont pas laiss\u00e9 beaucoup de chance \u00e0 leurs adversaires. Bien emmen\u00e9es par Nolwenn Dervoet et ses huit buts (dont quatre penalties) et Apolline Granger et ses sept buts, les joueuses de Taul\u00e9-Carantec prenaient m\u00eame sept buts d\u2019avance \u00e0 la pause. Au retour des vestiaires, elles mettent moins d\u2019intensit\u00e9 et laissent les joueuses du CPB et leurs supporters esp\u00e9rer un retour. Pourtant tr\u00e8s vite elles reprennent le contr\u00f4le de la rencontre et il faut attendre les ultimes minutes du match pour voir les locales de la soir\u00e9e revenir \u00e0 trois buts d\u2019\u00e9cart. Malgr\u00e9 cela, quelques mauvais choix des rennaises et une solidit\u00e9 d\u00e9fensive permettent tout de m\u00eame aux L\u00e9onardes de s\u2019imposer 28 \u00e0 25. Si Romain Dusserre avait \u00e0 \u00ab\u00a0c\u0153ur de prendre une victoire\u00a0\u00bb, il reste lucide sur une saison qui \u00ab\u00a0sera tr\u00e8s rapidement compliqu\u00e9e\u00a0\u00bb et pour laquelle, il n\u2019esp\u00e8re pas grand-chose. Cependant, il est heureux que ses joueuses aient pu \u00ab\u00a0montrer qu\u2019elles avaient une place en N2F\u00a0\u00bb. <\/p>\n<p class=\"titre-tech\">La fiche technique<\/p>\n<p class=\"tech\"><strong class=\"tech\">Taul\u00e9\/Carantec Handball. <\/strong>Gardienne\u00a0: Carole Courjaud (14 arr\u00eats sur 37 tirs subis). Joueuses de champ\u00a0: Nolwenn Jacq (2 buts), Camille Le Roy (2 buts), Enora Le Borgne (1 but), Apolline Granger (7 buts), Cl\u00e9mence Le Bras (3 buts), Cassandre Granger (5 buts), Nolwenn Dervoet (8 buts).<\/p>\n","protected":false},"excerpt":{"rendered":"N2F. CPB Rennes &#8211; Taul\u00e9\/Carantec Handball\u00a0: 25-28 Pour leur premier match de la saison, ce samedi soir, les&hellip;\n","protected":false},"author":2,"featured_media":371648,"comment_status":"","ping_status":"","sticky":false,"template":"","format":"standard","meta":{"footnotes":""},"categories":[2821],"tags":[1111,11,829,20248,1777,674,1011,27,1792,12,584,25,60,50572],"class_list":{"0":"post-371647","1":"post","2":"type-post","3":"status-publish","4":"format-standard","5":"has-post-thumbnail","7":"category-rennes","8":"tag-actu","9":"tag-actualites","10":"tag-bretagne","11":"tag-carantec","12":"tag-eu","13":"tag-europe","14":"tag-fr","15":"tag-france","16":"tag-handball","17":"tag-news","18":"tag-rennes","19":"tag-republique-francaise","20":"tag-sports","21":"tag-taule"},"share_on_mastodon":{"url":"https:\/\/pubeurope.com\/@fr\/115159758592171491","error":""},"_links":{"self":[{"href":"https:\/\/www.europesays.com\/fr\/wp-json\/wp\/v2\/posts\/371647","targetHints":{"allow":["GET"]}}],"collection":[{"href":"https:\/\/www.europesays.com\/fr\/wp-json\/wp\/v2\/posts"}],"about":[{"href":"https:\/\/www.europesays.com\/fr\/wp-json\/wp\/v2\/types\/post"}],"author":[{"embeddable":true,"href":"https:\/\/www.europesays.com\/fr\/wp-json\/wp\/v2\/users\/2"}],"replies":[{"embeddable":true,"href":"https:\/\/www.europesays.com\/fr\/wp-json\/wp\/v2\/comments?post=371647"}],"version-history":[{"count":0,"href":"https:\/\/www.europesays.com\/fr\/wp-json\/wp\/v2\/posts\/371647\/revisions"}],"wp:featuredmedia":[{"embeddable":true,"href":"https:\/\/www.europesays.com\/fr\/wp-json\/wp\/v2\/media\/371648"}],"wp:attachment":[{"href":"https:\/\/www.europesays.com\/fr\/wp-json\/wp\/v2\/media?parent=371647"}],"wp:term":[{"taxonomy":"category","embeddable":true,"href":"https:\/\/www.europesays.com\/fr\/wp-json\/wp\/v2\/categories?post=371647"},{"taxonomy":"post_tag","embeddable":true,"href":"https:\/\/www.europesays.com\/fr\/wp-json\/wp\/v2\/tags?post=371647"}],"curies":[{"name":"wp","href":"https:\/\/api.w.org\/{rel}","templated":true}]}}