{"id":37165,"date":"2025-04-19T19:09:18","date_gmt":"2025-04-19T19:09:18","guid":{"rendered":"https:\/\/www.europesays.com\/fr\/37165\/"},"modified":"2025-04-19T19:09:18","modified_gmt":"2025-04-19T19:09:18","slug":"cette-jolie-foret-est-accessible-depuis-le-centre-ville-de-strasbourg","status":"publish","type":"post","link":"https:\/\/www.europesays.com\/fr\/37165\/","title":{"rendered":"cette jolie for\u00eat est accessible depuis le centre-ville de Strasbourg"},"content":{"rendered":"<p>            Par<br \/>\n        <strong><br \/>\n            <a href=\"https:\/\/actu.fr\/auteur\/margot-fournie\" title=\"Consulter tous les articles de Margot Fournie\" rel=\"nofollow noopener\" target=\"_blank\">Margot Fournie<\/a><br \/>\n        <\/strong><\/p>\n<p>        Publi\u00e9 le<\/p>\n<p>            19 avr. 2025 \u00e0 7h02        <\/p>\n<p>Facilement accessible depuis le centre-ville de <a href=\"https:\/\/actu.fr\/strasbourg\/\" rel=\"nofollow noopener\" target=\"_blank\">Strasbourg<\/a> et class\u00e9e <a href=\"https:\/\/actu.fr\/grand-est\/strasbourg_67482\/strasbourg-la-foret-de-la-robertsau-va-devenir-une-reserve-naturelle-nationale_35181620.html\" rel=\"nofollow noopener\" target=\"_blank\">r\u00e9serve naturelle nationale<\/a>, la for\u00eat de la Roberstau <strong>ne manque pas d\u2019atouts<\/strong>.<\/p>\n<p class=\" wall-content\">Observation de la faune, cueillette de plantes ou tout simplement chemins de balade s\u2019offrent aux promeneurs.<\/p>\n<p>      <img   decoding=\"async\" loading=\"lazy\" src=\"https:\/\/www.europesays.com\/fr\/wp-content\/uploads\/2025\/04\/foret-de-la-roberstau-960x640.jpg\" alt=\"La faune est bien pr\u00e9sente dans la for\u00eat de la Roberstau.\" width=\"960\" height=\"640\"\/><br \/>\n    La faune est bien pr\u00e9sente dans la for\u00eat de la Roberstau. (\u00a9Margot Fourni\u00e9 \/ Actu Strasbourg)Une faune bien pr\u00e9sente<\/p>\n<p class=\" wall-content\">Au d\u00e9tour d\u2019un sentier, il est possible d\u2019apercevoir \u00ab\u2009un <strong>castor d\u2019Eurasie<\/strong>, un <strong>gr\u00e8be castagneux<\/strong>, cet oiseau aquatique ou encore un criquet des roseaux\u2009\u00bb, d\u2019apr\u00e8s l\u2019association R\u00e9serves naturelles de France.<\/p>\n<p class=\" wall-content\">Dans l\u2019eau, toujours selon la m\u00eame association, se trouvent \u00ab<strong>\u2009des anguilles d\u2019Europe<\/strong>.\u2009\u00bb<\/p>\n<p>Vid\u00e9os : en ce moment sur ActuUne cueillette de plantes sauvages<\/p>\n<p class=\" wall-content\">Si la for\u00eat est connue pour <strong>l\u2019\u0153illet superbe<\/strong> et <strong>l\u2019iris de Sib\u00e9rie<\/strong>, en cette saison, on peut y cueillir une plante pris\u00e9e des cuisiniers\u2009: <a href=\"https:\/\/actu.fr\/bretagne\/locmine_56117\/videoles-rendez-vous-de-lherboriste-lail-des-ours_6139863.html\" rel=\"nofollow noopener\" target=\"_blank\">l\u2019ail des ours<\/a>.<\/p>\n<p class=\" wall-content\">Mais attention, l\u2019ail des ours est souvent <a href=\"https:\/\/actu.fr\/societe\/deux-morts-apres-avoir-confondu-colchique-et-ail-des-ours-les-reflexes-pour-ne-surtout-pas-faire-l-erreur_62497322.html\" rel=\"nofollow noopener\" target=\"_blank\">confondu avec le colchique<\/a> dont la<strong> consommation est mortelle<\/strong>. Pour faire la distinction, l\u2019Agence r\u00e9gionale de Sant\u00e9 (ARS) expose que \u00ab\u2009l\u2019ail des ours pr\u00e9sente une <strong>odeur caract\u00e9ristique d\u2019ail<\/strong>, notamment lorsque l\u2019on <strong>froisse ses feuilles<\/strong>. Les feuilles sont plus ou moins brillantes, ovales et pointues, port\u00e9es par des tiges.\u2009\u00bb<\/p>\n<p class=\" wall-content\">Tandis que, toujours selon l\u2019ARS, \u00ab\u2009les feuilles du colchique sont plus rigides, sans tige, et le bulbe est rond et fonc\u00e9. Elles sont charnues, \u00e0 bout arrondi et semblent sortir directement du sol.\u2009\u00bb<\/p>\n<p>Pour vous y rendre, comptez 45\u00a0minutes de trajet en bus. Prenez le 72 et arr\u00eatez-vous \u00e0 Unterjaegerhof.<\/p>\n<p class=\" wall-content\">Suivez toute l\u2019actualit\u00e9 de vos villes et m\u00e9dias favoris en vous inscrivant \u00e0 <a href=\"https:\/\/moncompte.actu.fr\" title=\"D\u00e9couvez Mon Actu\" rel=\"nofollow noopener\" data-trk=\"{&quot;cta&quot;:{&quot;action&quot;:&quot;https:\\\/\\\/moncompte.actu.fr&quot;,&quot;category&quot;:&quot;mon compte&quot;,&quot;from&quot;:&quot;article footer&quot;,&quot;name&quot;:&quot;Mon actu&quot;,&quot;type&quot;:&quot;cta&quot;}}\" target=\"_blank\">Mon Actu<\/a>.<\/p>\n","protected":false},"excerpt":{"rendered":"Par Margot Fournie Publi\u00e9 le 19 avr. 2025 \u00e0 7h02 Facilement accessible depuis le centre-ville de Strasbourg et&hellip;\n","protected":false},"author":2,"featured_media":37166,"comment_status":"","ping_status":"","sticky":false,"template":"","format":"standard","meta":{"footnotes":""},"categories":[2820],"tags":[1111,11,7552,1777,674,5183,1011,27,775,1652,12,25,640],"class_list":{"0":"post-37165","1":"post","2":"type-post","3":"status-publish","4":"format-standard","5":"has-post-thumbnail","7":"category-strasbourg","8":"tag-actu","9":"tag-actualites","10":"tag-balade","11":"tag-eu","12":"tag-europe","13":"tag-foret","14":"tag-fr","15":"tag-france","16":"tag-grand-est","17":"tag-loisirs-culture","18":"tag-news","19":"tag-republique-francaise","20":"tag-strasbourg"},"share_on_mastodon":{"url":"https:\/\/pubeurope.com\/@fr\/114366209445907274","error":""},"_links":{"self":[{"href":"https:\/\/www.europesays.com\/fr\/wp-json\/wp\/v2\/posts\/37165","targetHints":{"allow":["GET"]}}],"collection":[{"href":"https:\/\/www.europesays.com\/fr\/wp-json\/wp\/v2\/posts"}],"about":[{"href":"https:\/\/www.europesays.com\/fr\/wp-json\/wp\/v2\/types\/post"}],"author":[{"embeddable":true,"href":"https:\/\/www.europesays.com\/fr\/wp-json\/wp\/v2\/users\/2"}],"replies":[{"embeddable":true,"href":"https:\/\/www.europesays.com\/fr\/wp-json\/wp\/v2\/comments?post=37165"}],"version-history":[{"count":0,"href":"https:\/\/www.europesays.com\/fr\/wp-json\/wp\/v2\/posts\/37165\/revisions"}],"wp:featuredmedia":[{"embeddable":true,"href":"https:\/\/www.europesays.com\/fr\/wp-json\/wp\/v2\/media\/37166"}],"wp:attachment":[{"href":"https:\/\/www.europesays.com\/fr\/wp-json\/wp\/v2\/media?parent=37165"}],"wp:term":[{"taxonomy":"category","embeddable":true,"href":"https:\/\/www.europesays.com\/fr\/wp-json\/wp\/v2\/categories?post=37165"},{"taxonomy":"post_tag","embeddable":true,"href":"https:\/\/www.europesays.com\/fr\/wp-json\/wp\/v2\/tags?post=37165"}],"curies":[{"name":"wp","href":"https:\/\/api.w.org\/{rel}","templated":true}]}}