{"id":371651,"date":"2025-09-06T22:41:11","date_gmt":"2025-09-06T22:41:11","guid":{"rendered":"https:\/\/www.europesays.com\/fr\/371651\/"},"modified":"2025-09-06T22:41:11","modified_gmt":"2025-09-06T22:41:11","slug":"le-racing-rapporte-un-point-du-havre-2-2","status":"publish","type":"post","link":"https:\/\/www.europesays.com\/fr\/371651\/","title":{"rendered":"le Racing rapporte un point du Havre (2-2)"},"content":{"rendered":"<p>Le Racing est all\u00e9 chercher le point du match nul ce samedi au Havre (2-2), pour le compte de la 1re journ\u00e9e de Division 1 f\u00e9minine.<\/p>\n<p>Au Stade Oc\u00e9ane, ce sont les Normandes qui ont ouvert le score par\u00a0Chancelle Effa Effa (11e), mais la r\u00e9action strasbourgeoise n&rsquo;a pas tra\u00een\u00e9, l&rsquo;internationale ivoirienne In\u00e8s Konan r\u00e9tablissant la parit\u00e9 deux minutes plus tard.<\/p>\n<p>Manon \u00ab\u00a0The Wall\u00a0\u00bb<\/p>\n<p>Sur leur lanc\u00e9e, les prot\u00e9g\u00e9es de Vincent Nogueira ont m\u00eame pris l&rsquo;avantage gr\u00e2ce \u00e0 Mama Diop (20e). Las, les Havraises sont revenues \u00e0 hauteur juste avant la pause, \u00e0 la faveur d&rsquo;une r\u00e9alisation de Zo\u00e9 Sti\u00e9venart (45e).<\/p>\n<p>Ce contenu est bloqu\u00e9 car vous n&rsquo;avez pas accept\u00e9 les cookies et autres traceurs.<\/p>\n<p>En cliquant sur \u00ab J\u2019accepte \u00bb, les cookies et autres traceurs seront d\u00e9pos\u00e9s et vous pourrez visualiser les contenus  (<a href=\"\" class=\"consentModule_policy\" target=\"_blank\" title=\"Consulter la politique de protection des donn\u00e9es du fournisseur\">plus d&rsquo;informations<\/a>).<\/p>\n<p>En cliquant sur \u00ab J\u2019accepte tous les cookies \u00bb, vous autorisez des d\u00e9p\u00f4ts de cookies et autres traceurs pour le stockage de vos donn\u00e9es sur nos sites et applications \u00e0 des fins de personnalisation et de ciblage publicitaire.<\/p>\n<p class=\"consentModule_secondaryText\">Vous gardez la possibilit\u00e9 de retirer votre consentement \u00e0 tout moment en consultant notre <a href=\"https:\/\/www.dna.fr\/protection-des-donnees\" target=\"_blank\" title=\"Consulter notre politique de protection des donn\u00e9es\" rel=\"noopener\">politique de protection des donn\u00e9es<\/a>. <br \/>&#13;<br \/>\n            <a href=\"https:\/\/www.dna.fr\/sport\/2025\/09\/06\/javascript:Didomi.notice.show()\" class=\"consentModule_cmp\" target=\"_blank\" rel=\"noopener\">G\u00e9rer mes choix<\/a>&#13;\n        <\/p>\n<p>&#13;<br \/>\n                        J&rsquo;accepte&#13;<br \/>\n            J&rsquo;accepte tous les cookies&#13;\n        <\/p>\n<p>Le score en est rest\u00e9 l\u00e0 \u00e0 l&rsquo;issue d&rsquo;une seconde p\u00e9riode qui a vu le HAC se procurer les meilleures occasions, Manon \u00ab\u00a0The Wall\u00a0\u00bb Wahl sauvant la patrie \u00e0 plusieurs reprises et notamment sur une frappe \u00e0 bout portant d&rsquo;Effa Effa peu apr\u00e8s l&rsquo;heure de jeu.<\/p>\n<p>Plus d&rsquo;informations \u00e0 suivre<\/p>\n","protected":false},"excerpt":{"rendered":"Le Racing est all\u00e9 chercher le point du match nul ce samedi au Havre (2-2), pour le compte&hellip;\n","protected":false},"author":2,"featured_media":371652,"comment_status":"","ping_status":"","sticky":false,"template":"","format":"standard","meta":{"footnotes":""},"categories":[2820],"tags":[1111,11,2649,2880,1777,674,107,63,1011,27,329,775,12,43577,25,517,640],"class_list":{"0":"post-371651","1":"post","2":"type-post","3":"status-publish","4":"format-standard","5":"has-post-thumbnail","7":"category-strasbourg","8":"tag-actu","9":"tag-actualites","10":"tag-bas-rhin","11":"tag-edition-strasbourg","12":"tag-eu","13":"tag-europe","14":"tag-fil-info","15":"tag-football","16":"tag-fr","17":"tag-france","18":"tag-france-monde","19":"tag-grand-est","20":"tag-news","21":"tag-racing-club-strasbourg-feminin","22":"tag-republique-francaise","23":"tag-sport","24":"tag-strasbourg"},"share_on_mastodon":{"url":"https:\/\/pubeurope.com\/@fr\/115159766417964811","error":""},"_links":{"self":[{"href":"https:\/\/www.europesays.com\/fr\/wp-json\/wp\/v2\/posts\/371651","targetHints":{"allow":["GET"]}}],"collection":[{"href":"https:\/\/www.europesays.com\/fr\/wp-json\/wp\/v2\/posts"}],"about":[{"href":"https:\/\/www.europesays.com\/fr\/wp-json\/wp\/v2\/types\/post"}],"author":[{"embeddable":true,"href":"https:\/\/www.europesays.com\/fr\/wp-json\/wp\/v2\/users\/2"}],"replies":[{"embeddable":true,"href":"https:\/\/www.europesays.com\/fr\/wp-json\/wp\/v2\/comments?post=371651"}],"version-history":[{"count":0,"href":"https:\/\/www.europesays.com\/fr\/wp-json\/wp\/v2\/posts\/371651\/revisions"}],"wp:featuredmedia":[{"embeddable":true,"href":"https:\/\/www.europesays.com\/fr\/wp-json\/wp\/v2\/media\/371652"}],"wp:attachment":[{"href":"https:\/\/www.europesays.com\/fr\/wp-json\/wp\/v2\/media?parent=371651"}],"wp:term":[{"taxonomy":"category","embeddable":true,"href":"https:\/\/www.europesays.com\/fr\/wp-json\/wp\/v2\/categories?post=371651"},{"taxonomy":"post_tag","embeddable":true,"href":"https:\/\/www.europesays.com\/fr\/wp-json\/wp\/v2\/tags?post=371651"}],"curies":[{"name":"wp","href":"https:\/\/api.w.org\/{rel}","templated":true}]}}