{"id":371653,"date":"2025-09-06T22:42:33","date_gmt":"2025-09-06T22:42:33","guid":{"rendered":"https:\/\/www.europesays.com\/fr\/371653\/"},"modified":"2025-09-06T22:42:33","modified_gmt":"2025-09-06T22:42:33","slug":"rentree-2025-a-nice-les-etudiants-face-a-une-equation-budgetaire-impossible","status":"publish","type":"post","link":"https:\/\/www.europesays.com\/fr\/371653\/","title":{"rendered":"Rentr\u00e9e 2025 : \u00e0 Nice, les \u00e9tudiants face \u00e0 une \u00e9quation budg\u00e9taire impossible"},"content":{"rendered":"<p>\t\t\t\t\t\t\t\tSelon le rapport annuel de la F\u00e9d\u00e9ration des Associations et Corporations \u00c9tudiantes des Alpes-Maritimes (FACE06), la rentr\u00e9e 2025 co\u00fbtera en moyenne 3.901 euros \u00e0 un \u00e9tudiant non boursier, puis 1.719 euros chaque mois pour vivre. Entre loyers \u00e9lev\u00e9s, alimentation en hausse et frais administratifs incompressibles, la pr\u00e9carit\u00e9 \u00e9tudiante s\u2019installe durablement dans le paysage universitaire azur\u00e9en.\t\t\t\t\t\t\t<\/p>\n<p style=\"text-align: justify;\">&#13;<br \/>\nDepuis plusieurs ann\u00e9es, le constat est sans appel : le co\u00fbt de la vie \u00e9tudiante augmente plus vite que les revenus disponibles. L\u2019inflation g\u00e9n\u00e9ralis\u00e9e, qu\u2019il s\u2019agisse de l\u2019alimentation, de l\u2019\u00e9nergie ou des abonnements num\u00e9riques, la hausse continue des loyers dans les grandes villes et la stagnation des aides sociales creusent un foss\u00e9 inqui\u00e9tant.<\/p>\n<p style=\"text-align: justify;\">La <a href=\"https:\/\/tribuca.net\/carriere_144250592-nice-avec-pro-pulse-la-face06-veut-favoriser-l-insertion-professionnelle-des-etudiants\" target=\"_blank\" rel=\"nofollow noopener\">FACE06<\/a>, qui publie chaque ann\u00e9e une \u00e9tude d\u00e9taill\u00e9e sur le \u00ab\u00a0co\u00fbt de la rentr\u00e9e\u00a0\u00bb, dresse un bilan particuli\u00e8rement pr\u00e9occupant pour 2025. En prenant pour r\u00e9f\u00e9rence un \u00e9tudiant non boursier, sans soutien familial et vivant seul, elle chiffre le co\u00fbt d\u2019installation initial \u00e0 3.901 euros, auxquels s\u2019ajoute un budget mensuel moyen de 1.719 euros. \u00ab\u00a0La crise \u00e9conomique actuelle frappe de plein fouet les \u00e9tudiants, qui sont d\u00e9j\u00e0 parmi les populations les plus fragiles\u00a0\u00bb, souligne l\u2019association.<br \/>&#13;<br \/>\n\u00a0<\/p>\n<p>Frais d\u2019inscription : une hausse constante<\/p>\n<p style=\"text-align: justify;\">C\u00f4t\u00e9 scolarit\u00e9, la hausse est modeste mais constante. Les droits nationaux passent \u00e0 178 euros pour une Licence, 254 euros pour un Master, 397 euros pour un Doctorat et 628 euros pour un dipl\u00f4me d\u2019ing\u00e9nieur. La CVEC, la contribution \u00e0 la vie \u00e9tudiante et de campus, s\u2019\u00e9l\u00e8ve cette ann\u00e9e \u00e0 105 euros, contre 100 euros l\u2019an dernier.<\/p>\n<p style=\"text-align: justify;\">Mais le contraste est encore plus flagrant lorsqu\u2019on observe la situation des \u00e9tudiants extra-communautaires. Pour eux, la facture atteint 2.895 euros en Licence et 3.941 euros en Master. Ces montants, sans possibilit\u00e9 d\u2019exon\u00e9ration pour les nouveaux arrivants, deviennent un v\u00e9ritable obstacle financier et accentuent la pr\u00e9carit\u00e9 de ceux venus de l\u2019\u00e9tranger pour \u00e9tudier \u00e0 Nice.<\/p>\n<p style=\"text-align: justify;\"><img decoding=\"async\" alt=\"\" src=\"https:\/\/www.europesays.com\/fr\/wp-content\/uploads\/2025\/09\/20250904103125-r3.jpg\"\/><\/p>\n<p>Le logement : l\u2019ogre du budget \u00e9tudiant<\/p>\n<p style=\"text-align: justify;\">\u00c0 Nice, deuxi\u00e8me ville la plus ch\u00e8re de France pour les \u00e9tudiants derri\u00e8re Paris, se loger demeure un d\u00e9fi de taille. Le loyer moyen d\u2019un studio de moins de 25m\u00b2 atteint 604 euros, tandis qu\u2019un deux-pi\u00e8ces de moins de 30m\u00b2 se n\u00e9gocie \u00e0 720 euros. \u00c0 ce loyer viennent s\u2019ajouter un d\u00e9p\u00f4t de garantie \u00e9quivalent \u00e0 un mois de loyer, des frais d\u2019agence encadr\u00e9s mais qui peuvent grimper jusqu\u2019\u00e0 390 euros, ainsi qu\u2019une assurance logement estim\u00e9e en moyenne \u00e0 89 euros par an.<\/p>\n<p style=\"text-align: justify;\">R\u00e9sultat, plus de la moiti\u00e9 du budget mensuel d\u2019un \u00e9tudiant ni\u00e7ois est absorb\u00e9e par son logement, une situation qui pousse certains \u00e0 s\u2019\u00e9loigner du centre-ville ou \u00e0 accepter des colocations parfois pr\u00e9caires.<\/p>\n<p style=\"text-align: justify;\"><img decoding=\"async\" alt=\"\" src=\"https:\/\/www.europesays.com\/fr\/wp-content\/uploads\/2025\/09\/20250904102942-r2.jpg\"\/><\/p>\n<p>Un panier alimentaire qui p\u00e8se lourd<\/p>\n<p style=\"text-align: justify;\">Si le repas \u00e0 un euro dans les restaurants universitaires du Crous reste une bou\u00e9e de sauvetage pour les \u00e9tudiants boursiers, l\u2019alimentation repr\u00e9sente un poids croissant pour l\u2019ensemble des jeunes. En 2025, le panier alimentaire mensuel simul\u00e9 par la FACE06 s\u2019\u00e9l\u00e8ve \u00e0 189,07 euros, en hausse de 6% sur un an. Ce budget couvre les repas du soir, les week-ends et les petits-d\u00e9jeuners.<\/p>\n<p style=\"text-align: justify;\">\u00c0 ces d\u00e9penses s\u2019ajoutent environ 20,71 euros pour les produits d\u2019entretien et 12,28 euros pour les produits d\u2019hygi\u00e8ne. La FACE06 souligne aussi l\u2019augmentation marqu\u00e9e des frais li\u00e9s aux menstruations, \u00e9valu\u00e9s en moyenne \u00e0 12,23 euros par mois, soit une hausse de pr\u00e8s de 29%. Pour beaucoup d\u2019\u00e9tudiants, se nourrir et maintenir une hygi\u00e8ne de base devient un calcul d\u2019\u00e9quilibriste, ce qui explique le recours croissant aux \u00e9piceries solidaires.<\/p>\n<p style=\"text-align: justify;\"><img decoding=\"async\" alt=\"\" src=\"https:\/\/www.europesays.com\/fr\/wp-content\/uploads\/2025\/09\/20250904103710-r4.jpg\"\/><\/p>\n<p>Des fournitures co\u00fbteuses<\/p>\n<p style=\"text-align: justify;\">La rentr\u00e9e universitaire implique \u00e9galement des d\u00e9penses p\u00e9dagogiques importantes. Le panier de fournitures de base atteint 149,92 euros, en hausse de 4% par rapport \u00e0 l\u2019an dernier. \u00c0 cela s\u2019ajoute l\u2019achat d\u2019un ordinateur portable, devenu incontournable pour suivre les cours et acc\u00e9der aux ressources p\u00e9dagogiques en ligne, estim\u00e9 \u00e0 300 euros. Le co\u00fbt total de l\u2019\u00e9quipement de rentr\u00e9e grimpe donc \u00e0 449,92 euros, soit une hausse de pr\u00e8s de 12%. Ces frais, concentr\u00e9s au mois de septembre, p\u00e8sent particuli\u00e8rement sur les \u00e9tudiants sans soutien familial.<br \/>&#13;<br \/>\n\u00a0<\/p>\n<p>Des frais annexes\u00a0incontournables<\/p>\n<p style=\"text-align: justify;\">Les d\u00e9penses dites \u00ab\u00a0secondaires\u00a0\u00bb connaissent elles aussi une progression. Le co\u00fbt moyen d\u2019un forfait t\u00e9l\u00e9phonique s\u2019\u00e9l\u00e8ve \u00e0 44,96 euros par mois, en augmentation de 5%. Les loisirs, incluant sorties, cin\u00e9ma, musique et streaming, atteignent 62,03 euros mensuels, soit une hausse de 22% en un an. Si l\u2019abonnement annuel aux transports en commun Ligne d\u2019Azur reste stable \u00e0 192 euros, ces frais annexes deviennent difficiles \u00e0 absorber et sont souvent les premiers sacrifi\u00e9s. Pourtant, ils repr\u00e9sentent des \u00e9l\u00e9ments essentiels d\u2019une vie sociale et culturelle \u00e9quilibr\u00e9e.<br \/>&#13;<br \/>\n\u00a0<\/p>\n<p style=\"text-align: justify;\"><img decoding=\"async\" alt=\"\" src=\"https:\/\/www.europesays.com\/fr\/wp-content\/uploads\/2025\/09\/20250904104338-r6.jpg\"\/><br \/>&#13;<br \/>\n\u00a0<\/p>\n<p>La FACE06 en premi\u00e8re ligne face \u00e0 la pr\u00e9carit\u00e9<\/p>\n<p style=\"text-align: justify;\">De plus en plus d\u2019\u00e9tudiants sont ainsi oblig\u00e9s de travailler \u00e0 temps partiel pour financer leurs \u00e9tudes, avec des cons\u00e9quences directes sur leur r\u00e9ussite universitaire. La rentr\u00e9e 2025 confirme donc une tendance pr\u00e9occupante : \u00e0 Nice, la vie \u00e9tudiante co\u00fbte de plus en plus cher, et l\u2019universit\u00e9 devient presque un luxe r\u00e9serv\u00e9 \u00e0 ceux qui en ont les moyens.<\/p>\n<p style=\"text-align: justify;\">Face \u00e0 ce constat, la <a href=\"https:\/\/face06.org\/\" target=\"_blank\" rel=\"nofollow noopener\">FACE06<\/a> renforce son r\u00f4le de bouclier social. Depuis treize ans, elle d\u00e9veloppe des initiatives solidaires pour accompagner les \u00e9tudiants dans leur quotidien. Les \u00e9piceries AGORA\u00e9, o\u00f9 les prix sont r\u00e9duits de 85%, se multiplient et seront bient\u00f4t compl\u00e9t\u00e9es par un camion itin\u00e9rant, l\u2019AGORA\u00e9 Truck, afin de toucher les campus \u00e9loign\u00e9s. Le programme Appart\u00e9 propose des logements sociaux \u00e9tudiants \u00e0 un tarif solidaire de 7 euros le m\u00b2, bien en dessous du march\u00e9 local.<\/p>\n<p style=\"text-align: justify;\">L\u2019association a \u00e9galement inaugur\u00e9 un restaurant solidaire \u00e9tudiant, une premi\u00e8re en France, qui distribue gratuitement deux soirs par semaine des repas complets et \u00e9quilibr\u00e9s. Elle \u00e9dite aussi chaque ann\u00e9e le Guide des Aides Sociales de l\u2019\u00c9tudiant Azur\u00e9en (GASEA), v\u00e9ritable boussole dans le labyrinthe administratif des aides disponibles. Enfin, elle organise des \u00e9v\u00e9nements culturels et professionnels, comme les Nuits du Cin\u00e9ma, le Facetival ou le Salon Propulse, afin de d\u00e9mocratiser l\u2019acc\u00e8s \u00e0 la culture et faciliter l\u2019insertion professionnelle.<\/p>\n","protected":false},"excerpt":{"rendered":"Selon le rapport annuel de la F\u00e9d\u00e9ration des Associations et Corporations \u00c9tudiantes des Alpes-Maritimes (FACE06), la rentr\u00e9e 2025&hellip;\n","protected":false},"author":2,"featured_media":371654,"comment_status":"","ping_status":"","sticky":false,"template":"","format":"standard","meta":{"footnotes":""},"categories":[2819],"tags":[1111,11,1777,674,1011,27,12,2401,882,25],"class_list":{"0":"post-371653","1":"post","2":"type-post","3":"status-publish","4":"format-standard","5":"has-post-thumbnail","7":"category-nice","8":"tag-actu","9":"tag-actualites","10":"tag-eu","11":"tag-europe","12":"tag-fr","13":"tag-france","14":"tag-news","15":"tag-nice","16":"tag-provence-alpes-cote-dazur","17":"tag-republique-francaise"},"share_on_mastodon":{"url":"https:\/\/pubeurope.com\/@fr\/115159770815253032","error":""},"_links":{"self":[{"href":"https:\/\/www.europesays.com\/fr\/wp-json\/wp\/v2\/posts\/371653","targetHints":{"allow":["GET"]}}],"collection":[{"href":"https:\/\/www.europesays.com\/fr\/wp-json\/wp\/v2\/posts"}],"about":[{"href":"https:\/\/www.europesays.com\/fr\/wp-json\/wp\/v2\/types\/post"}],"author":[{"embeddable":true,"href":"https:\/\/www.europesays.com\/fr\/wp-json\/wp\/v2\/users\/2"}],"replies":[{"embeddable":true,"href":"https:\/\/www.europesays.com\/fr\/wp-json\/wp\/v2\/comments?post=371653"}],"version-history":[{"count":0,"href":"https:\/\/www.europesays.com\/fr\/wp-json\/wp\/v2\/posts\/371653\/revisions"}],"wp:featuredmedia":[{"embeddable":true,"href":"https:\/\/www.europesays.com\/fr\/wp-json\/wp\/v2\/media\/371654"}],"wp:attachment":[{"href":"https:\/\/www.europesays.com\/fr\/wp-json\/wp\/v2\/media?parent=371653"}],"wp:term":[{"taxonomy":"category","embeddable":true,"href":"https:\/\/www.europesays.com\/fr\/wp-json\/wp\/v2\/categories?post=371653"},{"taxonomy":"post_tag","embeddable":true,"href":"https:\/\/www.europesays.com\/fr\/wp-json\/wp\/v2\/tags?post=371653"}],"curies":[{"name":"wp","href":"https:\/\/api.w.org\/{rel}","templated":true}]}}