{"id":371655,"date":"2025-09-06T22:43:20","date_gmt":"2025-09-06T22:43:20","guid":{"rendered":"https:\/\/www.europesays.com\/fr\/371655\/"},"modified":"2025-09-06T22:43:20","modified_gmt":"2025-09-06T22:43:20","slug":"tentative-dintrusion-dans-une-synagogue-a-nice-fin-de-garde-a-vue-pour-les-trois-manifestants-propalestiniens-mais-lenquete-se-poursuit","status":"publish","type":"post","link":"https:\/\/www.europesays.com\/fr\/371655\/","title":{"rendered":"Tentative d&rsquo;intrusion dans une synagogue \u00e0 Nice: fin de garde \u00e0 vue pour les trois manifestants propalestiniens mais l\u2019enqu\u00eate se poursuit"},"content":{"rendered":"<p>Dans la confusion, <a href=\"https:\/\/www.nicematin.com\/faits-divers\/des-militantes-pro-palestiennes-tentent-de-s-introduire-dans-une-synagogue-nicoise-1000573\" rel=\"nofollow noopener\" target=\"_blank\">les autorit\u00e9s redoutaient initialement une tentative d\u2019intrusion dans une synagogue ni\u00e7oise<\/a>. Trois des quatre manifestants propalestiniens, qui entendaient protester contre la tenue d\u2019une r\u00e9union sur l\u2019Alyah (1) organis\u00e9e jeudi soir dans un centre cultuel du quartier des musiciens, avaient ainsi \u00e9t\u00e9 interpell\u00e9s.<\/p>\n<p>Deux femmes et un homme s\u2019\u00e9taient retrouv\u00e9s en garde \u00e0 vue. Tous ont finalement pu quitter le commissariat Auvare, ce samedi, sans qu\u2019aucune charge n\u2019ait \u00e0 ce stade \u00e9t\u00e9 retenue \u00e0 leur encontre.<\/p>\n<p>Le parquet indique en effet que l\u2019examen approfondi des diff\u00e9rents enregistrements vid\u00e9o, tant ceux du r\u00e9seau de vid\u00e9osurveillance de la ville que ceux extraits des t\u00e9l\u00e9phones des mis en cause, n\u2019a pas permis de caract\u00e9riser une tentative d\u2019intrusion ni des propos \u00e0 caract\u00e8res antis\u00e9mites.<\/p>\n<p>Les personnes interpell\u00e9es indiquant avoir elles-m\u00eames \u00e9t\u00e9 insult\u00e9es et avoir essuy\u00e9 des crachats lors de l\u2019altercation avec les fid\u00e8les de la synagogue.<\/p>\n<p>Face \u00e0 ces versions contradictoires, le procureur de la R\u00e9publique de Nice saisi d\u2019une plainte d\u00e9non\u00e7ant des violences et des injures antis\u00e9mites indique que l\u2019enqu\u00eate va se poursuivre.<\/p>\n<p>Afin de \u00ab\u00a0proc\u00e9der \u00e0 d\u2019autres investigations\u00a0\u00bb qui viseront \u00e9galement \u00e0 \u00ab\u00a0tenter d\u2019identifier les organisateurs de ce rassemblement susceptible de constituer une manifestation illicite qui para\u00eet assez clairement s\u2019inscrire au regard de certains \u00e9l\u00e9ments r\u00e9unis dans une strat\u00e9gie de tension\u00a0\u00bb.<\/p>\n<p>Renvoy\u00e9 en correctionnelle pour avoir insult\u00e9 un rabbin<\/p>\n<p>Sans lien avec ces faits, le lendemain, <a href=\"https:\/\/www.nicematin.com\/faits-divers\/un-rabbin-insulte-et-menace-en-pleine-rue-a-nice-ce-vendredi-un-individu-interpelle-1000754\" rel=\"nofollow noopener\" target=\"_blank\">un ressortissant suisse avait \u00e9t\u00e9 interpell\u00e9 apr\u00e8s avoir eu une altercation avec un rabbin rue Andrioli \u00e0 Nice<\/a>. Ce dernier expliquait avoir essuy\u00e9 des insultes antis\u00e9mites. Si le mis en cause reconnaissait les insultes il r\u00e9futait, lui aussi, tout propos antis\u00e9mites. Mais sans convaincre cette fois le parquet de Nice qui vient de le renvoyer devant le tribunal correctionnel.<\/p>\n<p>Ce Suisse de 57 ans compara\u00eetra le 5 mars prochain pour \u00ab\u00a0injures publiques \u00e0 raison de la religion\u00a0\u00bb. En attendant il a interdiction de para\u00eetre dans les Alpes-Maritimes. Le CRIF sud-est et la LICRA C\u00f4te d\u2019Azur se sont d\u2019ores et d\u00e9j\u00e0 constitu\u00e9s parties civiles dans le cadre de cette proc\u00e9dure.<\/p>\n<p>1. Mot qui d\u00e9signe en h\u00e9breu le fait d\u2019immigrer vers la terre d\u2019Isra\u00ebl.<\/p>\n","protected":false},"excerpt":{"rendered":"Dans la confusion, les autorit\u00e9s redoutaient initialement une tentative d\u2019intrusion dans une synagogue ni\u00e7oise. Trois des quatre manifestants&hellip;\n","protected":false},"author":2,"featured_media":371656,"comment_status":"","ping_status":"","sticky":false,"template":"","format":"standard","meta":{"footnotes":""},"categories":[2819],"tags":[1111,11,1777,674,118,1011,27,12,2401,882,25],"class_list":{"0":"post-371655","1":"post","2":"type-post","3":"status-publish","4":"format-standard","5":"has-post-thumbnail","7":"category-nice","8":"tag-actu","9":"tag-actualites","10":"tag-eu","11":"tag-europe","12":"tag-faits-divers","13":"tag-fr","14":"tag-france","15":"tag-news","16":"tag-nice","17":"tag-provence-alpes-cote-dazur","18":"tag-republique-francaise"},"share_on_mastodon":{"url":"https:\/\/pubeurope.com\/@fr\/115159774190955866","error":""},"_links":{"self":[{"href":"https:\/\/www.europesays.com\/fr\/wp-json\/wp\/v2\/posts\/371655","targetHints":{"allow":["GET"]}}],"collection":[{"href":"https:\/\/www.europesays.com\/fr\/wp-json\/wp\/v2\/posts"}],"about":[{"href":"https:\/\/www.europesays.com\/fr\/wp-json\/wp\/v2\/types\/post"}],"author":[{"embeddable":true,"href":"https:\/\/www.europesays.com\/fr\/wp-json\/wp\/v2\/users\/2"}],"replies":[{"embeddable":true,"href":"https:\/\/www.europesays.com\/fr\/wp-json\/wp\/v2\/comments?post=371655"}],"version-history":[{"count":0,"href":"https:\/\/www.europesays.com\/fr\/wp-json\/wp\/v2\/posts\/371655\/revisions"}],"wp:featuredmedia":[{"embeddable":true,"href":"https:\/\/www.europesays.com\/fr\/wp-json\/wp\/v2\/media\/371656"}],"wp:attachment":[{"href":"https:\/\/www.europesays.com\/fr\/wp-json\/wp\/v2\/media?parent=371655"}],"wp:term":[{"taxonomy":"category","embeddable":true,"href":"https:\/\/www.europesays.com\/fr\/wp-json\/wp\/v2\/categories?post=371655"},{"taxonomy":"post_tag","embeddable":true,"href":"https:\/\/www.europesays.com\/fr\/wp-json\/wp\/v2\/tags?post=371655"}],"curies":[{"name":"wp","href":"https:\/\/api.w.org\/{rel}","templated":true}]}}