{"id":371657,"date":"2025-09-06T22:45:11","date_gmt":"2025-09-06T22:45:11","guid":{"rendered":"https:\/\/www.europesays.com\/fr\/371657\/"},"modified":"2025-09-06T22:45:11","modified_gmt":"2025-09-06T22:45:11","slug":"un-rendez-vous-gourmand-a-la-cantine-du-voyage-ce-week-end-big-city-nantes","status":"publish","type":"post","link":"https:\/\/www.europesays.com\/fr\/371657\/","title":{"rendered":"Un rendez-vous gourmand \u00e0 la Cantine du voyage ce week-end\u00a0!\u00a0 \u2013 Big City Nantes"},"content":{"rendered":"<p><img fetchpriority=\"high\" width=\"527\" height=\"351\" src=\"https:\/\/www.europesays.com\/fr\/wp-content\/uploads\/2025\/09\/La-Cantine-des-Tables-de-Nantes-Quartier-1-Viarme-La-Cantine-du-Voyage-2023-\u00a9-Chama-Chereau-_-LVAN-5.jpeg\" class=\"attachment-csco-thumbnail-uncropped size-csco-thumbnail-uncropped wp-post-image\" alt=\"rendez-vous gourmand \u00e0 la cantine du voyage\" decoding=\"async\"  \/>\t<img loading=\"lazy\" width=\"1044\" height=\"696\" src=\"https:\/\/www.bigcitynantes.fr\/wp-content\/uploads\/2025\/09\/La-Cantine-des-Tables-de-Nantes-Quartier-1-Viarme-La-Cantine-du-Voyage-2023-\u00a9-Chama-Chereau-_-LVAN-1044x696.jpg\" class=\"attachment-csco-large-uncropped size-csco-large-uncropped wp-post-image\" alt=\"rendez-vous gourmand \u00e0 la cantine du voyage\" decoding=\"async\"  \/>\t<\/p>\n<p>\nrendez-vous gourmand \u00e0 la cantine du voyage\t<\/p>\n<p>\u00c7a y est, c\u2019est la rentr\u00e9e\u00a0! Et comme \u00e0 chacune d\u2019elles depuis 14 ans, <strong>la rentr\u00e9e des tables de Nantes<\/strong> nous donne rendez-vous<strong> du 5 au 7 septembre 2025<\/strong> pour un grand week-end gourmand ! Au programme : la d\u00e9couverte en exclusivit\u00e9 du <strong>Guide des Tables de Nantes 2025\/2026<\/strong> et des rendez-vous gourmands exceptionnels qui mettent en lumi\u00e8re la s\u00e9lection des<strong> 3 Coups de pouce<\/strong>, ces restaurants qui m\u00e9ritent une mise en lumi\u00e8re selon un jury d\u2019experts. On t\u2019explique tout \ud83d\ude09<\/p>\n<p><strong>Food, DJ set et tatouage le dimanche 7 septembre 2025<\/strong><br \/>\n<img loading=\"lazy\" decoding=\"async\" width=\"1160\" height=\"773\" src=\"https:\/\/www.europesays.com\/fr\/wp-content\/uploads\/2025\/09\/La-Cantine-des-Tables-de-Nantes-Quartier-1-Viarme-La-Cantine-du-Voyage-2023-\u00a9-Chama-Chereau-_-LVAN4-.jpeg\" alt=\"rendez vous gourmand \u00e0 la cantine du voyage\" class=\"wp-image-119512\" style=\"aspect-ratio:16\/9;object-fit:cover\"  \/>\u00a9 @ChamaChereau \u2014 rendez vous gourmand \u00e0 la cantine du voyage<\/p>\n<p>Ce week-end, c\u2019est l\u2019occasion de d\u00e9couvrir les 3 Coups de Pouce de l\u2019ann\u00e9e : <strong>Gwaien<\/strong>, <strong>P\u2019tite Pomme<\/strong> et <strong>Le Mirza<\/strong>, mais aussi le nouveau Guides des Tables de Nantes 2025\/2026 ! Il sera d\u2019ailleurs disponible tout le week-end en exclusivit\u00e9 \u00e0 <strong>la librairie de la HAB Galerie !<\/strong><\/p>\n<p><strong>C\u00f4t\u00e9 programme,<\/strong> les chanceux qui ont pu prendre leur place pourront profiter de repas exceptionnels les vendredi et samedi. <\/p>\n<p><a href=\"https:\/\/www.bigcitynantes.fr\/contact\/\" title=\"Publicit\u00e9\" rel=\"nofollow noopener\" target=\"_blank\"><br \/>\n<img decoding=\"async\" alt=\"Publicit\u00e9\" src=\"https:\/\/www.europesays.com\/fr\/wp-content\/uploads\/2025\/09\/ADS.webp.webp\" \/><br \/>\n<\/a><\/p>\n<p>\nPublicit\u00e9\n<\/p>\n<\/p>\n<p><strong>Et le dimanche,<\/strong> tu pourras profiter d\u2019un programme tout aussi gourmand \u00e0 La Cantine du Voyage !<\/p>\n<p><strong>Le Mirza<\/strong>, laur\u00e9at du 3\u1d49 Coup de pouce, prend les commandes de la cuisine pour une carte blanche pleine de saveurs. \u00c0 partir de midi, oublie la formule classique et viens go\u00fbter \u00e0 des assiettes originales qui vont te faire saliver : palourdes au fromage de brebis fum\u00e9, salade de courgette et straciatella, maquereau grill\u00e9 sauce BBQ ou encore cr\u00e8me diplomate verveine et p\u00eache. \ud83c\udf51<\/p>\n<p>Mais l\u2019exp\u00e9rience commence d\u00e8s 11h avec un sacr\u00e9 programme ! Tu pourras siroter un verre et profiter d\u2019un mini salon de vins locaux avec plusieurs vignerons de la r\u00e9gion. En prime, le tatoueur nantais Brice Poil sera l\u00e0 avec ses fameux \u00ab tatouages de comptoir \u00bb. Et pour l\u2019ambiance ? Un DJ set sign\u00e9 Bellegare. <\/p>\n<p>C\u2019est<strong> entr\u00e9e libre<\/strong>, alors profite !<\/p>\n","protected":false},"excerpt":{"rendered":"rendez-vous gourmand \u00e0 la cantine du voyage \u00c7a y est, c\u2019est la rentr\u00e9e\u00a0! Et comme \u00e0 chacune d\u2019elles&hellip;\n","protected":false},"author":2,"featured_media":371658,"comment_status":"","ping_status":"","sticky":false,"template":"","format":"standard","meta":{"footnotes":""},"categories":[2818],"tags":[1111,11,1777,674,1011,27,766,12,2636,25],"class_list":{"0":"post-371657","1":"post","2":"type-post","3":"status-publish","4":"format-standard","5":"has-post-thumbnail","7":"category-nantes","8":"tag-actu","9":"tag-actualites","10":"tag-eu","11":"tag-europe","12":"tag-fr","13":"tag-france","14":"tag-nantes","15":"tag-news","16":"tag-pays-de-la-loire","17":"tag-republique-francaise"},"share_on_mastodon":{"url":"https:\/\/pubeurope.com\/@fr\/115159782310481906","error":""},"_links":{"self":[{"href":"https:\/\/www.europesays.com\/fr\/wp-json\/wp\/v2\/posts\/371657","targetHints":{"allow":["GET"]}}],"collection":[{"href":"https:\/\/www.europesays.com\/fr\/wp-json\/wp\/v2\/posts"}],"about":[{"href":"https:\/\/www.europesays.com\/fr\/wp-json\/wp\/v2\/types\/post"}],"author":[{"embeddable":true,"href":"https:\/\/www.europesays.com\/fr\/wp-json\/wp\/v2\/users\/2"}],"replies":[{"embeddable":true,"href":"https:\/\/www.europesays.com\/fr\/wp-json\/wp\/v2\/comments?post=371657"}],"version-history":[{"count":0,"href":"https:\/\/www.europesays.com\/fr\/wp-json\/wp\/v2\/posts\/371657\/revisions"}],"wp:featuredmedia":[{"embeddable":true,"href":"https:\/\/www.europesays.com\/fr\/wp-json\/wp\/v2\/media\/371658"}],"wp:attachment":[{"href":"https:\/\/www.europesays.com\/fr\/wp-json\/wp\/v2\/media?parent=371657"}],"wp:term":[{"taxonomy":"category","embeddable":true,"href":"https:\/\/www.europesays.com\/fr\/wp-json\/wp\/v2\/categories?post=371657"},{"taxonomy":"post_tag","embeddable":true,"href":"https:\/\/www.europesays.com\/fr\/wp-json\/wp\/v2\/tags?post=371657"}],"curies":[{"name":"wp","href":"https:\/\/api.w.org\/{rel}","templated":true}]}}