{"id":371659,"date":"2025-09-06T22:46:30","date_gmt":"2025-09-06T22:46:30","guid":{"rendered":"https:\/\/www.europesays.com\/fr\/371659\/"},"modified":"2025-09-06T22:46:30","modified_gmt":"2025-09-06T22:46:30","slug":"une-lune-de-sang-dans-le-ciel-nantais-dans-la-nuit-du-7-au-8-septembre-2025","status":"publish","type":"post","link":"https:\/\/www.europesays.com\/fr\/371659\/","title":{"rendered":"Une \u00ab Lune de Sang \u00bb dans le ciel nantais dans la nuit du 7 au 8 septembre 2025"},"content":{"rendered":"<p>            <img width=\"1236\" height=\"824\" src=\"https:\/\/www.europesays.com\/fr\/wp-content\/uploads\/2025\/09\/20250906_191423.jpg\" class=\"attachment-full size-full wp-post-image\" alt=\"\" decoding=\"async\" loading=\"lazy\"  \/>            <\/p>\n<p>Un \u00e9v\u00e9nement astronomique rare va illuminer le ciel : une \u00e9clipse lunaire totale, surnomm\u00e9e \u00ab Blood Moon \u00bb ou \u00ab Lune de Sang \u00bb. Ce ph\u00e9nom\u00e8ne se produit lorsque la Terre projette son ombre sur la Lune, qui prend alors une couleur rouge\u00e2tre gr\u00e2ce aux rayons du Soleil filtr\u00e9s par notre atmosph\u00e8re.<\/p>\n<p>Un spectacle c\u00e9leste exceptionnel<\/p>\n<p>L\u2019\u00e9clipse d\u00e9butera par une phase partielle vers <strong>19 h 30<\/strong> (heure fran\u00e7aise). La totalit\u00e9, moment o\u00f9 la Lune adopte sa teinte rouge caract\u00e9ristique, s\u2019\u00e9tendra de <strong>19 h 30 \u00e0 20 h 53<\/strong>, soit pr\u00e8s d\u20191 h 23, l\u2019une des dur\u00e9es les plus longues de la d\u00e9cennie. Le maximum de l\u2019\u00e9clipse interviendra autour de <strong>20 h 11<\/strong>.<\/p>\n<p><img decoding=\"async\" src=\"https:\/\/sortiesanantes.com\/une-lune-de-sang-dans-le-ciel-nantais-dans-la-nuit-du-7-au-8-septembre-2025\/file:\/\/\/data\/user\/0\/org.wordpress.android\/cache\/19189463401075224096585477587.jpeg\" alt=\"\" class=\"wp-image-3172\"\/><\/p>\n<p>Qu\u2019en sera-t-il \u00e0 Nantes ?<\/p>\n<p>\u00c0 Nantes, la Lune se l\u00e8vera \u00e0 l\u2019est ce jour-l\u00e0 vers <strong>20 h 24<\/strong>. Cela signifie que nous manquerons le d\u00e9but et le maximum de la totalit\u00e9, d\u00e9j\u00e0 en cours sous l\u2019horizon. En revanche, si l\u2019horizon est bien d\u00e9gag\u00e9, il sera possible d\u2019admirer la Lune rousse \u00e0 son lever et jusqu\u2019\u00e0 la fin de la phase totale (20 h 53), puis de suivre sa sortie progressive de l\u2019ombre terrestre.<\/p>\n<p>Les conditions m\u00e9t\u00e9o pourraient compliquer les observations. Les pr\u00e9visions annoncent un ciel charg\u00e9 en fin de journ\u00e9e, avec un risque orageux marqu\u00e9 dans l\u2019ouest et le sud-ouest. Pour profiter du spectacle, il faudra donc esp\u00e9rer une \u00e9claircie entre les nuages.<\/p>\n<p>O\u00f9 l\u2019\u00e9clipse sera-t-elle la plus visible ?<\/p>\n<p>L\u2019\u00e9clipse sera pleinement observable depuis l\u2019Australie, l\u2019Asie, l\u2019Afrique orientale et une large partie des oc\u00e9ans Indien et Pacifique. En France, seuls les habitants de l\u2019est et du sud-est b\u00e9n\u00e9ficieront d\u2019une meilleure visibilit\u00e9 au lever de la Lune. Quant aux Nantais, il faudra se contenter d\u2019une observation partielle, mais qui promet tout de m\u00eame un moment magique si le ciel coop\u00e8re.<\/p>\n<p>Et apr\u00e8s ?<\/p>\n<p>Si vous ratez cette \u00ab Lune de Sang \u00bb, notez que la prochaine \u00e9clipse lunaire totale aura lieu dans la nuit du <strong>2 au 3 mars 2026<\/strong>, cette fois davantage visible depuis l\u2019Am\u00e9rique du Nord. D\u2019ici l\u00e0, un autre rendez-vous c\u00e9leste est pr\u00e9vu : une <strong>\u00e9clipse solaire partielle<\/strong> le <strong>21 septembre 2025<\/strong>, observable principalement depuis l\u2019Antarctique et l\u2019Oc\u00e9anie.<\/p>\n<p>\n\tSimilaire<\/p>\n","protected":false},"excerpt":{"rendered":"Un \u00e9v\u00e9nement astronomique rare va illuminer le ciel : une \u00e9clipse lunaire totale, surnomm\u00e9e \u00ab Blood Moon \u00bb&hellip;\n","protected":false},"author":2,"featured_media":297616,"comment_status":"","ping_status":"","sticky":false,"template":"","format":"standard","meta":{"footnotes":""},"categories":[2818],"tags":[1111,11,1777,674,1011,27,766,12,2636,25],"class_list":{"0":"post-371659","1":"post","2":"type-post","3":"status-publish","4":"format-standard","5":"has-post-thumbnail","7":"category-nantes","8":"tag-actu","9":"tag-actualites","10":"tag-eu","11":"tag-europe","12":"tag-fr","13":"tag-france","14":"tag-nantes","15":"tag-news","16":"tag-pays-de-la-loire","17":"tag-republique-francaise"},"share_on_mastodon":{"url":"https:\/\/pubeurope.com\/@fr\/115159786501479200","error":""},"_links":{"self":[{"href":"https:\/\/www.europesays.com\/fr\/wp-json\/wp\/v2\/posts\/371659","targetHints":{"allow":["GET"]}}],"collection":[{"href":"https:\/\/www.europesays.com\/fr\/wp-json\/wp\/v2\/posts"}],"about":[{"href":"https:\/\/www.europesays.com\/fr\/wp-json\/wp\/v2\/types\/post"}],"author":[{"embeddable":true,"href":"https:\/\/www.europesays.com\/fr\/wp-json\/wp\/v2\/users\/2"}],"replies":[{"embeddable":true,"href":"https:\/\/www.europesays.com\/fr\/wp-json\/wp\/v2\/comments?post=371659"}],"version-history":[{"count":0,"href":"https:\/\/www.europesays.com\/fr\/wp-json\/wp\/v2\/posts\/371659\/revisions"}],"wp:featuredmedia":[{"embeddable":true,"href":"https:\/\/www.europesays.com\/fr\/wp-json\/wp\/v2\/media\/297616"}],"wp:attachment":[{"href":"https:\/\/www.europesays.com\/fr\/wp-json\/wp\/v2\/media?parent=371659"}],"wp:term":[{"taxonomy":"category","embeddable":true,"href":"https:\/\/www.europesays.com\/fr\/wp-json\/wp\/v2\/categories?post=371659"},{"taxonomy":"post_tag","embeddable":true,"href":"https:\/\/www.europesays.com\/fr\/wp-json\/wp\/v2\/tags?post=371659"}],"curies":[{"name":"wp","href":"https:\/\/api.w.org\/{rel}","templated":true}]}}