{"id":371660,"date":"2025-09-06T22:47:35","date_gmt":"2025-09-06T22:47:35","guid":{"rendered":"https:\/\/www.europesays.com\/fr\/371660\/"},"modified":"2025-09-06T22:47:35","modified_gmt":"2025-09-06T22:47:35","slug":"ces-cinq-lignes-de-train-sont-bientot-interrompues-a-cause-de-travaux-pres-de-bordeaux","status":"publish","type":"post","link":"https:\/\/www.europesays.com\/fr\/371660\/","title":{"rendered":"ces cinq lignes de train sont bient\u00f4t interrompues \u00e0 cause de travaux pr\u00e8s de Bordeaux"},"content":{"rendered":"<p>            Par<br \/>\n        <strong><br \/>\n            <a href=\"https:\/\/actu.fr\/auteur\/redaction-bordeaux\" title=\"Consulter tous les articles de R\u00e9daction Bordeaux\" target=\"_blank\" rel=\"noopener\">R\u00e9daction Bordeaux<\/a><br \/>\n        <\/strong><\/p>\n<p>        Publi\u00e9 le<\/p>\n<p>            4 sept. 2025 \u00e0 11h03        <\/p>\n<p>Attention aux voyageurs de Nouvelle-Aquitaine. Plusieurs lignes de TER au d\u00e9part de (ou via) <a href=\"https:\/\/actu.fr\/tag\/gare-saint-jean\" target=\"_blank\" rel=\"noopener\">Bordeaux Saint-Jean<\/a> seront interrompues pendant les <strong>deux prochains week-ends<\/strong> de septembre.<\/p>\n<p class=\" wall-content\">D\u2019importants travaux sont r\u00e9alis\u00e9s par SNCF R\u00e9seau entre <a href=\"https:\/\/actu.fr\/bordeaux\/\" target=\"_blank\" rel=\"noopener\">Bordeaux<\/a> et Coutras. \u00ab\u00a0Une <strong>interruption des circulations<\/strong> entre aura lieu du samedi 6 au dimanche 7 en fin d\u2019apr\u00e8s midi ainsi que du samedi 13 au dimanche 14 en fin d\u2019apr\u00e8s midi\u00a0\u00bb, pr\u00e9cise SNCF Voyageurs.<\/p>\n<p>Cinq lignes interrompues<\/p>\n<p class=\" wall-content\">Les <strong>lignes concern\u00e9es<\/strong> sont celles empruntant le r\u00e9seau ferr\u00e9 entre Bordeaux et Coutras. C\u2019est \u00e0 dire :\u00a0<\/p>\n<ul class=\" wall-content\">\n<li>La ligne 13 Angoul\u00eame \u2013 Bordeaux,<\/li>\n<li>La ligne 31 Bordeaux \u2013 Limoges,<\/li>\n<li>La ligne 32 Bordeaux \u2013 Brive,<\/li>\n<li>La ligne 33 Bordeaux \u2013 Sarlat,<\/li>\n<li>La ligne 41+ Arcachon \u2013 Bordeaux \u2013 Coutras<\/li>\n<\/ul>\n<p class=\" wall-content\">\u00ab\u00a0Un dispositif de substitution par <strong>autocars<\/strong> est pr\u00e9vu pour les voyageurs ne pouvant diff\u00e9rer leur voyage\u00a0\u00bb, souligne la SNCF.<\/p>\n<p class=\" wall-content\">Personnalisez votre actualit\u00e9 en ajoutant vos villes et m\u00e9dias en favori avec <a href=\"https:\/\/moncompte.actu.fr\" title=\"D\u00e9couvez Mon Actu\" rel=\"nofollow noopener\" data-trk=\"{&quot;cta&quot;:{&quot;action&quot;:&quot;https:\\\/\\\/moncompte.actu.fr&quot;,&quot;category&quot;:&quot;mon compte&quot;,&quot;from&quot;:&quot;article footer&quot;,&quot;name&quot;:&quot;Mon actu&quot;,&quot;type&quot;:&quot;cta&quot;}}\" target=\"_blank\">Mon Actu<\/a>.<\/p>\n","protected":false},"excerpt":{"rendered":"Par R\u00e9daction Bordeaux Publi\u00e9 le 4 sept. 2025 \u00e0 11h03 Attention aux voyageurs de Nouvelle-Aquitaine. Plusieurs lignes de&hellip;\n","protected":false},"author":2,"featured_media":138223,"comment_status":"","ping_status":"","sticky":false,"template":"","format":"standard","meta":{"footnotes":""},"categories":[2817],"tags":[1111,11,1997,3542,1777,674,1011,27,12,2219,25,2215,104,2086],"class_list":{"0":"post-371660","1":"post","2":"type-post","3":"status-publish","4":"format-standard","5":"has-post-thumbnail","7":"category-bordeaux","8":"tag-actu","9":"tag-actualites","10":"tag-bordeaux","11":"tag-circulation","12":"tag-eu","13":"tag-europe","14":"tag-fr","15":"tag-france","16":"tag-news","17":"tag-nouvelle-aquitaine","18":"tag-republique-francaise","19":"tag-sncf","20":"tag-societe","21":"tag-travaux"},"share_on_mastodon":{"url":"https:\/\/pubeurope.com\/@fr\/115159789968739915","error":""},"_links":{"self":[{"href":"https:\/\/www.europesays.com\/fr\/wp-json\/wp\/v2\/posts\/371660","targetHints":{"allow":["GET"]}}],"collection":[{"href":"https:\/\/www.europesays.com\/fr\/wp-json\/wp\/v2\/posts"}],"about":[{"href":"https:\/\/www.europesays.com\/fr\/wp-json\/wp\/v2\/types\/post"}],"author":[{"embeddable":true,"href":"https:\/\/www.europesays.com\/fr\/wp-json\/wp\/v2\/users\/2"}],"replies":[{"embeddable":true,"href":"https:\/\/www.europesays.com\/fr\/wp-json\/wp\/v2\/comments?post=371660"}],"version-history":[{"count":0,"href":"https:\/\/www.europesays.com\/fr\/wp-json\/wp\/v2\/posts\/371660\/revisions"}],"wp:featuredmedia":[{"embeddable":true,"href":"https:\/\/www.europesays.com\/fr\/wp-json\/wp\/v2\/media\/138223"}],"wp:attachment":[{"href":"https:\/\/www.europesays.com\/fr\/wp-json\/wp\/v2\/media?parent=371660"}],"wp:term":[{"taxonomy":"category","embeddable":true,"href":"https:\/\/www.europesays.com\/fr\/wp-json\/wp\/v2\/categories?post=371660"},{"taxonomy":"post_tag","embeddable":true,"href":"https:\/\/www.europesays.com\/fr\/wp-json\/wp\/v2\/tags?post=371660"}],"curies":[{"name":"wp","href":"https:\/\/api.w.org\/{rel}","templated":true}]}}