{"id":371661,"date":"2025-09-06T22:48:13","date_gmt":"2025-09-06T22:48:13","guid":{"rendered":"https:\/\/www.europesays.com\/fr\/371661\/"},"modified":"2025-09-06T22:48:13","modified_gmt":"2025-09-06T22:48:13","slug":"un-point-de-bonus-a-bordeaux","status":"publish","type":"post","link":"https:\/\/www.europesays.com\/fr\/371661\/","title":{"rendered":"Un point de bonus \u00e0 Bordeaux"},"content":{"rendered":"<p>Le contexte<\/p>\n<p class=\"rtejustify\"><strong>Champions d&rsquo;Europe en titre et finalistes du Top 14 lors du dernier exercice,<\/strong>\u00a0les Bordelais ont r\u00e9alis\u00e9 la saison presque parfaite. D\u00e9faits apr\u00e8s prolongation lors de la finale du Top 14 de l&rsquo;an pass\u00e9, les Girondins restent sur une d\u00e9faite am\u00e8re face aux Toulousains.\u00a0<strong>Vainqueurs \u00e0 deux reprises face aux Angoumoisins (14-29) puis devant le\u00a0promu montalbanais (28-35),\u00a0<\/strong>l&rsquo;UBB r\u00e9alise une bonne pr\u00e9-saison et compte dans ses rangs des renforts de taille comme Cameron Woki, Boris Palu, Ga\u00ebtan Barlot ou encore Salesi Rayasi. C&rsquo;est donc une \u00e9quipe forte et confiante qui accueillera les maritimes pour ce lancement de la saison 2025\/2026.<\/p>\n<p class=\"rtejustify\"><strong>C\u00f4t\u00e9 rochelais, la saison derni\u00e8re fut plus compliqu\u00e9e.\u00a0<\/strong>\u00c9limin\u00e9s en huiti\u00e8me de Champions Cup\u00a0face au Munster, les hommes de Ronan O&rsquo;Gara ont termin\u00e9 le championnat \u00e0 la septi\u00e8me place, passant \u00e0 c\u00f4t\u00e9 des phases finales.\u00a0<strong>Avec un exercice pr\u00e9c\u00e9dent en demi-teinte, les Rochelais comptent bien redresser le cap cette saison<\/strong>\u00a0et restent sur une belle victoire contre les Palois sur la pelouse de Mont-de-Marsan (42-21). Un gros d\u00e9placement et un gros d\u00e9fi, de quoi parfaitement lancer les hostilit\u00e9s.<\/p>\n<p>Le match<\/p>\n<p class=\"rtejustify\">D\u00e8s l\u2019entame, le terrain se disputait. Et \u00e0 ce jeu, ce sont nos Rochelais qui gagnaient l\u2019occupation. C\u2019est en s\u2019acharnant dans les 22 m\u00e8tres que Bordeaux conc\u00e9dait la premi\u00e8re faute. En face, <strong>Antoine Hastoy<\/strong> indiquait les perches pour inscrire les trois premiers points du match (0-3, 8&prime;). Mais Bordeaux, au rendez-vous aussi, r\u00e9agit d\u00e8s le renvoi sur une bonne pression du pack d\u2019avants. \u00c0 la faute Mathieu Jalibert \u00e9galisait sur p\u00e9nalit\u00e9 (3-3, 11&prime;).\u00a0Les deux \u00e9quipes se rendaient coup pour coup. Et c\u2019est notre centre, <strong>Dillyn Leyds<\/strong>, qui, sur un d\u00e9calage <strong>d\u2019Antoine Hastoy<\/strong>, trouvait l\u2019intervalle pour finir dans l\u2019en-but. Essai cependant refus\u00e9 pour un \u00e9cran.<\/p>\n<p class=\"rtejustify\">Les vingt derni\u00e8res minutes sont tout autant disput\u00e9es.\u00a0Bordeaux r\u00e9agissait, et <strong>Nicolas Depoortere <\/strong>semblait inscrire un essai sous les perches, mais h\u00e9ro\u00efque, notre d\u00e9fense men\u00e9e par <strong>Jonathan Danty<\/strong> faisait commettre un en-avant \u00e0 son vis-\u00e0-vis.\u00a0Bordeaux poussait\u00a0encore et <strong>Matthieu Jalibert<\/strong> passait\u00a0trois nouveaux points, pour donner l\u2019avantage aux champions d\u2019Europe (6-3, 33&prime;). Les Jaune et Noir, occupaient\u00a0 de nouveau le camp adverse\u2026 avant de voir\u00a0<strong>Martin Page-Relo<\/strong> conclure. Mais l\u2019essai \u00e9tait une nouvelle fois refus\u00e9, pour un en-avant dans le ruck. Mi-temps siffl\u00e9e et\u00a0Bordeaux m\u00e8nait\u00a0\u00e0 la pause (6-3, 40&prime;).\u00a0<\/p>\n<p class=\"rtejustify\">\u00c0 la reprise, le match restait ferm\u00e9. <strong>Antoine Hastoy <\/strong>tentait le drop d\u00e8s la 42\u00e8me minute, sans succ\u00e8s. Trois minutes plus tard, les joueurs de l&rsquo;Union\u00a0insistaient et <strong>Matthieu\u00a0Jalibert <\/strong>trouvait\u00a0<strong>Louis Bielle-Biarrey<\/strong>, qui filait aplatir (11-3, 46&prime;). Transformation r\u00e9ussie (13-3, 46&prime;). Mais nos Rochelais avaient du caract\u00e8re \u00e0 l&rsquo;image\u00a0jeune <strong>Louis Penverne<\/strong>\u00a0qui per\u00e7ait, et <strong>Antoine Hastoy<\/strong> d\u00e9posait une splendide passe au pied pour notre centre <strong>Jules Favre <\/strong>(11-8, 49&prime;). Essai non transform\u00e9. <strong>Matthieu Jalibert<\/strong>, en r\u00e9ussite, ajoutait trois points de plus\u00a0(16-8, 53&prime;). Quelques minutes plus tard, les Girondins creusaient encore l\u2019\u00e9cart avec un essai transform\u00e9 de <strong>Martin Page-Relo <\/strong>(23-8, 61&prime;).<\/p>\n<p class=\"rtejustify\">\u00c0 l\u2019heure de jeu, le score n\u2019\u00e9voluait plus. Et force de caract\u00e8re une interception de <strong>Nolan Le Garrec <\/strong>sur Cameron Woki dans le couloir gauche redonnait de l\u2019espoir. L\u2019action semblait partie au bout, mais il \u00e9tait rattrap\u00e9 juste devant la ligne. Un soup\u00e7on de r\u00e9volte ? Oui, \u00e0 une minute de la fin de la rencontre, nos Maritimes insistaient et <strong>Nolan Le Garrec<\/strong> se mettait en lumi\u00e8re, et l\u2019action aboutissait\u00a0avec un essai de <strong>Thomas Berjon<\/strong> (23-15, 79&prime;). De quoi relancer l\u2019espoir, mais il reste peu de temps. Jusqu\u2019au bout, nos Rochelais n\u2019ont rien l\u00e2ch\u00e9. Apr\u00e8s la sir\u00e8ne, <strong>Antoine Hastoy<\/strong> arrachit\u00a0m\u00eame le bonus d\u00e9fensif sur une p\u00e9nalit\u00e9 (23-18, 80&prime;). Un dernier effort qui vient r\u00e9compenser le caract\u00e8re combatif du groupe durant cette partie, malgr\u00e9 la d\u00e9faite de ce soir (23-18, 80&prime;).<\/p>\n<p>La suite<\/p>\n<p class=\"rtejustify\">Rendez-vous le\u00a0<strong>samedi 13 septembre<\/strong> prochain, \u00e0 domicile, au Stade Marcel-Deflandre. Les Jaune et Noir recevront l&rsquo;ASM, <strong>coup d\u2019envoi \u00e0 16h30<\/strong>. L\u2019occasion de vous retrouver, amis supporters !<\/p>\n","protected":false},"excerpt":{"rendered":"Le contexte Champions d&rsquo;Europe en titre et finalistes du Top 14 lors du dernier exercice,\u00a0les Bordelais ont r\u00e9alis\u00e9&hellip;\n","protected":false},"author":2,"featured_media":371662,"comment_status":"","ping_status":"","sticky":false,"template":"","format":"standard","meta":{"footnotes":""},"categories":[2817],"tags":[1111,11,1997,1777,674,1011,27,12,2219,25],"class_list":{"0":"post-371661","1":"post","2":"type-post","3":"status-publish","4":"format-standard","5":"has-post-thumbnail","7":"category-bordeaux","8":"tag-actu","9":"tag-actualites","10":"tag-bordeaux","11":"tag-eu","12":"tag-europe","13":"tag-fr","14":"tag-france","15":"tag-news","16":"tag-nouvelle-aquitaine","17":"tag-republique-francaise"},"share_on_mastodon":{"url":"https:\/\/pubeurope.com\/@fr\/115159793929161597","error":""},"_links":{"self":[{"href":"https:\/\/www.europesays.com\/fr\/wp-json\/wp\/v2\/posts\/371661","targetHints":{"allow":["GET"]}}],"collection":[{"href":"https:\/\/www.europesays.com\/fr\/wp-json\/wp\/v2\/posts"}],"about":[{"href":"https:\/\/www.europesays.com\/fr\/wp-json\/wp\/v2\/types\/post"}],"author":[{"embeddable":true,"href":"https:\/\/www.europesays.com\/fr\/wp-json\/wp\/v2\/users\/2"}],"replies":[{"embeddable":true,"href":"https:\/\/www.europesays.com\/fr\/wp-json\/wp\/v2\/comments?post=371661"}],"version-history":[{"count":0,"href":"https:\/\/www.europesays.com\/fr\/wp-json\/wp\/v2\/posts\/371661\/revisions"}],"wp:featuredmedia":[{"embeddable":true,"href":"https:\/\/www.europesays.com\/fr\/wp-json\/wp\/v2\/media\/371662"}],"wp:attachment":[{"href":"https:\/\/www.europesays.com\/fr\/wp-json\/wp\/v2\/media?parent=371661"}],"wp:term":[{"taxonomy":"category","embeddable":true,"href":"https:\/\/www.europesays.com\/fr\/wp-json\/wp\/v2\/categories?post=371661"},{"taxonomy":"post_tag","embeddable":true,"href":"https:\/\/www.europesays.com\/fr\/wp-json\/wp\/v2\/tags?post=371661"}],"curies":[{"name":"wp","href":"https:\/\/api.w.org\/{rel}","templated":true}]}}