{"id":371665,"date":"2025-09-06T22:50:10","date_gmt":"2025-09-06T22:50:10","guid":{"rendered":"https:\/\/www.europesays.com\/fr\/371665\/"},"modified":"2025-09-06T22:50:10","modified_gmt":"2025-09-06T22:50:10","slug":"toulouse-de-bons-resultats-pour-le-plan-de-mixite-sociale-en-haute-garonne","status":"publish","type":"post","link":"https:\/\/www.europesays.com\/fr\/371665\/","title":{"rendered":"TOULOUSE : De bons r\u00e9sultats pour le plan de mixit\u00e9 sociale en Haute-Garonne"},"content":{"rendered":"<p class=\"ql-align-justify\">Le premier bilan de ce dispositif 2022 notait que le taux de r\u00e9ussite au brevet des coll\u00e8ges a augment\u00e9 pour les \u00e9l\u00e8ves concern\u00e9s, 80% contre 66% auparavant. La moiti\u00e9 d\u2019entre eux optent pour des fili\u00e8res technologiques et g\u00e9n\u00e9rales apr\u00e8s la 3\u00e8me. \u00ab\u00a0Beaucoup choisissent de ne pas poursuivre dans leur lyc\u00e9e de secteur et poursuivent \u00e0 Tournefeuille\u00a0\u00bb, constatent encore Jennifer Rigal et Sylvain Selies. Globalement, le bilan est positif.<\/p>\n<p class=\"ql-align-justify\">Pour Isabelle Bertolino, charg\u00e9e de l\u2019\u00e9valuation des politiques publiques \u00e0 la direction de l\u2019\u00e9ducation au Conseil d\u00e9partemental de Haute-Garonne, les retours sont satisfaisants, car au-del\u00e0 des r\u00e9sultats scolaires encourageants, notamment au brevet des coll\u00e8ges et une meilleure orientation apr\u00e8s la 3\u00e8me, la chercheuse observe une socialisation plus diversifi\u00e9e des \u00e9l\u00e8ves concern\u00e9s par ce dispositif.<\/p>\n","protected":false},"excerpt":{"rendered":"Le premier bilan de ce dispositif 2022 notait que le taux de r\u00e9ussite au brevet des coll\u00e8ges a&hellip;\n","protected":false},"author":2,"featured_media":371666,"comment_status":"","ping_status":"","sticky":false,"template":"","format":"standard","meta":{"footnotes":""},"categories":[2816],"tags":[1111,11,1777,674,1011,27,12,2680,25,2312],"class_list":{"0":"post-371665","1":"post","2":"type-post","3":"status-publish","4":"format-standard","5":"has-post-thumbnail","7":"category-toulouse","8":"tag-actu","9":"tag-actualites","10":"tag-eu","11":"tag-europe","12":"tag-fr","13":"tag-france","14":"tag-news","15":"tag-occitanie","16":"tag-republique-francaise","17":"tag-toulouse"},"share_on_mastodon":{"url":"https:\/\/pubeurope.com\/@fr\/115159801675624700","error":""},"_links":{"self":[{"href":"https:\/\/www.europesays.com\/fr\/wp-json\/wp\/v2\/posts\/371665","targetHints":{"allow":["GET"]}}],"collection":[{"href":"https:\/\/www.europesays.com\/fr\/wp-json\/wp\/v2\/posts"}],"about":[{"href":"https:\/\/www.europesays.com\/fr\/wp-json\/wp\/v2\/types\/post"}],"author":[{"embeddable":true,"href":"https:\/\/www.europesays.com\/fr\/wp-json\/wp\/v2\/users\/2"}],"replies":[{"embeddable":true,"href":"https:\/\/www.europesays.com\/fr\/wp-json\/wp\/v2\/comments?post=371665"}],"version-history":[{"count":0,"href":"https:\/\/www.europesays.com\/fr\/wp-json\/wp\/v2\/posts\/371665\/revisions"}],"wp:featuredmedia":[{"embeddable":true,"href":"https:\/\/www.europesays.com\/fr\/wp-json\/wp\/v2\/media\/371666"}],"wp:attachment":[{"href":"https:\/\/www.europesays.com\/fr\/wp-json\/wp\/v2\/media?parent=371665"}],"wp:term":[{"taxonomy":"category","embeddable":true,"href":"https:\/\/www.europesays.com\/fr\/wp-json\/wp\/v2\/categories?post=371665"},{"taxonomy":"post_tag","embeddable":true,"href":"https:\/\/www.europesays.com\/fr\/wp-json\/wp\/v2\/tags?post=371665"}],"curies":[{"name":"wp","href":"https:\/\/api.w.org\/{rel}","templated":true}]}}